{"id":67164,"date":"2025-08-21T17:13:31","date_gmt":"2025-08-22T00:13:31","guid":{"rendered":"https:\/\/elpajaritonews.com\/?p=67164"},"modified":"2025-08-21T17:13:36","modified_gmt":"2025-08-22T00:13:36","slug":"logra-gobernador-durazo-que-sonora-sea-de-los-primeros-beneficiados-con-apoyo-especial-ganadero-de-presidenta-sheinbaum","status":"publish","type":"post","link":"https:\/\/elpajaritonews.com\/?p=67164","title":{"rendered":"LOGRA GOBERNADOR DURAZO QUE SONORA SEA DE LOS PRIMEROS BENEFICIADOS CON APOYO ESPECIAL GANADERO DE PRESIDENTA SHEINBAUM"},"content":{"rendered":"\n<p class=\"wp-block-paragraph\">* El mandatario estatal destac\u00f3 que Sonora ser\u00e1 uno de los tres primeros estados beneficiados con el programa federal de apoyo a ganaderos, impulsado por la presidenta Claudia Sheinbaum dentro del Plan M\u00e9xico.<\/p>\n\n\n\n<p class=\"wp-block-paragraph\">* Se avanza en acuerdos con autoridades de Estados Unidos para reabrir la frontera a la exportaci\u00f3n de ganado, mediante el cumplimiento de indicadores sanitarios que permitan reactivar el comercio binacional.<\/p>\n\n\n\n<p class=\"wp-block-paragraph\">Como resultado del trabajo coordinado del gobernador Alfonso Durazo Monta\u00f1o con el Gobierno de M\u00e9xico, Sonora se convierte en uno de los tres primeros estados beneficiados con el programa especial de apoyo a productores ganaderos, impulsado por la presidenta Claudia Sheinbaum Pardo como parte del Plan M\u00e9xico, estrategia nacional que busca fortalecer la producci\u00f3n de carne y respaldar al sector primario tras el cierre de la frontera con Estados Unidos para la exportaci\u00f3n de ganado.<\/p>\n\n\n\n<p class=\"wp-block-paragraph\">El titular del Ejecutivo estatal subray\u00f3 que, con este programa, se reconoce a Sonora como una entidad l\u00edder en la ganader\u00eda nacional y se garantiza la estabilidad productiva y econ\u00f3mica de miles de familias sonorenses que dependen de esta actividad.<\/p>\n\n\n\n<p class=\"wp-block-paragraph\">\u201cCon el respaldo de la presidenta Sheinbaum estamos trabajando en coordinaci\u00f3n para generar alternativas en beneficio de nuestro gremio ganadero, reconocido en todo el pa\u00eds por su sanidad e inocuidad. Este apoyo federal llega en un momento crucial y asegura la continuidad de la producci\u00f3n de carne en nuestro estado, as\u00ed como la protecci\u00f3n de quienes trabajan en el campo sonorense\u201d, puntualiz\u00f3.<\/p>\n\n\n\n<p class=\"wp-block-paragraph\">El mandatario estatal destac\u00f3 que, durante la reuni\u00f3n de trabajo con la presidenta Sheinbaum y los gobernadores de Coahuila y Durango, se definieron los detalles del programa, el cual contempla acciones integrales para mantener el abasto de carne en el pa\u00eds y reforzar el acompa\u00f1amiento al sector ganadero.<\/p>\n\n\n\n<p class=\"wp-block-paragraph\">Asimismo, respecto al cierre de la frontera para la exportaci\u00f3n de ganado, inform\u00f3 que ya existen avances con autoridades estadounidenses encaminados a su reapertura, mediante acuerdos sobre los indicadores sanitarios que deber\u00e1n cumplirse para reactivar el comercio ganadero binacional.<\/p>\n","protected":false},"excerpt":{"rendered":"<p>* El mandatario estatal destac\u00f3 que Sonora ser\u00e1 uno de los tres primeros estados beneficiados con el programa federal de apoyo a ganaderos, impulsado por la presidenta Claudia Sheinbaum dentro del Plan M\u00e9xico. * Se avanza en acuerdos con autoridades de Estados Unidos para reabrir la frontera a la exportaci\u00f3n de ganado, mediante el cumplimiento&#8230;<\/p>\n","protected":false},"author":2,"featured_media":67165,"comment_status":"closed","ping_status":"closed","sticky":false,"template":"","format":"standard","meta":{"_crdt_document":"","_exactmetrics_skip_tracking":false,"_exactmetrics_sitenote_active":false,"_exactmetrics_sitenote_note":"","_exactmetrics_sitenote_category":0,"footnotes":""},"categories":[17,36,89,26,37,23,38,31,1,27,69],"tags":[71,72,74,76,28,75,30],"class_list":["post-67164","post","type-post","status-publish","format-standard","has-post-thumbnail","hentry","category-arizona","category-economia","category-estados-unidos","category-local","category-medio-ambiente","category-mexico","category-migracion","category-politica","category-seguridad","category-sonora","category-ultimas-noticias","tag-alfonso-durazo","tag-claudia-sheinbaum","tag-hermosillo","tag-medio-ambiente","tag-nogales","tag-seguridad-publica","tag-sonora-tierra-de-oportunidades"],"_links":{"self":[{"href":"https:\/\/elpajaritonews.com\/index.php?rest_route=\/wp\/v2\/posts\/67164","targetHints":{"allow":["GET"]}}],"collection":[{"href":"https:\/\/elpajaritonews.com\/index.php?rest_route=\/wp\/v2\/posts"}],"about":[{"href":"https:\/\/elpajaritonews.com\/index.php?rest_route=\/wp\/v2\/types\/post"}],"author":[{"embeddable":true,"href":"https:\/\/elpajaritonews.com\/index.php?rest_route=\/wp\/v2\/users\/2"}],"replies":[{"embeddable":true,"href":"https:\/\/elpajaritonews.com\/index.php?rest_route=%2Fwp%2Fv2%2Fcomments&post=67164"}],"version-history":[{"count":1,"href":"https:\/\/elpajaritonews.com\/index.php?rest_route=\/wp\/v2\/posts\/67164\/revisions"}],"predecessor-version":[{"id":67166,"href":"https:\/\/elpajaritonews.com\/index.php?rest_route=\/wp\/v2\/posts\/67164\/revisions\/67166"}],"wp:featuredmedia":[{"embeddable":true,"href":"https:\/\/elpajaritonews.com\/index.php?rest_route=\/wp\/v2\/media\/67165"}],"wp:attachment":[{"href":"https:\/\/elpajaritonews.com\/index.php?rest_route=%2Fwp%2Fv2%2Fmedia&parent=67164"}],"wp:term":[{"taxonomy":"category","embeddable":true,"href":"https:\/\/elpajaritonews.com\/index.php?rest_route=%2Fwp%2Fv2%2Fcategories&post=67164"},{"taxonomy":"post_tag","embeddable":true,"href":"https:\/\/elpajaritonews.com\/index.php?rest_route=%2Fwp%2Fv2%2Ftags&post=67164"}],"curies":[{"name":"wp","href":"https:\/\/api.w.org\/{rel}","templated":true}]}}