{"id":67171,"date":"2025-08-21T18:58:49","date_gmt":"2025-08-22T01:58:49","guid":{"rendered":"https:\/\/elpajaritonews.com\/?p=67171"},"modified":"2025-08-21T18:58:53","modified_gmt":"2025-08-22T01:58:53","slug":"no-puede-haber-division-social-ni-territorial-en-las-ciudades-y-pidio-evitar-visiones-exclusivas-de-zonas-con-alta-plusvalia-sheinbaum-a-vecinos-del-sector-poniente-de-he","status":"publish","type":"post","link":"https:\/\/elpajaritonews.com\/?p=67171","title":{"rendered":"\u201cNO PUEDE HABER DIVISI\u00d3N SOCIAL NI TERRITORIAL, EN LAS CIUDADES Y PIDI\u00d3 EVITAR VISIONES EXCLUSIVAS DE ZONAS CON \u201cALTA PLUSVAL\u00cdA\u201d : SHEINBAUM A VECINOS DEL SECTOR PONIENTE DE HERMOSILLO"},"content":{"rendered":"\n<p class=\"wp-block-paragraph\">Vecinos del sector poniente de Hermosillo, de colonias como Basalto, Mediterr\u00e1neo, Altozano, Rivello, Corceles y Las Provincias, solicitaron p\u00fablicamente a las autoridades reubicar el proyecto de construcci\u00f3n de viviendas del Bienestar, previsto para desarrollarse en su zona.<\/p>\n\n\n\n<p class=\"wp-block-paragraph\">Aclararon que no est\u00e1n en contra del proyecto en s\u00ed, sino de la ubicaci\u00f3n propuesta, la cual, afirman, \u201cpodr\u00eda dificultar la integraci\u00f3n plena y equitativa de las familias\u201d.<\/p>\n\n\n\n<p class=\"wp-block-paragraph\">En un comunicado emitido este jueves, los residentes afirmaron ser conscientes de la urgencia de ofrecer vivienda digna a quienes m\u00e1s lo necesitan, y reconocieron el valor social del programa federal conocido como CADAM, parte del Programa Nacional de Vivienda. Sin embargo, pidieron que se eval\u00fae su desarrollo en un \u00e1rea mejor preparada, con servicios b\u00e1sicos como agua, electricidad, transporte p\u00fablico, vialidades adecuadas y equipamiento urbano.<\/p>\n\n\n\n<p class=\"wp-block-paragraph\">\u201cEl terreno designado actualmente carece de la infraestructura necesaria para un desarrollo de esta magnitud\u201d<\/p>\n\n\n\n<p class=\"wp-block-paragraph\">Respuesta a Claudia Sheinbaum<\/p>\n\n\n\n<p class=\"wp-block-paragraph\">Tras las declaraciones de la presidenta Claudia Sheinbaum, quien asegur\u00f3 que \u201cno puede haber divisi\u00f3n social ni territorial\u201d en las ciudades y pidi\u00f3 evitar visiones exclusivas de zonas con \u201calta plusval\u00eda\u201d, los vecinos respondieron que su objetivo no es dividir, sino encontrar una alternativa viable y justa.<\/p>\n\n\n\n<figure class=\"wp-block-embed is-type-rich is-provider-twitter wp-block-embed-twitter\"><div class=\"wp-block-embed__wrapper\">\n<blockquote class=\"twitter-tweet\" data-width=\"550\" data-dnt=\"true\"><p lang=\"es\" dir=\"ltr\">&quot;No puede haber divisi\u00f3n territorial de &#39;aqu\u00ed viven los ricos y aqu\u00ed los pobres&#39;&quot;, dice <a href=\"https:\/\/twitter.com\/Claudiashein?ref_src=twsrc%5Etfw\">@Claudiashein<\/a>  sobre protestas contra viviendas del <a href=\"https:\/\/twitter.com\/bienestarmx?ref_src=twsrc%5Etfw\">@bienestarmx<\/a>  en <a href=\"https:\/\/twitter.com\/hashtag\/Hermosillo?src=hash&amp;ref_src=twsrc%5Etfw\">#Hermosillo<\/a>. <a href=\"https:\/\/twitter.com\/AlfonsoDurazo?ref_src=twsrc%5Etfw\">@AlfonsoDurazo<\/a>  <a href=\"https:\/\/twitter.com\/FernandoRVM?ref_src=twsrc%5Etfw\">@FernandoRVM<\/a> <a href=\"https:\/\/twitter.com\/OctavioAlmada1?ref_src=twsrc%5Etfw\">@OctavioAlmada1<\/a> <a href=\"https:\/\/twitter.com\/Infonavit?ref_src=twsrc%5Etfw\">@Infonavit<\/a> <a href=\"https:\/\/twitter.com\/viniciosanchez?ref_src=twsrc%5Etfw\">@viniciosanchez<\/a> <a href=\"https:\/\/t.co\/46e2XTKHV7\">pic.twitter.com\/46e2XTKHV7<\/a><\/p>&mdash; PajaritoNews (@elpajaritonews) <a href=\"https:\/\/twitter.com\/elpajaritonews\/status\/1958600285456409025?ref_src=twsrc%5Etfw\">August 21, 2025<\/a><\/blockquote><script async src=\"https:\/\/platform.twitter.com\/widgets.js\" charset=\"utf-8\"><\/script>\n<\/div><\/figure>\n\n\n\n<p class=\"wp-block-paragraph\">\u201cProponemos con respeto y sensibilidad reubicar el proyecto a una zona m\u00e1s preparada. No se trata de excluir a nadie, sino de asegurar condiciones adecuadas tanto para los nuevos vecinos como para los actuales\u201d<\/p>\n\n\n\n<p class=\"wp-block-paragraph\">Convocan a reuni\u00f3n p\u00fablica<\/p>\n\n\n\n<p class=\"wp-block-paragraph\">Los residentes convocaron a los secretarios del Bienestar y del Gobierno de Sonora a una reuni\u00f3n p\u00fablica este mismo jueves 21 de agosto, a las 5:30 pm en el estadio Fernando Valenzuela (busto de H\u00e9ctor Espino), para dialogar y buscar una soluci\u00f3n consensuada.<\/p>\n\n\n\n<p class=\"wp-block-paragraph\">\u201cAgradecemos la apertura al di\u00e1logo de los funcionarios estatales y confiamos en que, sumando esfuerzos entre gobierno, sociedad civil y ciudadanos, podremos encontrar soluciones t\u00e9cnicas y sociales que beneficien a todos\u201d<\/p>\n\n\n\n<p class=\"wp-block-paragraph\">Ante las protestas, el secretario de Gobierno de Sonora, Adolfo Salazar Razo, afirm\u00f3 en entrevista con Proyecto Puente que la administraci\u00f3n estatal no impondr\u00e1 el proyecto si genera afectaciones.<\/p>\n\n\n\n<p class=\"wp-block-paragraph\">\u201cEste proyecto no lo vamos a hacer a partir de tener afectaciones a un sector de la poblaci\u00f3n\u201d, asegur\u00f3, y adelant\u00f3 que se reunir\u00e1n con los residentes para escuchar sus argumentos.<\/p>\n\n\n\n<p class=\"wp-block-paragraph\">Mientras tanto, tanto autoridades federales como estatales han reiterado su disposici\u00f3n al di\u00e1logo abierto para revisar la viabilidad del proyecto y atender las inquietudes de la comunidad.<\/p>\n","protected":false},"excerpt":{"rendered":"<p>Vecinos del sector poniente de Hermosillo, de colonias como Basalto, Mediterr\u00e1neo, Altozano, Rivello, Corceles y Las Provincias, solicitaron p\u00fablicamente a las autoridades reubicar el proyecto de construcci\u00f3n de viviendas del Bienestar, previsto para desarrollarse en su zona. Aclararon que no est\u00e1n en contra del proyecto en s\u00ed, sino de la ubicaci\u00f3n propuesta, la cual, afirman,&#8230;<\/p>\n","protected":false},"author":2,"featured_media":67172,"comment_status":"closed","ping_status":"closed","sticky":false,"template":"","format":"standard","meta":{"_crdt_document":"","_exactmetrics_skip_tracking":false,"_exactmetrics_sitenote_active":false,"_exactmetrics_sitenote_note":"","_exactmetrics_sitenote_category":0,"footnotes":""},"categories":[80,36,88,26,23,31,1,27,69],"tags":[71,72,74,76,28,75,30],"class_list":["post-67171","post","type-post","status-publish","format-standard","has-post-thumbnail","hentry","category-derechos-humanos","category-economia","category-justicia","category-local","category-mexico","category-politica","category-seguridad","category-sonora","category-ultimas-noticias","tag-alfonso-durazo","tag-claudia-sheinbaum","tag-hermosillo","tag-medio-ambiente","tag-nogales","tag-seguridad-publica","tag-sonora-tierra-de-oportunidades"],"_links":{"self":[{"href":"https:\/\/elpajaritonews.com\/index.php?rest_route=\/wp\/v2\/posts\/67171","targetHints":{"allow":["GET"]}}],"collection":[{"href":"https:\/\/elpajaritonews.com\/index.php?rest_route=\/wp\/v2\/posts"}],"about":[{"href":"https:\/\/elpajaritonews.com\/index.php?rest_route=\/wp\/v2\/types\/post"}],"author":[{"embeddable":true,"href":"https:\/\/elpajaritonews.com\/index.php?rest_route=\/wp\/v2\/users\/2"}],"replies":[{"embeddable":true,"href":"https:\/\/elpajaritonews.com\/index.php?rest_route=%2Fwp%2Fv2%2Fcomments&post=67171"}],"version-history":[{"count":1,"href":"https:\/\/elpajaritonews.com\/index.php?rest_route=\/wp\/v2\/posts\/67171\/revisions"}],"predecessor-version":[{"id":67173,"href":"https:\/\/elpajaritonews.com\/index.php?rest_route=\/wp\/v2\/posts\/67171\/revisions\/67173"}],"wp:featuredmedia":[{"embeddable":true,"href":"https:\/\/elpajaritonews.com\/index.php?rest_route=\/wp\/v2\/media\/67172"}],"wp:attachment":[{"href":"https:\/\/elpajaritonews.com\/index.php?rest_route=%2Fwp%2Fv2%2Fmedia&parent=67171"}],"wp:term":[{"taxonomy":"category","embeddable":true,"href":"https:\/\/elpajaritonews.com\/index.php?rest_route=%2Fwp%2Fv2%2Fcategories&post=67171"},{"taxonomy":"post_tag","embeddable":true,"href":"https:\/\/elpajaritonews.com\/index.php?rest_route=%2Fwp%2Fv2%2Ftags&post=67171"}],"curies":[{"name":"wp","href":"https:\/\/api.w.org\/{rel}","templated":true}]}}