{"id":67179,"date":"2025-08-22T00:11:06","date_gmt":"2025-08-22T07:11:06","guid":{"rendered":"https:\/\/elpajaritonews.com\/?p=67179"},"modified":"2025-08-22T00:11:09","modified_gmt":"2025-08-22T07:11:09","slug":"el-conflicto-en-el-poniente-de-hermosillovecinos-afirman-no-conocen-el-proyecto-aun","status":"publish","type":"post","link":"https:\/\/elpajaritonews.com\/?p=67179","title":{"rendered":"EL CONFLICTO EN EL PONIENTE DE HERMOSILLO,VECINOS AFIRMAN NO CONOCEN EL PROYECTO AUN"},"content":{"rendered":"\n<p class=\"wp-block-paragraph\">EL CONFLICTO EN EL PONIENTE DE HERMOSILLO, UNA BARRERA DEL DESARROLLO SOCIAL, LAS PLUSVAL\u00cdAS, LAS CLASES SOCIALES EN CONFLICTO, REDES SOCIALES O CLASISMO NO RECONOCIDO:&nbsp;<\/p>\n\n\n\n<p class=\"wp-block-paragraph\">Por Vinicio Sanchez<\/p>\n\n\n\n<p class=\"wp-block-paragraph\">El gobernador Alfonso Durazo dio el banderazo de la construcci\u00f3n dio el banderazo de inicio de obra en el predio CADAM, donde se proyecta la construcci\u00f3n de m\u00e1s de mil 450 viviendas.<\/p>\n\n\n\n<p class=\"wp-block-paragraph\">Durazo asumi\u00f3 este compromiso como prioridad, convencido de que el bienestar de una familia siempre comienza en el hogar.<\/p>\n\n\n\n<p class=\"wp-block-paragraph\">El Proyecto forma parte del Programa de Vivienda para el Bienestar, impulsado por nuestra presidenta, la Presidenta de la Rep\u00fablica, con un objetivo profundamente justo: garantizar el derecho a una vivienda digna y priorizar a quienes m\u00e1s lo necesitan.<\/p>\n\n\n\n<figure class=\"wp-block-image size-full\"><img loading=\"lazy\" decoding=\"async\" width=\"1024\" height=\"682\" src=\"https:\/\/elpajaritonews.com\/wp-content\/uploads\/2025\/08\/Gyq6H9_WUAU32jo-1024x682-2.jpg\" alt=\"\" class=\"wp-image-67180\" srcset=\"https:\/\/elpajaritonews.com\/wp-content\/uploads\/2025\/08\/Gyq6H9_WUAU32jo-1024x682-2.jpg 1024w, https:\/\/elpajaritonews.com\/wp-content\/uploads\/2025\/08\/Gyq6H9_WUAU32jo-1024x682-2-300x200.jpg 300w, https:\/\/elpajaritonews.com\/wp-content\/uploads\/2025\/08\/Gyq6H9_WUAU32jo-1024x682-2-768x512.jpg 768w, https:\/\/elpajaritonews.com\/wp-content\/uploads\/2025\/08\/Gyq6H9_WUAU32jo-1024x682-2-600x400.jpg 600w\" sizes=\"auto, (max-width: 1024px) 100vw, 1024px\" \/><\/figure>\n\n\n\n<p class=\"wp-block-paragraph\">Esto caus\u00f3 un efecto social que puso a debate, a discusi\u00f3n, a polemizar, a specular, las redes sociales hablaron, algunos hermosillenses del se manifestaron en contra de la construcci\u00f3n de vivienda, llamada por ellos de \u201cinter\u00e9s social\u201d, unas casas para unas personas que no tiene casa que son una muy buena cantidad de personas.<\/p>\n\n\n\n<p class=\"wp-block-paragraph\">Personas del pueblo hermosillense, sonorense o mexicano, los Pononienses son vecinos de colonias como Basalto, Mediterr\u00e1neo, Altozano, Rivello, Corceles y Las Provincias.<\/p>\n\n\n\n<p class=\"wp-block-paragraph\">Desde el martes 19 de agosto, manifestaron su rechazo al desarrollo habitacional conocido como CADAM, parte del Programa Nacional de Vivienda impulsado por el Gobierno Federal.<\/p>\n\n\n\n<p class=\"wp-block-paragraph\">Sus argumentos son los siguientes:<\/p>\n\n\n\n<ol class=\"wp-block-list\">\n<li>Las dependencias de ordenamiento territorial y desarrollo urbano act\u00faan sin consultar a los vecinos.<\/li>\n<\/ol>\n\n\n\n<p class=\"wp-block-paragraph\">&nbsp;&nbsp;&nbsp;&nbsp;&nbsp;&nbsp;2. Violan su propia misi\u00f3n de planeaci\u00f3n y administraci\u00f3n (\u2026) Exigimos la cancelaci\u00f3n inmediata<\/p>\n\n\n\n<p class=\"wp-block-paragraph\">&nbsp;&nbsp;&nbsp;&nbsp;&nbsp;&nbsp;&nbsp;3. Impactar\u00eda negativamente en la movilidad, la seguridad, el medio ambiente y la calidad de vida en la zona poniente de la capital sonorense.<\/p>\n\n\n\n<p class=\"wp-block-paragraph\">Al revisar sus demandas, su exigencias tuvimos que hacer un an\u00e1lisis de opini\u00f3n y m\u00e1s que todo en redes sociales.<\/p>\n\n\n\n<p class=\"wp-block-paragraph\">1.Primera demanda: \u201cLas dependencias de ordenamiento territorial y desarrollo urbano act\u00faan sin consultar a los vecinos\u201d. Si esos funcionarios no demuestran capacidad de cumplir su trabajo, habr\u00eda que removerlos o que cumplan con su trabajo, tiene soluci\u00f3n que empiece la negociaci\u00f3n informada y con respeto mutuo y con la ley como ente principal negociador.Existen mecanismo democr\u00e1ticos para la toma de decisiones pero&nbsp; eso ya depender\u00e1 de ambas partes.<\/p>\n\n\n\n<p class=\"wp-block-paragraph\">2.La segunda demanda: \u00abViolan su propia misi\u00f3n de planeaci\u00f3n y administraci\u00f3n (\u2026) Exigimos la cancelaci\u00f3n inmediata\u00bb. Hay que presentar las pruebas de presunta violacion de la misi\u00f3n de planeaci\u00f3n y administraci\u00f3n. No se puede cancelar pero puede seguir la negociaci\u00f3n, justificaci\u00f3n&nbsp; y explicaci\u00f3n del proyecto.<\/p>\n\n\n\n<p class=\"wp-block-paragraph\">3.La \u00faltima y tercera demanda: \u201cImpactar\u00eda negativamente en la movilidad, la seguridad, el medio ambiente y la calidad de vida en la zona poniente de la capital sonorense\u201d.<\/p>\n\n\n\n<p class=\"wp-block-paragraph\">Haber, primero que nada, \u00bfporque impactar\u00eda negativamente en la movilidad?, siempre, pero siempre cuando construyes algo, l\u00f3gico, impactar\u00eda negativamente en la movilidad.<\/p>\n\n\n\n<p class=\"wp-block-paragraph\">La Seguridad, en muchas de las colonias de todo Hermosillo nos afecta la inseguridad, las colonias como Basalto, Mediterr\u00e1neo, Altozano, Rivello, Corceles y Las Provincias, hoy en dia no estan exentas de la inseguridad, es parte de Hermosillo y si hoy es una colonia o sector tranquilo, hay que apoyar al que no tienen oportunidad de una vida digna, una casa como le llaman de \u00abInteres Social\u00bb, hoy los pocos vecinos que con justa razon de expresar su desacuerdo, con respecto a que ese grupo se siente vulnerabre a la inseguridad, que un ayuntamiento incompetente solo ha generado pobreza y ha empoderado a una sola clase.<\/p>\n\n\n\n<p class=\"wp-block-paragraph\">La gente que vive all\u00ed hoy no est\u00e1 loca, no es clasista, quiere di\u00e1logo, esperaron a las autoridades, dijeron su mensaje y fueron cuestionados por la prensa, el portavoz Rafael Flores, dijo que no era un tema de clasismo, agradeci\u00f3 al Gobernador y pidi\u00f3 di\u00e1logo, no se trata de una divisi\u00f3n acus\u00f3 con todo respeto a lo que dijo la presidenta de M\u00e9xico:<\/p>\n\n\n\n<figure class=\"wp-block-image size-full\"><img loading=\"lazy\" decoding=\"async\" width=\"645\" height=\"332\" src=\"https:\/\/elpajaritonews.com\/wp-content\/uploads\/2025\/08\/hjjhhjhjjj-3.jpg\" alt=\"\" class=\"wp-image-67181\" srcset=\"https:\/\/elpajaritonews.com\/wp-content\/uploads\/2025\/08\/hjjhhjhjjj-3.jpg 645w, https:\/\/elpajaritonews.com\/wp-content\/uploads\/2025\/08\/hjjhhjhjjj-3-300x154.jpg 300w\" sizes=\"auto, (max-width: 645px) 100vw, 645px\" \/><\/figure>\n\n\n\n<p class=\"wp-block-paragraph\">\u00abLa presidenta Claudia Sheinbaum, quien asegur\u00f3 que \u201cno puede haber divisi\u00f3n social ni territorial\u201d en las ciudades y pidi\u00f3 evitar visiones exclusivas de zonas con \u201calta plusval\u00eda\u201d, los vecinos respondieron que su objetivo no es dividir, sino encontrar una alternativa viable y justa\u00bb<\/p>\n\n\n\n<p class=\"wp-block-paragraph\">Eso me lleva al tema del punto 3: \u00abEl medio ambiente y la calidad de vida en la zona poniente de la capital sonorense\u00bb.<br>Ese punto es importantisimo, analicemoslo, el medio ambiente nos corresponde a todos, la autoridad cuando construye algo tan grande como conjunto de viviendas, sean las que sean, tiene sus reglas, procedimientos,claro inclusi\u00f3n de la sociedad, tomar en cuenta a los vecinos, socializar, proponer o imponer, muchas veces imposici\u00f3n desinformada temprana afecta las negociaciones , porque no conoce el plan completamente, en las declaraciones todos consideraron no conocer el proyecto, entonces hay que informarse y eso no es malo, pero no dejan de hablar la ubicaci\u00f3n de la obra, no va dicen los manifestantes.<\/p>\n\n\n\n<p class=\"wp-block-paragraph\">Lo sorprendente es que un manifestante afirm\u00f3 que nadie conoce el proyecto, que solo saben que est\u00e1n trabajando moviendo tierra y que desconoce si tienen permiso, pero pregunt\u00f3 a todos tajantemente \u00abY no sabemos,el proyecto, ustedes lo han visto?\u00bbEntonces estamos en el aire\u00bb.<\/p>\n\n\n\n<figure class=\"wp-block-video\"><video height=\"1080\" style=\"aspect-ratio: 1920 \/ 1080;\" width=\"1920\" controls src=\"https:\/\/elpajaritonews.com\/wp-content\/uploads\/2025\/08\/gyhdgd.mp4\"><\/video><\/figure>\n\n\n\n<p class=\"wp-block-paragraph\">Los funcionarios que dicen:<\/p>\n\n\n\n<ol class=\"wp-block-list\">\n<li>Las dependencias de ordenamiento territorial y desarrollo urbano act\u00faan sin consultar a los vecinos.<\/li>\n<\/ol>\n\n\n\n<p class=\"wp-block-paragraph\">&nbsp;&nbsp;&nbsp;&nbsp;&nbsp;&nbsp;2. Violan su propia misi\u00f3n de planeaci\u00f3n y administraci\u00f3n (\u2026) Exigimos la cancelaci\u00f3n inmediata<\/p>\n\n\n\n<p class=\"wp-block-paragraph\">Quieren que vuelvan para negociar dijo el vocero, pero no dieron asistir.<\/p>\n\n\n\n<figure class=\"wp-block-image size-large\"><img loading=\"lazy\" decoding=\"async\" width=\"1024\" height=\"523\" src=\"https:\/\/elpajaritonews.com\/wp-content\/uploads\/2025\/08\/ijij-1024x523.jpg\" alt=\"\" class=\"wp-image-67183\" srcset=\"https:\/\/elpajaritonews.com\/wp-content\/uploads\/2025\/08\/ijij-1024x523.jpg 1024w, https:\/\/elpajaritonews.com\/wp-content\/uploads\/2025\/08\/ijij-300x153.jpg 300w, https:\/\/elpajaritonews.com\/wp-content\/uploads\/2025\/08\/ijij-768x392.jpg 768w, https:\/\/elpajaritonews.com\/wp-content\/uploads\/2025\/08\/ijij-1536x784.jpg 1536w, https:\/\/elpajaritonews.com\/wp-content\/uploads\/2025\/08\/ijij.jpg 1837w\" sizes=\"auto, (max-width: 1024px) 100vw, 1024px\" \/><\/figure>\n\n\n\n<p class=\"wp-block-paragraph\">A mi me mueve mucho que no conozcas algo y tu primera reacci\u00f3n es, si no lo conozco est\u00e1 mal, pero no tiene nada de malo somos humanos, lo importante yo pienso en lo personal, es primero temerle a algo que no conoces, que bueno que sigue la cordura en este caso los vecinos est\u00e1n en la posici\u00f3n de dialogar.<\/p>\n\n\n\n<p class=\"wp-block-paragraph\">Pero qu\u00e9 pasa si esto resulta mejor de lo que lo imaginan, no nos equivoquemos en pensar que un prejuicio estupido nos divida en la lucha de nuestros derechos, nuestros principios, vivir como comunidad libre es algo que tenemos los sonorenses, ayudemos a la clase trabajadora, la que no es rica pero es honesta, no nos insultemos, no caigamos en la fantas\u00eda de que somos diferentes, desarrollo trae de la mano bienestar, paz, esta tierra es de todos, si hacen falta escuelas, hagamoslas, si necesitamos \u00e1reas verdes hag\u00e1moslas, si necesitamos seguridad, cuid\u00e9monos y exijamoslo juntos, por toda la ciudad, defendamos a los que a\u00fan no est\u00e1n en esa zona. Juntos podemos dejar las diferencias y construir un mundo m\u00e1s incluyente, bonito, tranquilo, eso no se gana etiquetando a nuestros hermanos mexicanos.<\/p>\n\n\n\n<p class=\"wp-block-paragraph\">Fuente:<\/p>\n\n\n\n<p class=\"wp-block-paragraph\"><a href=\"https:\/\/www.facebook.com\/share\/v\/1CSNW1SX2n\">https:\/\/www.facebook.com\/share\/v\/1CSNW1SX2n<\/a><\/p>\n","protected":false},"excerpt":{"rendered":"<p>EL CONFLICTO EN EL PONIENTE DE HERMOSILLO, UNA BARRERA DEL DESARROLLO SOCIAL, LAS PLUSVAL\u00cdAS, LAS CLASES SOCIALES EN CONFLICTO, REDES SOCIALES O CLASISMO NO RECONOCIDO:&nbsp; Por Vinicio Sanchez El gobernador Alfonso Durazo dio el banderazo de la construcci\u00f3n dio el banderazo de inicio de obra en el predio CADAM, donde se proyecta la construcci\u00f3n de&#8230;<\/p>\n","protected":false},"author":2,"featured_media":67182,"comment_status":"closed","ping_status":"closed","sticky":false,"template":"","format":"standard","meta":{"_crdt_document":"","_exactmetrics_skip_tracking":false,"_exactmetrics_sitenote_active":false,"_exactmetrics_sitenote_note":"","_exactmetrics_sitenote_category":0,"footnotes":""},"categories":[36,22,26,19,31,1,27,69,65],"tags":[],"class_list":["post-67179","post","type-post","status-publish","format-standard","has-post-thumbnail","hentry","category-economia","category-escena","category-local","category-opinion","category-politica","category-seguridad","category-sonora","category-ultimas-noticias","category-videos"],"_links":{"self":[{"href":"https:\/\/elpajaritonews.com\/index.php?rest_route=\/wp\/v2\/posts\/67179","targetHints":{"allow":["GET"]}}],"collection":[{"href":"https:\/\/elpajaritonews.com\/index.php?rest_route=\/wp\/v2\/posts"}],"about":[{"href":"https:\/\/elpajaritonews.com\/index.php?rest_route=\/wp\/v2\/types\/post"}],"author":[{"embeddable":true,"href":"https:\/\/elpajaritonews.com\/index.php?rest_route=\/wp\/v2\/users\/2"}],"replies":[{"embeddable":true,"href":"https:\/\/elpajaritonews.com\/index.php?rest_route=%2Fwp%2Fv2%2Fcomments&post=67179"}],"version-history":[{"count":1,"href":"https:\/\/elpajaritonews.com\/index.php?rest_route=\/wp\/v2\/posts\/67179\/revisions"}],"predecessor-version":[{"id":67185,"href":"https:\/\/elpajaritonews.com\/index.php?rest_route=\/wp\/v2\/posts\/67179\/revisions\/67185"}],"wp:featuredmedia":[{"embeddable":true,"href":"https:\/\/elpajaritonews.com\/index.php?rest_route=\/wp\/v2\/media\/67182"}],"wp:attachment":[{"href":"https:\/\/elpajaritonews.com\/index.php?rest_route=%2Fwp%2Fv2%2Fmedia&parent=67179"}],"wp:term":[{"taxonomy":"category","embeddable":true,"href":"https:\/\/elpajaritonews.com\/index.php?rest_route=%2Fwp%2Fv2%2Fcategories&post=67179"},{"taxonomy":"post_tag","embeddable":true,"href":"https:\/\/elpajaritonews.com\/index.php?rest_route=%2Fwp%2Fv2%2Ftags&post=67179"}],"curies":[{"name":"wp","href":"https:\/\/api.w.org\/{rel}","templated":true}]}}