{"id":67222,"date":"2025-08-23T21:10:42","date_gmt":"2025-08-24T04:10:42","guid":{"rendered":"https:\/\/elpajaritonews.com\/?p=67222"},"modified":"2025-08-23T21:10:49","modified_gmt":"2025-08-24T04:10:49","slug":"miles-de-venezolanos-se-alistan-ante-amenazas-de-eu-esperan-lo-que-sea","status":"publish","type":"post","link":"https:\/\/elpajaritonews.com\/?p=67222","title":{"rendered":"MILES DE VENEZOLANOS SE ALISTAN, ANTE AMENAZAS DE EU, ESPERAN LO QUE SEA"},"content":{"rendered":"\n<p class=\"wp-block-paragraph\">Personas se alistan en la Milicia Bolivariana, en Caracas, Venezuela, el 23 de agosto de 2025.&nbsp;<\/p>\n\n\n\n<p class=\"wp-block-paragraph\">El pueblo venezolano respondi\u00f3 ayer de manera \u201cmasiva\u201d al llamado del presidente Nicol\u00e1s Maduro a alistarse en las fuerzas armadas, \u201cnunca m\u00e1s la bota de imperio alguno mancillar\u00e1 este suelo. No hay aire, mar o tierra a donde no llega la Milicia Nacional Bolivariana. Demos un paso al frente y cuidemos lo que es nuestro\u201d, manifest\u00f3 el mandatario.<\/p>\n\n\n\n<p class=\"wp-block-paragraph\">\u201cComo comandante en jefe de la Fanb (fuerza armada nacional bolivariana), convoco a la gran jornada de Alistamiento, en las Plazas Bol\u00edvar y Unidades Militares cercanas a tu comunidad, s\u00e1bado 23 y domingo 24 de agosto, vamos a enlistarnos para estar en la primera fila de la defensa de la soberan\u00eda y la paz nacional\u201d, escribi\u00f3 el mandatario en su canal de Telegram, acompa\u00f1ando un video con efectivos de la Fanb.<\/p>\n\n\n\n<p class=\"wp-block-paragraph\">Miles de personas, empleados p\u00fablicos, amas de casa y jubilados entre otros, se sumaron a las filas de la milicia para demostrar la \u201cfirmeza, organizaci\u00f3n y resistencia\u201d de la naci\u00f3n ante una eventual invasi\u00f3n estadunidense, bajo la consigna #YoMeAlisto.<\/p>\n\n\n\n<p class=\"wp-block-paragraph\">\u201c\u00bfHa prestado servicio anteriormente?\u201d, pregunta una miliciana en uniforme de camuflaje a \u00d3scar Matheus, auditor de 66 a\u00f1os, quien esper\u00f3 paciente en fila hasta llegar a la mesa pl\u00e1stica del registro e indic\u00f3 a la Afp: \u201cEstoy ac\u00e1 para cumplir con nuestro pa\u00eds\u201d. \u201cLa patria nos hace un llamado, nos necesita el pa\u00eds\u201d, expres\u00f3 Rosy Paravabith, de 51 a\u00f1os.<\/p>\n\n\n\n<p class=\"wp-block-paragraph\">Una vez registrados, los voluntarios pasan a una sala donde se proyecta un documental sobre el bloqueo de naciones europeas a las costas venezolanas entre 1902 y 1903, ante la negativa del entonces presidente Cipriano Castro de pagar la deuda externa. El filme de 2017 muestra a campesinos armados. Algunos disparan, otros analizan mapas. Barcos de guerra se divisan en la distancia.<\/p>\n\n\n\n<p class=\"wp-block-paragraph\">La milicia bolivariana, un cuerpo adscrito a la fuerza armada que integran civiles y que sus cr\u00edticos aseguran tiene una alta carga ideol\u00f3gica, habilit\u00f3 centros de registro en plazas y edificios militares y p\u00fablicos, incluido el palacio presidencial de Miraflores en Caracas; adem\u00e1s del llamado Cuartel de la Monta\u00f1a, donde reposan los restos del fallecido l\u00edder socialista Hugo Ch\u00e1vez (1999-2013).<\/p>\n\n\n\n<p class=\"wp-block-paragraph\">&nbsp;Aunque no est\u00e1 claro con cu\u00e1ntos efectivos cuenta la Fanb, en 2020 ten\u00eda unos 343 mil integrantes, seg\u00fan el Instituto Internacional de Estudios Estrat\u00e9gicos (IISS), un tama\u00f1o similar a la de M\u00e9xico (341 mil), y solamente superado en Am\u00e9rica Latina por Colombia (428 mil) y Brasil (762 mil).<\/p>\n\n\n\n<p class=\"wp-block-paragraph\">El ministro de Defensa de Venezuela, general jefe Vladimir Padrino L\u00f3pez, destac\u00f3 la \u201crespuesta patri\u00f3tica del pueblo ante el intento de Estados Unidos de fabricar mentiras y falsos positivos, antes de una agresi\u00f3n militar\u201d, report\u00f3 Telesurtv.<\/p>\n\n\n\n<p class=\"wp-block-paragraph\">La convocatoria del gobierno sudamericano se da en medio de la expectativa por el avance de tres buques de guerra con 4 mil soldados de Estados Unidos hacia el Caribe, para combatir el narcotr\u00e1fico en la regi\u00f3n, seg\u00fan se\u00f1al\u00f3 el gobierno de Donald Trump.<\/p>\n\n\n\n<p class=\"wp-block-paragraph\">Si bien se desconoce una fecha para su arribo cerca de las costas venezolanas, fuentes estadounidenses informaron que la expectativa de Washington es que lleguen en los pr\u00f3ximos d\u00edas.<\/p>\n","protected":false},"excerpt":{"rendered":"<p>Personas se alistan en la Milicia Bolivariana, en Caracas, Venezuela, el 23 de agosto de 2025.&nbsp; El pueblo venezolano respondi\u00f3 ayer de manera \u201cmasiva\u201d al llamado del presidente Nicol\u00e1s Maduro a alistarse en las fuerzas armadas, \u201cnunca m\u00e1s la bota de imperio alguno mancillar\u00e1 este suelo. No hay aire, mar o tierra a donde no&#8230;<\/p>\n","protected":false},"author":2,"featured_media":67223,"comment_status":"closed","ping_status":"closed","sticky":false,"template":"","format":"standard","meta":{"_crdt_document":"","_exactmetrics_skip_tracking":false,"_exactmetrics_sitenote_active":false,"_exactmetrics_sitenote_note":"","_exactmetrics_sitenote_category":0,"footnotes":""},"categories":[17,36,89,88,26,24,31,1,27,69],"tags":[75],"class_list":["post-67222","post","type-post","status-publish","format-standard","has-post-thumbnail","hentry","category-arizona","category-economia","category-estados-unidos","category-justicia","category-local","category-mundo","category-politica","category-seguridad","category-sonora","category-ultimas-noticias","tag-seguridad-publica"],"_links":{"self":[{"href":"https:\/\/elpajaritonews.com\/index.php?rest_route=\/wp\/v2\/posts\/67222","targetHints":{"allow":["GET"]}}],"collection":[{"href":"https:\/\/elpajaritonews.com\/index.php?rest_route=\/wp\/v2\/posts"}],"about":[{"href":"https:\/\/elpajaritonews.com\/index.php?rest_route=\/wp\/v2\/types\/post"}],"author":[{"embeddable":true,"href":"https:\/\/elpajaritonews.com\/index.php?rest_route=\/wp\/v2\/users\/2"}],"replies":[{"embeddable":true,"href":"https:\/\/elpajaritonews.com\/index.php?rest_route=%2Fwp%2Fv2%2Fcomments&post=67222"}],"version-history":[{"count":1,"href":"https:\/\/elpajaritonews.com\/index.php?rest_route=\/wp\/v2\/posts\/67222\/revisions"}],"predecessor-version":[{"id":67224,"href":"https:\/\/elpajaritonews.com\/index.php?rest_route=\/wp\/v2\/posts\/67222\/revisions\/67224"}],"wp:featuredmedia":[{"embeddable":true,"href":"https:\/\/elpajaritonews.com\/index.php?rest_route=\/wp\/v2\/media\/67223"}],"wp:attachment":[{"href":"https:\/\/elpajaritonews.com\/index.php?rest_route=%2Fwp%2Fv2%2Fmedia&parent=67222"}],"wp:term":[{"taxonomy":"category","embeddable":true,"href":"https:\/\/elpajaritonews.com\/index.php?rest_route=%2Fwp%2Fv2%2Fcategories&post=67222"},{"taxonomy":"post_tag","embeddable":true,"href":"https:\/\/elpajaritonews.com\/index.php?rest_route=%2Fwp%2Fv2%2Ftags&post=67222"}],"curies":[{"name":"wp","href":"https:\/\/api.w.org\/{rel}","templated":true}]}}