{"id":67229,"date":"2025-08-24T15:43:18","date_gmt":"2025-08-24T22:43:18","guid":{"rendered":"https:\/\/elpajaritonews.com\/?p=67229"},"modified":"2025-08-24T15:43:21","modified_gmt":"2025-08-24T22:43:21","slug":"gobierno-de-sonora-participa-en-encuentro-nacional-de-secretariados-ejecutivos-estatales-de-seguridad-publica","status":"publish","type":"post","link":"https:\/\/elpajaritonews.com\/?p=67229","title":{"rendered":"GOBIERNO DE SONORA PARTICIPA EN ENCUENTRO NACIONAL DE SECRETARIADOS EJECUTIVOS ESTATALES DE SEGURIDAD P\u00daBLICA"},"content":{"rendered":"\n<p class=\"wp-block-paragraph\">El Gobierno de Sonora particip\u00f3 en el Encuentro Nacional de Secretariados Ejecutivos Estatales de Seguridad P\u00fablica, realizado en la capital del pa\u00eds, con el prop\u00f3sito de fortalecer la coordinaci\u00f3n entre federaci\u00f3n y estados en materia de seguridad.<\/p>\n\n\n\n<p class=\"wp-block-paragraph\">En representaci\u00f3n del gobernador Alfonso Durazo Monta\u00f1o y del Gobierno de Sonora, el secretario de Seguridad P\u00fablica, maestro Braulio Mart\u00ednez Navarrete, refrend\u00f3 el compromiso de la administraci\u00f3n estatal de trabajar de manera conjunta en estrategias que garanticen instituciones s\u00f3lidas y fortalezcan la confianza ciudadana.<\/p>\n\n\n\n<p class=\"wp-block-paragraph\">La reuni\u00f3n, encabezada por la titular del Secretariado Ejecutivo del Sistema Nacional de Seguridad P\u00fablica, Marcela Figueroa Franco, reiter\u00f3 la importancia de la colaboraci\u00f3n interinstitucional y la correcta aplicaci\u00f3n de los recursos federales para avanzar en la profesionalizaci\u00f3n de las corporaciones de seguridad.<\/p>\n\n\n\n<p class=\"wp-block-paragraph\">El Gobierno de Sonora continuar\u00e1 impulsando la coordinaci\u00f3n permanente y el trabajo conjunto entre federaci\u00f3n y estados, en beneficio de la seguridad ciudadana.<\/p>\n","protected":false},"excerpt":{"rendered":"<p>El Gobierno de Sonora particip\u00f3 en el Encuentro Nacional de Secretariados Ejecutivos Estatales de Seguridad P\u00fablica, realizado en la capital del pa\u00eds, con el prop\u00f3sito de fortalecer la coordinaci\u00f3n entre federaci\u00f3n y estados en materia de seguridad. En representaci\u00f3n del gobernador Alfonso Durazo Monta\u00f1o y del Gobierno de Sonora, el secretario de Seguridad P\u00fablica, maestro&#8230;<\/p>\n","protected":false},"author":2,"featured_media":67230,"comment_status":"closed","ping_status":"closed","sticky":false,"template":"","format":"standard","meta":{"_crdt_document":"","_exactmetrics_skip_tracking":false,"_exactmetrics_sitenote_active":false,"_exactmetrics_sitenote_note":"","_exactmetrics_sitenote_category":0,"footnotes":""},"categories":[80,26,23,31,1,27,69],"tags":[71,28,75,30],"class_list":["post-67229","post","type-post","status-publish","format-standard","has-post-thumbnail","hentry","category-derechos-humanos","category-local","category-mexico","category-politica","category-seguridad","category-sonora","category-ultimas-noticias","tag-alfonso-durazo","tag-nogales","tag-seguridad-publica","tag-sonora-tierra-de-oportunidades"],"_links":{"self":[{"href":"https:\/\/elpajaritonews.com\/index.php?rest_route=\/wp\/v2\/posts\/67229","targetHints":{"allow":["GET"]}}],"collection":[{"href":"https:\/\/elpajaritonews.com\/index.php?rest_route=\/wp\/v2\/posts"}],"about":[{"href":"https:\/\/elpajaritonews.com\/index.php?rest_route=\/wp\/v2\/types\/post"}],"author":[{"embeddable":true,"href":"https:\/\/elpajaritonews.com\/index.php?rest_route=\/wp\/v2\/users\/2"}],"replies":[{"embeddable":true,"href":"https:\/\/elpajaritonews.com\/index.php?rest_route=%2Fwp%2Fv2%2Fcomments&post=67229"}],"version-history":[{"count":1,"href":"https:\/\/elpajaritonews.com\/index.php?rest_route=\/wp\/v2\/posts\/67229\/revisions"}],"predecessor-version":[{"id":67231,"href":"https:\/\/elpajaritonews.com\/index.php?rest_route=\/wp\/v2\/posts\/67229\/revisions\/67231"}],"wp:featuredmedia":[{"embeddable":true,"href":"https:\/\/elpajaritonews.com\/index.php?rest_route=\/wp\/v2\/media\/67230"}],"wp:attachment":[{"href":"https:\/\/elpajaritonews.com\/index.php?rest_route=%2Fwp%2Fv2%2Fmedia&parent=67229"}],"wp:term":[{"taxonomy":"category","embeddable":true,"href":"https:\/\/elpajaritonews.com\/index.php?rest_route=%2Fwp%2Fv2%2Fcategories&post=67229"},{"taxonomy":"post_tag","embeddable":true,"href":"https:\/\/elpajaritonews.com\/index.php?rest_route=%2Fwp%2Fv2%2Ftags&post=67229"}],"curies":[{"name":"wp","href":"https:\/\/api.w.org\/{rel}","templated":true}]}}