{"id":67232,"date":"2025-08-24T16:55:06","date_gmt":"2025-08-24T23:55:06","guid":{"rendered":"https:\/\/elpajaritonews.com\/?p=67232"},"modified":"2025-08-24T16:55:16","modified_gmt":"2025-08-24T23:55:16","slug":"detectan-primer-caso-humano-de-gusano-barrenador-en-eeuu-reporta-reuters","status":"publish","type":"post","link":"https:\/\/elpajaritonews.com\/?p=67232","title":{"rendered":"DETECTAN PRIMER CASO HUMANO DE GUSANO BARRENADOR EN EEUU, REPORTA REUTERS."},"content":{"rendered":"\n<p class=\"wp-block-paragraph\">Seg\u00fan la agencia de noticias, Autoridades sanitarias de Estados Unidos confirmaron el primer caso humano del par\u00e1sito gusano barrenador de la carne en el pa\u00eds, detectado en una persona en Maryland que hab\u00eda viajado desde Guatemala, seg\u00fan informaron este domingo cuatro fuentes a la agencia Reuters.De acuerdo con la informaci\u00f3n, la persona viaj\u00f3 desde Guatemala y, al llegar a territorio estadounidense fue diagnosticada con el contagio.<\/p>\n\n\n\n<p class=\"wp-block-paragraph\">De momento la persona ya recibi\u00f3 la atenci\u00f3n m\u00e9dica correspondiente.<\/p>\n\n\n\n<p class=\"wp-block-paragraph\">EEUU se hab\u00eda librado del gusano barrenador por meses, tras diversos casos en M\u00e9xico y Centroam\u00e9rica.<\/p>\n\n\n\n<p class=\"wp-block-paragraph\">Fuente: <a href=\"https:\/\/proyectopuente.com.mx\/2025\/08\/24\/detectan-primer-caso-de-gusano-barrenador-en-humanos-en-eeuu-reporta-reuters\/\">https:\/\/proyectopuente.com.mx\/2025\/08\/24\/detectan-primer-caso-de-gusano-barrenador-en-humanos-en-eeuu-reporta-reuters\/<\/a>&nbsp;<\/p>\n","protected":false},"excerpt":{"rendered":"<p>Seg\u00fan la agencia de noticias, Autoridades sanitarias de Estados Unidos confirmaron el primer caso humano del par\u00e1sito gusano barrenador de la carne en el pa\u00eds, detectado en una persona en Maryland que hab\u00eda viajado desde Guatemala, seg\u00fan informaron este domingo cuatro fuentes a la agencia Reuters.De acuerdo con la informaci\u00f3n, la persona viaj\u00f3 desde Guatemala&#8230;<\/p>\n","protected":false},"author":2,"featured_media":67233,"comment_status":"closed","ping_status":"closed","sticky":false,"template":"","format":"standard","meta":{"_crdt_document":"","_exactmetrics_skip_tracking":false,"_exactmetrics_sitenote_active":false,"_exactmetrics_sitenote_note":"","_exactmetrics_sitenote_category":0,"footnotes":""},"categories":[17,89,26,23,31,32,1,27,69],"tags":[71,72,87,76,28],"class_list":["post-67232","post","type-post","status-publish","format-standard","has-post-thumbnail","hentry","category-arizona","category-estados-unidos","category-local","category-mexico","category-politica","category-salud","category-seguridad","category-sonora","category-ultimas-noticias","tag-alfonso-durazo","tag-claudia-sheinbaum","tag-estados-unidos","tag-medio-ambiente","tag-nogales"],"_links":{"self":[{"href":"https:\/\/elpajaritonews.com\/index.php?rest_route=\/wp\/v2\/posts\/67232","targetHints":{"allow":["GET"]}}],"collection":[{"href":"https:\/\/elpajaritonews.com\/index.php?rest_route=\/wp\/v2\/posts"}],"about":[{"href":"https:\/\/elpajaritonews.com\/index.php?rest_route=\/wp\/v2\/types\/post"}],"author":[{"embeddable":true,"href":"https:\/\/elpajaritonews.com\/index.php?rest_route=\/wp\/v2\/users\/2"}],"replies":[{"embeddable":true,"href":"https:\/\/elpajaritonews.com\/index.php?rest_route=%2Fwp%2Fv2%2Fcomments&post=67232"}],"version-history":[{"count":1,"href":"https:\/\/elpajaritonews.com\/index.php?rest_route=\/wp\/v2\/posts\/67232\/revisions"}],"predecessor-version":[{"id":67234,"href":"https:\/\/elpajaritonews.com\/index.php?rest_route=\/wp\/v2\/posts\/67232\/revisions\/67234"}],"wp:featuredmedia":[{"embeddable":true,"href":"https:\/\/elpajaritonews.com\/index.php?rest_route=\/wp\/v2\/media\/67233"}],"wp:attachment":[{"href":"https:\/\/elpajaritonews.com\/index.php?rest_route=%2Fwp%2Fv2%2Fmedia&parent=67232"}],"wp:term":[{"taxonomy":"category","embeddable":true,"href":"https:\/\/elpajaritonews.com\/index.php?rest_route=%2Fwp%2Fv2%2Fcategories&post=67232"},{"taxonomy":"post_tag","embeddable":true,"href":"https:\/\/elpajaritonews.com\/index.php?rest_route=%2Fwp%2Fv2%2Ftags&post=67232"}],"curies":[{"name":"wp","href":"https:\/\/api.w.org\/{rel}","templated":true}]}}