{"id":67244,"date":"2025-08-25T17:42:56","date_gmt":"2025-08-26T00:42:56","guid":{"rendered":"https:\/\/elpajaritonews.com\/?p=67244"},"modified":"2025-08-25T17:42:59","modified_gmt":"2025-08-26T00:42:59","slug":"corrompi-a-policias-militares-y-politicos-se-declara-el-mayo-zambada-culpable-en-corte-de-ny","status":"publish","type":"post","link":"https:\/\/elpajaritonews.com\/?p=67244","title":{"rendered":"\u00abCORROMP\u00cd A POLIC\u00cdAS, MILITARES Y POL\u00cdTICOS\u00bb: SE DECLARA &#8216;EL MAYO&#8217; ZAMBADA CULPABLE EN CORTE DE NY"},"content":{"rendered":"\n<p class=\"wp-block-paragraph\">Ismael El Mayo Zambada Garc\u00eda se declar\u00f3 culpable este lunes de cargos criminales relacionados al narcotr\u00e1fico y con ello evitara un juicio en Estados Unidos, todo parte de una negociaci\u00f3n con el Departamento de Justicia de Estados Unidos.<\/p>\n\n\n\n<p class=\"wp-block-paragraph\">El juez federal, Brian Cogan, del Tribunal Federal del Distrito del Este con sede en Brooklyn, Nueva York, le pregunt\u00f3 a Zambada si entend\u00eda las implicaciones de su declaraci\u00f3n de culpabilidad, incluyendo descartar su derecho a un juicio y la apelaci\u00f3n de su condena. El acusado respondi\u00f3 con voz firme \u201cs\u00ed, se\u00f1or\u201d.<\/p>\n\n\n\n<p class=\"wp-block-paragraph\">Zambada, quien enfrentaba 17 cargos en Nueva York, junto con otros en Texas y Florida, se declar\u00f3 culpable de dos cargos criminales: participar en un negocio il\u00edcito y tr\u00e1fico de coca\u00edna.<\/p>\n\n\n\n<figure class=\"wp-block-embed is-type-video is-provider-youtube wp-block-embed-youtube wp-embed-aspect-16-9 wp-has-aspect-ratio\"><div class=\"wp-block-embed__wrapper\">\n<iframe loading=\"lazy\" title=\"EN VIVO: Autoridades federales hablan despu\u00e9s de que \u2018El Mayo\u2019 Zambada se declarara culpable\" width=\"640\" height=\"360\" src=\"https:\/\/www.youtube.com\/embed\/TwDGt4fXGxI?feature=oembed\" frameborder=\"0\" allow=\"accelerometer; autoplay; clipboard-write; encrypted-media; gyroscope; picture-in-picture; web-share\" referrerpolicy=\"strict-origin-when-cross-origin\" allowfullscreen><\/iframe>\n<\/div><\/figure>\n\n\n\n<p class=\"wp-block-paragraph\">El juez le advirti\u00f3 que esos cargos llevan condena m\u00e1xima de cadena perpetua. Tambi\u00e9n dijo que implicaba multas millonarias como tambi\u00e9n una incautaci\u00f3n abierta de bienes por 15 mil millones de d\u00f3lares.<\/p>\n\n\n\n<p class=\"wp-block-paragraph\">El juez Cogan verific\u00f3 el acuerdo con el gobierno de Estados Unidos con el acusado, pero no se revelaron los detalles de inmediato sobre la condiciones de ese acuerdo m\u00e1s all\u00e1 de que aceptaba declararse culpable y con ello anular su derecho a un juicio.<\/p>\n\n\n\n<p class=\"wp-block-paragraph\">Preguntado por el juez que explicar\u00e1 en sus propias palabras de que se estaba declarando culpable, Zambada -con barba y cabello blanco vestido en uniforme de reo azul marino y anaranjado, y escoltado por alguaciles federales- ley\u00f3 en voz alta un texto donde declar\u00f3 que durante m\u00e1s de 50 a\u00f1os dirigi\u00f3 con otros socios el c\u00e1rtel de Sinaloa dedicado en particular al tr\u00e1fico de coca\u00edna de Colombia, M\u00e9xico y Estados Unidos.<\/p>\n\n\n\n<p class=\"wp-block-paragraph\">Indic\u00f3 que como parte de este negocio, promovi\u00f3 \u201cla corrupci\u00f3n en mi pa\u00eds de polic\u00edas, mandos militares y pol\u00edticos\u201d y que eso \u201ccontinu\u00f3 durante todos los a\u00f1os en que estuve en control\u201d.<\/p>\n\n\n\n<p class=\"wp-block-paragraph\">Afirm\u00f3 que \u201cempec\u00e9 en 1969 a los 19 a\u00f1os de edad plantando mariguana por primera vez\u201d y que entre los a\u00f1os de 1980 hasta el 2024 trafic\u00f3 un mill\u00f3n y medio de coca\u00edna, \u201cla mayor\u00eda a Estados Unidos\u201d, con ganancias de \u201ccientos de millones por a\u00f1o\u201d.<\/p>\n\n\n\n<p class=\"wp-block-paragraph\">Declar\u00f3 que tuvo \u201cun gran n\u00famero de hombres armados bajo mi control\u201d, de la violencia y \u201cmuchas muertes\u201d que se generaron en guerras contra rivales, y tambi\u00e9n causando muertes de civiles.<\/p>\n\n\n\n<p class=\"wp-block-paragraph\">Concluy\u00f3 declarando que \u201creconozco el costo y da\u00f1os humanos\u201d de sus acciones y \u201cpido perd\u00f3n a quienes han sufrido por mis acciones\u201d.<\/p>\n\n\n\n<p class=\"wp-block-paragraph\">El juez le hizo una serie de preguntas sobre su salud mental y f\u00edsica, incluyendo si hab\u00eda sido adicto a drogas o alcohol, a lo cual el acusado dijo \u201cno, se\u00f1or\u201d. El acusado inform\u00f3 que tiene 75 a\u00f1os de edad, y que estudi\u00f3 hasta el sexto de primaria.<\/p>\n\n\n\n<p class=\"wp-block-paragraph\">A la audiencia en el tribunal federal &#8211; el mismo donde se realizaron los juicios de Joaqu\u00edn El Chapo Guzm\u00e1n Loera y despu\u00e9s Genaro Garc\u00eda Luna &#8211; asistieron aproximadamente 40 agentes de la Administraci\u00f3n de Control de Drogas (DEA), junto con oficiales del Oficina Federal de Investigaciones (FBI) y del Departamento de Seguridad Interna, adem\u00e1s de un enorme equipo de fiscales.<\/p>\n\n\n\n<p class=\"wp-block-paragraph\">Al concluir la audiencia, el juez Cogan program\u00f3 la sesi\u00f3n judicial para dictar la sentencia de Zambada Garc\u00eda para el 13 de enero del 2026.<\/p>\n\n\n\n<p class=\"wp-block-paragraph\">Aunque no hay detalles sobre el acuerdo con las autoridades estadunidenses, casi siempre en estos casos hay una negociaci\u00f3n donde a cambio de la declaraci\u00f3n de culpabilidad por el acusado y una promesa de una reducci\u00f3n de condena por los fiscales, el acusado se compromete a cooperar con los fiscales estadunidenses en otros casos pendientes o potenciales. No se revelan los detalles de estos acuerdos y s\u00f3lo se sabr\u00e1 m\u00e1s adelante si el acusado se convirti\u00f3 en un testigo cooperante o un testigo confidencial.<\/p>\n\n\n\n<p class=\"wp-block-paragraph\">El acuerdo para declararse culpable fue facilitado a principios de este mes cuando el Departamento de Justicia inform\u00f3 a los tribunales y al acusado de que no solicitar\u00e1 la pena de muerte en este caso.<\/p>\n\n\n\n<p class=\"wp-block-paragraph\">Zambada se present\u00f3 por primera vez en Nueva York en septiembre del a\u00f1o pasado despu\u00e9s de ser trasladado desde Texas donde lleg\u00f3 con Joaqu\u00edn Guzm\u00e1n L\u00f3pez, el hijo de El Chapo el 25 de julio de 2024.<\/p>\n\n\n\n<p class=\"wp-block-paragraph\">Con esta declaraci\u00f3n de culpabilidad y su sentencia a principios del 2026 culminar\u00e1 el caso contra uno de los m\u00e1ximos l\u00edderes del c\u00e1rtel de Sinaloa, pero apenas iniciar\u00e1 una etapa de especulaci\u00f3n sobre c\u00f3mo y cu\u00e1ndo cooperar\u00e1 con las autoridades estadunidenses, y en torno a qu\u00e9 y qui\u00e9nes.<\/p>\n\n\n\n<p class=\"wp-block-paragraph\">Por ahora, aun no se ha revelado el misterio de c\u00f3mo lleg\u00f3 aqu\u00ed. Zambada Garc\u00eda fue entregado a manos de las autoridades estadunidenses el 25 de julio de 2024 despu\u00e9s de ser transportado &#8211; El Mayo acusa que fue un secuestro &#8211; por Joaqu\u00edn Guzm\u00e1n L\u00f3pez en una avioneta a cambio de un acuerdo con el gobierno estadunidense. Otros sospechan que podr\u00eda ser una maniobra m\u00e1s compleja y hasta pactada, versi\u00f3n que es aun m\u00e1s nutrida con el aparente acuerdo con el Departamento de Justicia para evitar un juicio.<\/p>\n","protected":false},"excerpt":{"rendered":"<p>Ismael El Mayo Zambada Garc\u00eda se declar\u00f3 culpable este lunes de cargos criminales relacionados al narcotr\u00e1fico y con ello evitara un juicio en Estados Unidos, todo parte de una negociaci\u00f3n con el Departamento de Justicia de Estados Unidos. El juez federal, Brian Cogan, del Tribunal Federal del Distrito del Este con sede en Brooklyn, Nueva&#8230;<\/p>\n","protected":false},"author":2,"featured_media":67245,"comment_status":"closed","ping_status":"closed","sticky":false,"template":"","format":"standard","meta":{"_crdt_document":"","_exactmetrics_skip_tracking":false,"_exactmetrics_sitenote_active":false,"_exactmetrics_sitenote_note":"","_exactmetrics_sitenote_category":0,"footnotes":""},"categories":[17,36,89,88,23,38,24,31,1,27,69,65],"tags":[71,72,86,330,75],"class_list":["post-67244","post","type-post","status-publish","format-standard","has-post-thumbnail","hentry","category-arizona","category-economia","category-estados-unidos","category-justicia","category-mexico","category-migracion","category-mundo","category-politica","category-seguridad","category-sonora","category-ultimas-noticias","category-videos","tag-alfonso-durazo","tag-claudia-sheinbaum","tag-donald-trump","tag-el-mayo-zambada","tag-seguridad-publica"],"_links":{"self":[{"href":"https:\/\/elpajaritonews.com\/index.php?rest_route=\/wp\/v2\/posts\/67244","targetHints":{"allow":["GET"]}}],"collection":[{"href":"https:\/\/elpajaritonews.com\/index.php?rest_route=\/wp\/v2\/posts"}],"about":[{"href":"https:\/\/elpajaritonews.com\/index.php?rest_route=\/wp\/v2\/types\/post"}],"author":[{"embeddable":true,"href":"https:\/\/elpajaritonews.com\/index.php?rest_route=\/wp\/v2\/users\/2"}],"replies":[{"embeddable":true,"href":"https:\/\/elpajaritonews.com\/index.php?rest_route=%2Fwp%2Fv2%2Fcomments&post=67244"}],"version-history":[{"count":1,"href":"https:\/\/elpajaritonews.com\/index.php?rest_route=\/wp\/v2\/posts\/67244\/revisions"}],"predecessor-version":[{"id":67246,"href":"https:\/\/elpajaritonews.com\/index.php?rest_route=\/wp\/v2\/posts\/67244\/revisions\/67246"}],"wp:featuredmedia":[{"embeddable":true,"href":"https:\/\/elpajaritonews.com\/index.php?rest_route=\/wp\/v2\/media\/67245"}],"wp:attachment":[{"href":"https:\/\/elpajaritonews.com\/index.php?rest_route=%2Fwp%2Fv2%2Fmedia&parent=67244"}],"wp:term":[{"taxonomy":"category","embeddable":true,"href":"https:\/\/elpajaritonews.com\/index.php?rest_route=%2Fwp%2Fv2%2Fcategories&post=67244"},{"taxonomy":"post_tag","embeddable":true,"href":"https:\/\/elpajaritonews.com\/index.php?rest_route=%2Fwp%2Fv2%2Ftags&post=67244"}],"curies":[{"name":"wp","href":"https:\/\/api.w.org\/{rel}","templated":true}]}}