{"id":67247,"date":"2025-08-25T18:45:27","date_gmt":"2025-08-26T01:45:27","guid":{"rendered":"https:\/\/elpajaritonews.com\/?p=67247"},"modified":"2025-08-25T18:45:30","modified_gmt":"2025-08-26T01:45:30","slug":"gobernador-durazo-impulsa-talento-de-jovenes-lideres-con-premio-estatal-de-la-juventud","status":"publish","type":"post","link":"https:\/\/elpajaritonews.com\/?p=67247","title":{"rendered":"GOBERNADOR DURAZO IMPULSA TALENTO DE J\u00d3VENES L\u00cdDERES CON PREMIO ESTATAL DE LA JUVENTUD"},"content":{"rendered":"\n<p class=\"wp-block-paragraph\">&#8211; Los 48 ganadores del Premio Estatal de la Juventud 2024, fueron reconocidos por el gobernador Alfonso Durazo Monta\u00f1o, quien destac\u00f3 su talento, esfuerzo, liderazgo y aportaciones al desarrollo de la entidad en \u00e1reas como compromiso social, arte, innovaci\u00f3n, culturas ind\u00edgenas, entre otras.<\/p>\n\n\n\n<p class=\"wp-block-paragraph\">&#8211; El mandatario estatal refrend\u00f3 su compromiso con las y los j\u00f3venes sonorenses, asegurando que seguir\u00e1 impulsando pol\u00edticas p\u00fablicas y programas que fortalezcan su participaci\u00f3n, educaci\u00f3n, cultura y emprendimiento.<\/p>\n\n\n\n<p class=\"wp-block-paragraph\">En el marco del Mes de la Juventud, el gobernador Alfonso Durazo Monta\u00f1o encabez\u00f3 una reuni\u00f3n con las y los ganadores del Premio Estatal de la Juventud 2024, donde reconoci\u00f3 el talento, esfuerzo, compromiso y liderazgo de las y los j\u00f3venes sonorenses que han destacado en distintos \u00e1mbitos de la vida social, cultural y acad\u00e9mica.<\/p>\n\n\n\n<p class=\"wp-block-paragraph\">Durante el evento, mandatario estatal, junto a Rebeca Valenzuela, directora general del Instituto Sonorense de la Juventud (ISJ), y Froyl\u00e1n G\u00e1mez Gamboa, secretario de Educaci\u00f3n y Cultura, conoci\u00f3 de primera mano las trayectorias, experiencia y avances de los proyectos emprendidos por los j\u00f3venes, despu\u00e9s de haber sido acreedores al Premio Estatal de la Juventud 2024, por su desempe\u00f1o en \u00e1reas como compromiso social, oratoria y debate, expresiones art\u00edsticas, fortalecimiento de culturas ind\u00edgenas, emprendimiento e innovaci\u00f3n digital, entre otras.<\/p>\n\n\n\n<p class=\"wp-block-paragraph\">\u201cSoy un aliado de los j\u00f3venes, tengo ya en mi gabinete a varios, varias integrantes, que fueron en alg\u00fan momento premiados o que en alg\u00fan momento recibieron el premio de la juventud, y ocupan posiciones relevantes, llegaron a formarse en la fila, pero con el m\u00e9rito de haber sido ya reconocidos por un premio de la juventud, el solo hecho de que reciban el premio de la juventud, ese solo hecho les va a cambiar su futuro porque han enriquecido ya su curr\u00edculo con un reconocimiento extraordinario en una edad en la que cualquier joven apenas est\u00e1 inici\u00e1ndose en su vida profesional, va a reorientar su destino. Que se descubra y sobre todo lo que va ayudar el premio es a que ustedes descubran su propio potencial\u201d, coment\u00f3 el gobernador.<\/p>\n\n\n\n<p class=\"wp-block-paragraph\">Los 48 ganadores y ganadoras del premio compartieron ante el mandatario estatal, sus proyectos y experiencias que reflejan su impacto positivo en la sociedad, consolid\u00e1ndose como agentes de cambio y ejemplo de inspiraci\u00f3n para las nuevas generaciones.<\/p>\n\n\n\n<p class=\"wp-block-paragraph\">El gobernador Durazo Monta\u00f1o refrend\u00f3 su compromiso de seguir impulsando pol\u00edticas p\u00fablicas que garanticen espacios de participaci\u00f3n, inclusi\u00f3n y desarrollo para los j\u00f3venes, a trav\u00e9s del Instituto Sonorense de la Juventud, as\u00ed como programas que fortalezcan la educaci\u00f3n, la cultura y el emprendimiento juvenil.<\/p>\n\n\n\n<figure class=\"wp-block-image size-large\"><img loading=\"lazy\" decoding=\"async\" width=\"1024\" height=\"683\" src=\"https:\/\/elpajaritonews.com\/wp-content\/uploads\/2025\/08\/dfba24c4-e352-427e-b57b-9c1dfe18d614-1024x683.jpg\" alt=\"\" class=\"wp-image-67248\" srcset=\"https:\/\/elpajaritonews.com\/wp-content\/uploads\/2025\/08\/dfba24c4-e352-427e-b57b-9c1dfe18d614-1024x683.jpg 1024w, https:\/\/elpajaritonews.com\/wp-content\/uploads\/2025\/08\/dfba24c4-e352-427e-b57b-9c1dfe18d614-300x200.jpg 300w, https:\/\/elpajaritonews.com\/wp-content\/uploads\/2025\/08\/dfba24c4-e352-427e-b57b-9c1dfe18d614-768x512.jpg 768w, https:\/\/elpajaritonews.com\/wp-content\/uploads\/2025\/08\/dfba24c4-e352-427e-b57b-9c1dfe18d614-600x400.jpg 600w, https:\/\/elpajaritonews.com\/wp-content\/uploads\/2025\/08\/dfba24c4-e352-427e-b57b-9c1dfe18d614.jpg 1227w\" sizes=\"auto, (max-width: 1024px) 100vw, 1024px\" \/><\/figure>\n\n\n\n<p class=\"wp-block-paragraph\">J\u00d3VENES GANADORES DEL PREMIO ESTATAL DE LA JUVENTUD 2024 AGRADECEN HIST\u00d3RICO IMPULSO A GOBERNADOR DURAZO<\/p>\n\n\n\n<p class=\"wp-block-paragraph\">Los 48 j\u00f3venes ganadores del Premio Estatal de la Juventud 2024, reconocieron el respaldo del gobernador Alfonso Durazo Monta\u00f1o y destacaron el impulso a su esfuerzo para continuar con su trayectoria profesional.<\/p>\n\n\n\n<p class=\"wp-block-paragraph\">\u201cPara nosotros fue muy emocionante, la verdad como asociaci\u00f3n de banda de guerra, nos ayud\u00f3 mucho a tener nuestros trajes, equipamiento, para podernos presentar de una manera m\u00e1s formal, m\u00e1s bonita. Muchas gracias, la verdad, por voltear a ver a los j\u00f3venes, sinceramente yo creo que los j\u00f3venes tenemos muchas capacidades, mucho que dar y gracias a este tipo de apoyos se da m\u00e1s a conocer y se abren much\u00edsimas puertas\u201d, coment\u00f3 Alma Encinas Molina, junto a sus compa\u00f1eros de Banda de Guerra, quienes ganaron la categor\u00eda B.<\/p>\n\n\n\n<p class=\"wp-block-paragraph\">\u201cPues primero que todo, muy orgullosa de m\u00ed misma, de mi familia, les agradezco mucho a mis pap\u00e1s por siempre apoyarme en todo, y yo creo que ya fue como: Al fin despu\u00e9s de tanto esfuerzo, han sido 8 a\u00f1os de pura trayectoria, tengo 15 a\u00f1os y entonces yo creo que es un total orgullo para m\u00ed y mi familia haberlo ganado. Muchas gracias por creer en nosotros, por ver el futuro de Hermosillo, por ver cu\u00e1nto talento hay, muchas gracias por inspirarnos a todos\u201d, expres\u00f3, Michelle Quihuis Atondo, ganadora de la categor\u00eda Expresiones Art\u00edsticas de Canto.<\/p>\n\n\n\n<p class=\"wp-block-paragraph\">\u201cEl haber ganado, creo que ha significado mucho para m\u00ed, tanto personal como profesionalmente, creo que me va a permitir ser lo que yo quiero y seguirme dedicando a esto y darme a entender que estoy yendo por un buen camino. La verdad creo que es una de las mejores iniciativas que tiene, apoyar el talento, porque los j\u00f3venes son el futuro y creo que si apoya a que este talento se pueda seguir desarrollando, el estado va a seguir creciendo\u201d, destac\u00f3 Juan Antonio Corrales Andrade, ganador de la categor\u00eda Captura Sonora.<\/p>\n","protected":false},"excerpt":{"rendered":"<p>&#8211; Los 48 ganadores del Premio Estatal de la Juventud 2024, fueron reconocidos por el gobernador Alfonso Durazo Monta\u00f1o, quien destac\u00f3 su talento, esfuerzo, liderazgo y aportaciones al desarrollo de la entidad en \u00e1reas como compromiso social, arte, innovaci\u00f3n, culturas ind\u00edgenas, entre otras. &#8211; El mandatario estatal refrend\u00f3 su compromiso con las y los j\u00f3venes&#8230;<\/p>\n","protected":false},"author":2,"featured_media":67249,"comment_status":"closed","ping_status":"closed","sticky":false,"template":"","format":"standard","meta":{"_crdt_document":"","_exactmetrics_skip_tracking":false,"_exactmetrics_sitenote_active":false,"_exactmetrics_sitenote_note":"","_exactmetrics_sitenote_category":0,"footnotes":""},"categories":[21,36,22,26,31,27,69],"tags":[71,74,28,30],"class_list":["post-67247","post","type-post","status-publish","format-standard","has-post-thumbnail","hentry","category-deportes","category-economia","category-escena","category-local","category-politica","category-sonora","category-ultimas-noticias","tag-alfonso-durazo","tag-hermosillo","tag-nogales","tag-sonora-tierra-de-oportunidades"],"_links":{"self":[{"href":"https:\/\/elpajaritonews.com\/index.php?rest_route=\/wp\/v2\/posts\/67247","targetHints":{"allow":["GET"]}}],"collection":[{"href":"https:\/\/elpajaritonews.com\/index.php?rest_route=\/wp\/v2\/posts"}],"about":[{"href":"https:\/\/elpajaritonews.com\/index.php?rest_route=\/wp\/v2\/types\/post"}],"author":[{"embeddable":true,"href":"https:\/\/elpajaritonews.com\/index.php?rest_route=\/wp\/v2\/users\/2"}],"replies":[{"embeddable":true,"href":"https:\/\/elpajaritonews.com\/index.php?rest_route=%2Fwp%2Fv2%2Fcomments&post=67247"}],"version-history":[{"count":1,"href":"https:\/\/elpajaritonews.com\/index.php?rest_route=\/wp\/v2\/posts\/67247\/revisions"}],"predecessor-version":[{"id":67250,"href":"https:\/\/elpajaritonews.com\/index.php?rest_route=\/wp\/v2\/posts\/67247\/revisions\/67250"}],"wp:featuredmedia":[{"embeddable":true,"href":"https:\/\/elpajaritonews.com\/index.php?rest_route=\/wp\/v2\/media\/67249"}],"wp:attachment":[{"href":"https:\/\/elpajaritonews.com\/index.php?rest_route=%2Fwp%2Fv2%2Fmedia&parent=67247"}],"wp:term":[{"taxonomy":"category","embeddable":true,"href":"https:\/\/elpajaritonews.com\/index.php?rest_route=%2Fwp%2Fv2%2Fcategories&post=67247"},{"taxonomy":"post_tag","embeddable":true,"href":"https:\/\/elpajaritonews.com\/index.php?rest_route=%2Fwp%2Fv2%2Ftags&post=67247"}],"curies":[{"name":"wp","href":"https:\/\/api.w.org\/{rel}","templated":true}]}}