{"id":67292,"date":"2025-08-27T20:55:45","date_gmt":"2025-08-28T03:55:45","guid":{"rendered":"https:\/\/elpajaritonews.com\/?p=67292"},"modified":"2025-08-27T20:55:48","modified_gmt":"2025-08-28T03:55:48","slug":"presenta-gobierno-de-sonora-una-nutrida-cartelera-de-eventos-para-el-mes-de-septiembre-en-el-estado","status":"publish","type":"post","link":"https:\/\/elpajaritonews.com\/?p=67292","title":{"rendered":"PRESENTA GOBIERNO DE SONORA UNA NUTRIDA CARTELERA DE EVENTOS PARA EL MES DE SEPTIEMBRE EN EL ESTADO"},"content":{"rendered":"\n<p class=\"wp-block-paragraph\">Con el objetivo de fortalecer las estrategias de promoci\u00f3n tur\u00edstica que ha implementado el Gobierno de Sonora, a trav\u00e9s de la Secretar\u00eda de Econom\u00eda y Turismo (SETUR), durante el mes de septiembre se llevar\u00e1n a cabo al menos 29 eventos que proyectar\u00e1n a Sonora como un referente nacional del turismo.<\/p>\n\n\n\n<p class=\"wp-block-paragraph\">El acompa\u00f1amiento del gobernador Alfonso Durazo ha permitido descentralizar el turismo y reactivar la cadena de valor en 17 municipios como Suaqui Grande, Ban\u00e1michi, M\u00e1tape, Bacad\u00e9huachi, Bacoachi, Aconchi, Caborca, Soyopa, Altar y Navojoa, entre otros, logrando un desarrollo importante en los ingresos de las familias sonorenses.<\/p>\n\n\n\n<p class=\"wp-block-paragraph\">El secretario de Econom\u00eda y Turismo del estado, Roberto Gradillas Pineda, destac\u00f3 la importancia que tendr\u00e1 la cuarta edici\u00f3n de la Gran Carrera del Desierto al posicionar a Sonora como un destino de clase mundial para el turismo deportivo, de aventura y naturaleza, atrayendo a atletas nacionales e internacionales y manteniendo a la entidad en un lugar destacado como destino tur\u00edstico.<\/p>\n\n\n\n<p class=\"wp-block-paragraph\">\u201cTener un gobernador como el Dr. Alfonso Durazo significa contar con el apoyo de un gobierno facilitador de oportunidades e inversiones, que contribuye a fortalecer la econom\u00eda de las familias sonorenses al promover destinos tur\u00edsticos que proyectan las riquezas naturales y culturales de Sonora\u201d, detall\u00f3 Gradillas Pineda.<\/p>\n\n\n\n<figure class=\"wp-block-video\"><video height=\"576\" style=\"aspect-ratio: 1024 \/ 576;\" width=\"1024\" controls src=\"https:\/\/elpajaritonews.com\/wp-content\/uploads\/2025\/08\/Eventos-SEPTIEMBRE-2025-1.mp4\"><\/video><\/figure>\n\n\n\n<p class=\"wp-block-paragraph\">Durante los \u00faltimos a\u00f1os, el turismo en Sonora ha logrado fortalecer el desarrollo econ\u00f3mico y la creaci\u00f3n de empleos directos e indirectos, posicionando al estado como un destino competitivo, seguro y con una oferta que puede disfrutarse los 12 meses del a\u00f1o.<\/p>\n\n\n\n<p class=\"wp-block-paragraph\"><\/p>\n\n\n\n<p class=\"wp-block-paragraph\"><\/p>\n","protected":false},"excerpt":{"rendered":"<p>Con el objetivo de fortalecer las estrategias de promoci\u00f3n tur\u00edstica que ha implementado el Gobierno de Sonora, a trav\u00e9s de la Secretar\u00eda de Econom\u00eda y Turismo (SETUR), durante el mes de septiembre se llevar\u00e1n a cabo al menos 29 eventos que proyectar\u00e1n a Sonora como un referente nacional del turismo. El acompa\u00f1amiento del gobernador Alfonso&#8230;<\/p>\n","protected":false},"author":2,"featured_media":67293,"comment_status":"closed","ping_status":"closed","sticky":false,"template":"","format":"standard","meta":{"_crdt_document":"","_exactmetrics_skip_tracking":false,"_exactmetrics_sitenote_active":false,"_exactmetrics_sitenote_note":"","_exactmetrics_sitenote_category":0,"footnotes":""},"categories":[22,26,31,27,64,84,69,65],"tags":[71,72,74,30],"class_list":["post-67292","post","type-post","status-publish","format-standard","has-post-thumbnail","hentry","category-escena","category-local","category-politica","category-sonora","category-travel","category-turismo","category-ultimas-noticias","category-videos","tag-alfonso-durazo","tag-claudia-sheinbaum","tag-hermosillo","tag-sonora-tierra-de-oportunidades"],"_links":{"self":[{"href":"https:\/\/elpajaritonews.com\/index.php?rest_route=\/wp\/v2\/posts\/67292","targetHints":{"allow":["GET"]}}],"collection":[{"href":"https:\/\/elpajaritonews.com\/index.php?rest_route=\/wp\/v2\/posts"}],"about":[{"href":"https:\/\/elpajaritonews.com\/index.php?rest_route=\/wp\/v2\/types\/post"}],"author":[{"embeddable":true,"href":"https:\/\/elpajaritonews.com\/index.php?rest_route=\/wp\/v2\/users\/2"}],"replies":[{"embeddable":true,"href":"https:\/\/elpajaritonews.com\/index.php?rest_route=%2Fwp%2Fv2%2Fcomments&post=67292"}],"version-history":[{"count":1,"href":"https:\/\/elpajaritonews.com\/index.php?rest_route=\/wp\/v2\/posts\/67292\/revisions"}],"predecessor-version":[{"id":67296,"href":"https:\/\/elpajaritonews.com\/index.php?rest_route=\/wp\/v2\/posts\/67292\/revisions\/67296"}],"wp:featuredmedia":[{"embeddable":true,"href":"https:\/\/elpajaritonews.com\/index.php?rest_route=\/wp\/v2\/media\/67293"}],"wp:attachment":[{"href":"https:\/\/elpajaritonews.com\/index.php?rest_route=%2Fwp%2Fv2%2Fmedia&parent=67292"}],"wp:term":[{"taxonomy":"category","embeddable":true,"href":"https:\/\/elpajaritonews.com\/index.php?rest_route=%2Fwp%2Fv2%2Fcategories&post=67292"},{"taxonomy":"post_tag","embeddable":true,"href":"https:\/\/elpajaritonews.com\/index.php?rest_route=%2Fwp%2Fv2%2Ftags&post=67292"}],"curies":[{"name":"wp","href":"https:\/\/api.w.org\/{rel}","templated":true}]}}