{"id":67369,"date":"2025-09-02T16:41:17","date_gmt":"2025-09-02T23:41:17","guid":{"rendered":"https:\/\/elpajaritonews.com\/?p=67369"},"modified":"2025-09-02T16:44:07","modified_gmt":"2025-09-02T23:44:07","slug":"gobierno-de-sonora-alerta-por-efectos-de-la-tormenta-tropical-lorena-habra-lluvias-intensas-en-la-entidad","status":"publish","type":"post","link":"https:\/\/elpajaritonews.com\/?p=67369","title":{"rendered":"GOBIERNO DE SONORA ALERTA POR EFECTOS DE LA TORMENTA TROPICAL \u00abLORENA\u00bb; HABR\u00c1 LLUVIAS INTENSAS EN LA ENTIDAD"},"content":{"rendered":"\n<p class=\"wp-block-paragraph\">El coordinador estatal de Protecci\u00f3n Civil, hizo un llamado a la poblaci\u00f3n a mantener las medidas preventivas ante la presencia de tormentas<\/p>\n\n\n\n<p class=\"wp-block-paragraph\">El Gobierno de Sonora, a trav\u00e9s de la Coordinaci\u00f3n Estatal de Protecci\u00f3n Civil (CEPC), informa que la presencia de la Tormenta Tropical Lorena en el Oc\u00e9ano Pac\u00edfico incrementar\u00e1 las probabilidades de lluvias de intensas a muy intensas en todo el territorio estatal, particularmente en la regi\u00f3n sur, a lo largo de esta semana.<\/p>\n\n\n\n<figure class=\"wp-block-embed is-type-rich is-provider-twitter wp-block-embed-twitter\"><div class=\"wp-block-embed__wrapper\">\n<blockquote class=\"twitter-tweet\" data-width=\"550\" data-dnt=\"true\"><p lang=\"es\" dir=\"ltr\"><a href=\"https:\/\/twitter.com\/gobiernosonora?ref_src=twsrc%5Etfw\">@gobiernosonora<\/a>  ALERTA POR EFECTOS DE LA TORMENTA TROPICAL &quot;LORENA&quot;; HABR\u00c1 LLUVIAS INTENSAS EN <a href=\"https:\/\/twitter.com\/hashtag\/SONORA?src=hash&amp;ref_src=twsrc%5Etfw\">#SONORA<\/a>  <a href=\"https:\/\/t.co\/1G8qT7ucRc\">https:\/\/t.co\/1G8qT7ucRc<\/a> <a href=\"https:\/\/twitter.com\/cepcsonora?ref_src=twsrc%5Etfw\">@cepcsonora<\/a> <a href=\"https:\/\/twitter.com\/viniciosanchez?ref_src=twsrc%5Etfw\">@viniciosanchez<\/a> <a href=\"https:\/\/twitter.com\/AlfonsoDurazo?ref_src=twsrc%5Etfw\">@AlfonsoDurazo<\/a> <a href=\"https:\/\/t.co\/ZPLoLiOqzS\">pic.twitter.com\/ZPLoLiOqzS<\/a><\/p>&mdash; PajaritoNews (@elpajaritonews) <a href=\"https:\/\/twitter.com\/elpajaritonews\/status\/1963024831819219044?ref_src=twsrc%5Etfw\">September 2, 2025<\/a><\/blockquote><script async src=\"https:\/\/platform.twitter.com\/widgets.js\" charset=\"utf-8\"><\/script>\n<\/div><\/figure>\n\n\n\n<p class=\"wp-block-paragraph\">Hoy, la depresi\u00f3n tropical Doce-E evolucion\u00f3 a tormenta tropical. Este sistema se localiza actualmente a 385 km de Manzanillo, Colima, con vientos sostenidos de 75 km\/h (kil\u00f3metros por hora) y rachas de hasta 95 km\/h.<\/p>\n\n\n\n<p class=\"wp-block-paragraph\">Se desplaza hacia el noroeste a 22 km\/h y se prev\u00e9 que contin\u00fae su acercamiento hacia las costas de Baja California Sur.<\/p>\n\n\n\n<p class=\"wp-block-paragraph\">Gobierno de Sonora alerta por efectos de la Tormenta Tropical \u00abLorena\u00bb; habr\u00e1 lluvias intensas en la entidad<\/p>\n\n\n\n<p class=\"wp-block-paragraph\">El coordinador estatal de Protecci\u00f3n Civil, hizo un llamado a la poblaci\u00f3n a mantener las medidas preventivas ante la presencia de tormentas.<\/p>\n\n\n\n<p class=\"wp-block-paragraph\">Este fen\u00f3meno reforzar\u00e1 los pron\u00f3sticos de lluvias en Sonora, donde adem\u00e1s persistir\u00e1n los efectos del monz\u00f3n mexicano, que en interacci\u00f3n con una vaguada en altura y una divergencia, ocasionar\u00e1 tormentas el\u00e9ctricas con lluvias de fuertes a muy fuertes con precipitaci\u00f3n de 75 a 150 mm (mil\u00edmetros), acompa\u00f1adas de rachas de viento superiores a 80 km\/h en las regiones oriente, sur, norte, nororiente y centro, principalmente durante las tardes y noches.<\/p>\n\n\n\n<p class=\"wp-block-paragraph\">Armando Casta\u00f1eda S\u00e1nchez, coordinador estatal de Protecci\u00f3n Civil, hizo un llamado a la poblaci\u00f3n a mantener las medidas preventivas ante la presencia de tormentas durante toda esta semana.<\/p>\n\n\n\n<p class=\"wp-block-paragraph\">Recomend\u00f3 a la poblaci\u00f3n mantenerse informada a trav\u00e9s de fuentes oficiales como la Comisi\u00f3n Nacional del Agua y las autoridades de Protecci\u00f3n Civil.<\/p>\n\n\n\n<p class=\"wp-block-paragraph\">En caso de tormenta, resguardarse en un lugar seguro, evitar cruzar r\u00edos, arroyos o zonas con encharcamientos.<\/p>\n\n\n\n<p class=\"wp-block-paragraph\">Tambi\u00e9n, revisar las condiciones de los desag\u00fces en el hogar y no tirar basura en las calles, ya que puede provocar inundaciones al tapar alcantarillas y arroyos.<\/p>\n","protected":false},"excerpt":{"rendered":"<p>El coordinador estatal de Protecci\u00f3n Civil, hizo un llamado a la poblaci\u00f3n a mantener las medidas preventivas ante la presencia de tormentas El Gobierno de Sonora, a trav\u00e9s de la Coordinaci\u00f3n Estatal de Protecci\u00f3n Civil (CEPC), informa que la presencia de la Tormenta Tropical Lorena en el Oc\u00e9ano Pac\u00edfico incrementar\u00e1 las probabilidades de lluvias de&#8230;<\/p>\n","protected":false},"author":2,"featured_media":67370,"comment_status":"closed","ping_status":"closed","sticky":false,"template":"","format":"standard","meta":{"_crdt_document":"","_exactmetrics_skip_tracking":false,"_exactmetrics_sitenote_active":false,"_exactmetrics_sitenote_note":"","_exactmetrics_sitenote_category":0,"footnotes":""},"categories":[26,37,1,27,69],"tags":[71,74,76,28,75,30],"class_list":["post-67369","post","type-post","status-publish","format-standard","has-post-thumbnail","hentry","category-local","category-medio-ambiente","category-seguridad","category-sonora","category-ultimas-noticias","tag-alfonso-durazo","tag-hermosillo","tag-medio-ambiente","tag-nogales","tag-seguridad-publica","tag-sonora-tierra-de-oportunidades"],"_links":{"self":[{"href":"https:\/\/elpajaritonews.com\/index.php?rest_route=\/wp\/v2\/posts\/67369","targetHints":{"allow":["GET"]}}],"collection":[{"href":"https:\/\/elpajaritonews.com\/index.php?rest_route=\/wp\/v2\/posts"}],"about":[{"href":"https:\/\/elpajaritonews.com\/index.php?rest_route=\/wp\/v2\/types\/post"}],"author":[{"embeddable":true,"href":"https:\/\/elpajaritonews.com\/index.php?rest_route=\/wp\/v2\/users\/2"}],"replies":[{"embeddable":true,"href":"https:\/\/elpajaritonews.com\/index.php?rest_route=%2Fwp%2Fv2%2Fcomments&post=67369"}],"version-history":[{"count":2,"href":"https:\/\/elpajaritonews.com\/index.php?rest_route=\/wp\/v2\/posts\/67369\/revisions"}],"predecessor-version":[{"id":67372,"href":"https:\/\/elpajaritonews.com\/index.php?rest_route=\/wp\/v2\/posts\/67369\/revisions\/67372"}],"wp:featuredmedia":[{"embeddable":true,"href":"https:\/\/elpajaritonews.com\/index.php?rest_route=\/wp\/v2\/media\/67370"}],"wp:attachment":[{"href":"https:\/\/elpajaritonews.com\/index.php?rest_route=%2Fwp%2Fv2%2Fmedia&parent=67369"}],"wp:term":[{"taxonomy":"category","embeddable":true,"href":"https:\/\/elpajaritonews.com\/index.php?rest_route=%2Fwp%2Fv2%2Fcategories&post=67369"},{"taxonomy":"post_tag","embeddable":true,"href":"https:\/\/elpajaritonews.com\/index.php?rest_route=%2Fwp%2Fv2%2Ftags&post=67369"}],"curies":[{"name":"wp","href":"https:\/\/api.w.org\/{rel}","templated":true}]}}