{"id":67470,"date":"2025-09-07T16:39:22","date_gmt":"2025-09-07T23:39:22","guid":{"rendered":"https:\/\/elpajaritonews.com\/?p=67470"},"modified":"2025-09-07T16:39:25","modified_gmt":"2025-09-07T23:39:25","slug":"por-huachicol-caen-empresarios-y-ex-funcionarios-junto-con-vicealmirante","status":"publish","type":"post","link":"https:\/\/elpajaritonews.com\/?p=67470","title":{"rendered":"POR HUACHICOL, CAEN EMPRESARIOS Y EX FUNCIONARIOS JUNTO CON VICEALMIRANTE"},"content":{"rendered":"\n<p class=\"wp-block-paragraph\">La detenci\u00f3n del vicealmirante Manuel Roberto Far\u00edas Laguna, por el presunto tr\u00e1fico ilegal de combustibles de Estados Unidos a M\u00e9xico, refleja que se \u201cmantiene una pol\u00edtica de cero tolerancia a las malas pr\u00e1cticas\u201d, asegur\u00f3 la Secretar\u00eda de Marina (Semar) al confirmar el operativo donde, adem\u00e1s del oficial, fueron detenidos directivos de empresas y funcionarios, entre otros Francisco Antonio Mart\u00ednez, ex director de Administraci\u00f3n de la Aduana de Tampico, quien fue suspendido de sus funciones en mayo.<\/p>\n\n\n\n<figure class=\"wp-block-embed is-type-video is-provider-youtube wp-block-embed-youtube wp-embed-aspect-16-9 wp-has-aspect-ratio\"><div class=\"wp-block-embed__wrapper\">\n<iframe loading=\"lazy\" title=\"#EnVivo | Conferencia de Prensa 07 de septiembre de 2025\" width=\"640\" height=\"360\" src=\"https:\/\/www.youtube.com\/embed\/P31FzSQTMAc?feature=oembed\" frameborder=\"0\" allow=\"accelerometer; autoplay; clipboard-write; encrypted-media; gyroscope; picture-in-picture; web-share\" referrerpolicy=\"strict-origin-when-cross-origin\" allowfullscreen><\/iframe>\n<\/div><\/figure>\n\n\n\n<p class=\"wp-block-paragraph\">La Marina ha presentado al menos cuatro denuncias ante la Fiscal\u00eda General de la Rep\u00fablica (FGR) en contra de almirantes y otros mandos de la administraci\u00f3n pasada por la presunta comisi\u00f3n de los delitos de cohecho e irregularidades en el manejo de recursos p\u00fablicos.<\/p>\n\n\n\n<p class=\"wp-block-paragraph\">Las operaciones del grupo vincu\u00adlado a Far\u00edas Laguna \u2013sobrino pol\u00edtico del ex secretario de Marina en el gobierno federal anterior, Rafael Ojeda Dur\u00e1n\u2013 fueron descubiertas en marzo pasado, cuando se detect\u00f3 el buque tanque Challenge Procyon con 10 millones de combustible ilegal que era descargada en esa aduana, que se ingresaron a M\u00e9xico como aditivos y no como hidrocarburos, para evitar el pago de impuestos.<\/p>\n\n\n\n<figure class=\"wp-block-image size-full\"><img loading=\"lazy\" decoding=\"async\" width=\"756\" height=\"507\" src=\"https:\/\/elpajaritonews.com\/wp-content\/uploads\/2025\/09\/dfdd.jpg\" alt=\"\" class=\"wp-image-67472\" srcset=\"https:\/\/elpajaritonews.com\/wp-content\/uploads\/2025\/09\/dfdd.jpg 756w, https:\/\/elpajaritonews.com\/wp-content\/uploads\/2025\/09\/dfdd-300x200.jpg 300w\" sizes=\"auto, (max-width: 756px) 100vw, 756px\" \/><\/figure>\n\n\n\n<p class=\"wp-block-paragraph\">El titular de la Secretar\u00eda de Seguridad y Protecci\u00f3n Ciudadana (SSPC), Omar Garc\u00eda Harfuch, anticip\u00f3 que los detalles del operativo donde fueron detenidos el mando de la Marina, empresarios y funcionarios ser\u00e1n presentados este mediod\u00eda por \u00e9l mismo en una conferencia.<\/p>\n\n\n\n<p class=\"wp-block-paragraph\">Hasta el momento, la investigaci\u00f3n encabezada por C\u00e9sar Olivares Aparicio, titular de la Fiscal\u00eda Especial de Delitos en Materia de Hidrocarburos de la Fiscal\u00eda Especializada en Materia de Delincuencia Organizada (Femdo), y hombre cercano a Garc\u00eda Harfuch, ha dado como resultado la captura de siete personas, incluido Far\u00edas Laguna, quien en mayo pasado fue designado comandante de la 12 Zona Naval, con sede en Puerto Vallarta, Jalisco.<\/p>\n\n\n\n<p class=\"wp-block-paragraph\">Tras darse a conocer la detenci\u00f3n de Far\u00edas Laguna, la Semar se\u00f1al\u00f3 que para la instituci\u00f3n naval su activo m\u00e1s valioso es su gente, y que \u201cmantiene una pol\u00edtica de cero tolerancia a las malas pr\u00e1cticas\u201d. Incluso resalt\u00f3 que la instituci\u00f3n honra \u201ca quienes s\u00ed se conducen con honor, deber, lealtad y patriotismo. En la Marina la ley es para todos\u201d.<\/p>\n\n\n\n<p class=\"wp-block-paragraph\">En tanto Garc\u00eda Harfuch difundi\u00f3 a trav\u00e9s de X que, \u201ccomo resultado de trabajos de investigaci\u00f3n tras el aseguramiento de 10 millones de litros de hidrocarburo en Tampico, Tamaulipas\u201d en marzo, elementos de la Marina, la FGR y la SSPC detuvieron a directivos de empresas y algunos servidores p\u00fablicos, quienes contaban con orden de aprehensi\u00f3n.<\/p>\n\n\n\n<p class=\"wp-block-paragraph\">Se\u00f1al\u00f3 que \u201cel proceso de investigaci\u00f3n sigue en curso y seguiremos trabajando para detener a todos los involucrados en este delito como parte de la estrategia contra la corrupci\u00f3n y la impunidad del gobierno federal\u201d.<\/p>\n\n\n\n<p class=\"wp-block-paragraph\">En julio pasado, la presidenta Claudia Sheinbaum afirm\u00f3 que las pesquisas sobre el huachicol fiscal aportaban informaci\u00f3n y que se llegar\u00eda \u201chasta las \u00faltimas consecuencias. Nuestro objetivo es que todo sea legal, igual que en otros casos\u201d.<\/p>\n\n\n\n<p class=\"wp-block-paragraph\">Las indagatorias realizadas por la Fiscal\u00eda Especial de Delitos en Materia de Hidrocarburos dieron como resultado la realizaci\u00f3n de operativos en los cinco d\u00edas recientes, y as\u00ed fueron detenidas siete personas, seg\u00fan informaci\u00f3n obtenida de funcionarios federales. En el Registro Nacional de Detenciones ya se da cuenta de las aprehensiones del vicealmirante Far\u00edas Laguna y de Francisco Javier Antonio Mart\u00ednez.<\/p>\n","protected":false},"excerpt":{"rendered":"<p>La detenci\u00f3n del vicealmirante Manuel Roberto Far\u00edas Laguna, por el presunto tr\u00e1fico ilegal de combustibles de Estados Unidos a M\u00e9xico, refleja que se \u201cmantiene una pol\u00edtica de cero tolerancia a las malas pr\u00e1cticas\u201d, asegur\u00f3 la Secretar\u00eda de Marina (Semar) al confirmar el operativo donde, adem\u00e1s del oficial, fueron detenidos directivos de empresas y funcionarios, entre&#8230;<\/p>\n","protected":false},"author":2,"featured_media":67471,"comment_status":"closed","ping_status":"closed","sticky":false,"template":"","format":"standard","meta":{"_crdt_document":"","_exactmetrics_skip_tracking":false,"_exactmetrics_sitenote_active":false,"_exactmetrics_sitenote_note":"","_exactmetrics_sitenote_category":0,"footnotes":""},"categories":[17,89,88,26,23,38,82,31,1,27,69,65],"tags":[71,72,74,28,75,30],"class_list":["post-67470","post","type-post","status-publish","format-standard","has-post-thumbnail","hentry","category-arizona","category-estados-unidos","category-justicia","category-local","category-mexico","category-migracion","category-poder-judicial","category-politica","category-seguridad","category-sonora","category-ultimas-noticias","category-videos","tag-alfonso-durazo","tag-claudia-sheinbaum","tag-hermosillo","tag-nogales","tag-seguridad-publica","tag-sonora-tierra-de-oportunidades"],"_links":{"self":[{"href":"https:\/\/elpajaritonews.com\/index.php?rest_route=\/wp\/v2\/posts\/67470","targetHints":{"allow":["GET"]}}],"collection":[{"href":"https:\/\/elpajaritonews.com\/index.php?rest_route=\/wp\/v2\/posts"}],"about":[{"href":"https:\/\/elpajaritonews.com\/index.php?rest_route=\/wp\/v2\/types\/post"}],"author":[{"embeddable":true,"href":"https:\/\/elpajaritonews.com\/index.php?rest_route=\/wp\/v2\/users\/2"}],"replies":[{"embeddable":true,"href":"https:\/\/elpajaritonews.com\/index.php?rest_route=%2Fwp%2Fv2%2Fcomments&post=67470"}],"version-history":[{"count":1,"href":"https:\/\/elpajaritonews.com\/index.php?rest_route=\/wp\/v2\/posts\/67470\/revisions"}],"predecessor-version":[{"id":67473,"href":"https:\/\/elpajaritonews.com\/index.php?rest_route=\/wp\/v2\/posts\/67470\/revisions\/67473"}],"wp:featuredmedia":[{"embeddable":true,"href":"https:\/\/elpajaritonews.com\/index.php?rest_route=\/wp\/v2\/media\/67471"}],"wp:attachment":[{"href":"https:\/\/elpajaritonews.com\/index.php?rest_route=%2Fwp%2Fv2%2Fmedia&parent=67470"}],"wp:term":[{"taxonomy":"category","embeddable":true,"href":"https:\/\/elpajaritonews.com\/index.php?rest_route=%2Fwp%2Fv2%2Fcategories&post=67470"},{"taxonomy":"post_tag","embeddable":true,"href":"https:\/\/elpajaritonews.com\/index.php?rest_route=%2Fwp%2Fv2%2Ftags&post=67470"}],"curies":[{"name":"wp","href":"https:\/\/api.w.org\/{rel}","templated":true}]}}