{"id":67474,"date":"2025-09-07T17:34:58","date_gmt":"2025-09-08T00:34:58","guid":{"rendered":"https:\/\/elpajaritonews.com\/?p=67474"},"modified":"2025-09-07T17:35:03","modified_gmt":"2025-09-08T00:35:03","slug":"vaticano-canoniza-al-primer-santo-milenial-el-italiano-carlo-acutis-difundio-su-fe-en-internet","status":"publish","type":"post","link":"https:\/\/elpajaritonews.com\/?p=67474","title":{"rendered":"VATICANO CANONIZA AL PRIMER SANTO MILENIAL: EL ITALIANO CARLO ACUTIS DIFUNDI\u00d3 SU FE EN INTERNET"},"content":{"rendered":"\n<p class=\"wp-block-paragraph\">El papa Le\u00f3n tambi\u00e9n beatific\u00f3 a Pier Giorgio Frassati, un joven conocido por ayudar a los necesitados que muri\u00f3 de poliomielitis en la d\u00e9cada de 1920<\/p>\n\n\n\n<p class=\"wp-block-paragraph\">Un adolescente que muri\u00f3 de leucemia en 2006 se convirti\u00f3 el domingo en el primer santo cat\u00f3lico de la generaci\u00f3n milenial, en una ceremonia en el Vaticano presidida por el papa Le\u00f3n y a la que asistieron unos 70 mil j\u00f3venes fieles de decenas de pa\u00edses.<\/p>\n\n\n\n<p class=\"wp-block-paragraph\">Carlo Acutis, un italiano nacido en Reino Unido que muri\u00f3 a los 15 a\u00f1os, aprendi\u00f3 inform\u00e1tica para crear p\u00e1ginas web y difundir su fe. Su historia ha llamado mucho la atenci\u00f3n de la juventud cat\u00f3lica, y ahora est\u00e1 al mismo nivel que la Madre Teresa y Francisco de As\u00eds.<\/p>\n\n\n\n<p class=\"wp-block-paragraph\">Le\u00f3n, el primer pont\u00edfice estadounidense, canoniz\u00f3 el domingo a Acutis junto a Pier Giorgio Frassati, un joven italiano conocido por ayudar a los necesitados que muri\u00f3 de poliomielitis en la d\u00e9cada de 1920.<\/p>\n\n\n\n<p class=\"wp-block-paragraph\">En un discurso improvisado ante la multitud congregada en la Plaza de San Pedro en la apertura del acto, Le\u00f3n dijo que Acutis y Frassati eran ejemplos de santidad y de ayuda a los necesitados.<\/p>\n\n\n\n<p class=\"wp-block-paragraph\">\u00abTodos ustedes, todos nosotros juntos, estamos llamados a ser santos\u00bb, dijo el pont\u00edfice a la multitud.<\/p>\n\n\n\n<p class=\"wp-block-paragraph\">\u00abCarlo amaba decir que el cielo siempre nos ha estado esperando, y que amar el ma\u00f1ana es dar lo mejor de nosotros mismos hoy\u00bb, se\u00f1al\u00f3 Le\u00f3n en un serm\u00f3n posterior.<\/p>\n\n\n\n<p class=\"wp-block-paragraph\">Los dos nuevos santos, dijo el papa, \u00abson una invitaci\u00f3n a todos nosotros, especialmente a los j\u00f3venes, a no malgastar nuestras vidas, sino a dirigirlas hacia arriba (hacia el cielo)\u00bb.&nbsp;<\/p>\n\n\n\n<p class=\"wp-block-paragraph\">La canonizaci\u00f3n de Acutis hab\u00eda sido muy esperada por muchos j\u00f3venes cat\u00f3licos durante meses. Inicialmente, estaba prevista para abril, pero se pospuso tras la muerte del papa Francisco.<\/p>\n\n\n\n<p class=\"wp-block-paragraph\">El acto del domingo es el primero de este tipo liderado por Le\u00f3n, elegido papa en mayo.&nbsp;<\/p>\n\n\n\n<p class=\"wp-block-paragraph\">El lugar de descanso final del nuevo santo, donde Acutis est\u00e1 enterrado con un molde de cera de su imagen colocado sobre su cuerpo, vestido con ch\u00e1ndal, vaqueros y zapatillas deportivas, se ha convertido en un lugar de devoci\u00f3n popular, que atrae a miles de fieles cada d\u00eda.<\/p>\n\n\n\n<p class=\"wp-block-paragraph\">Carlo Acutis muri\u00f3 en 2006, con tan s\u00f3lo 15 a\u00f1os, por una leucemia fulminante, y los chicos cat\u00f3licos se han identificado con su vida al ser un amante de la tecnolog\u00eda, de internet, del deporte y los animales y ya acuden desde hace a\u00f1os en peregrinaci\u00f3n a As\u00eds donde se exhibe su cuerpo en el Santuario de la Spogliazione vestido con una sudadera, vaqueros y zapatillas de deporte.<\/p>\n\n\n\n<p class=\"wp-block-paragraph\">Con informaci\u00f3n de Reuters y EFE<\/p>\n","protected":false},"excerpt":{"rendered":"<p>El papa Le\u00f3n tambi\u00e9n beatific\u00f3 a Pier Giorgio Frassati, un joven conocido por ayudar a los necesitados que muri\u00f3 de poliomielitis en la d\u00e9cada de 1920 Un adolescente que muri\u00f3 de leucemia en 2006 se convirti\u00f3 el domingo en el primer santo cat\u00f3lico de la generaci\u00f3n milenial, en una ceremonia en el Vaticano presidida por&#8230;<\/p>\n","protected":false},"author":2,"featured_media":67475,"comment_status":"closed","ping_status":"closed","sticky":false,"template":"","format":"standard","meta":{"_crdt_document":"","_exactmetrics_skip_tracking":false,"_exactmetrics_sitenote_active":false,"_exactmetrics_sitenote_note":"","_exactmetrics_sitenote_category":0,"footnotes":""},"categories":[17,36,22,26,23,24,31,27,64,84,69],"tags":[72,280,74,28],"class_list":["post-67474","post","type-post","status-publish","format-standard","has-post-thumbnail","hentry","category-arizona","category-economia","category-escena","category-local","category-mexico","category-mundo","category-politica","category-sonora","category-travel","category-turismo","category-ultimas-noticias","tag-claudia-sheinbaum","tag-el-vaticano","tag-hermosillo","tag-nogales"],"_links":{"self":[{"href":"https:\/\/elpajaritonews.com\/index.php?rest_route=\/wp\/v2\/posts\/67474","targetHints":{"allow":["GET"]}}],"collection":[{"href":"https:\/\/elpajaritonews.com\/index.php?rest_route=\/wp\/v2\/posts"}],"about":[{"href":"https:\/\/elpajaritonews.com\/index.php?rest_route=\/wp\/v2\/types\/post"}],"author":[{"embeddable":true,"href":"https:\/\/elpajaritonews.com\/index.php?rest_route=\/wp\/v2\/users\/2"}],"replies":[{"embeddable":true,"href":"https:\/\/elpajaritonews.com\/index.php?rest_route=%2Fwp%2Fv2%2Fcomments&post=67474"}],"version-history":[{"count":1,"href":"https:\/\/elpajaritonews.com\/index.php?rest_route=\/wp\/v2\/posts\/67474\/revisions"}],"predecessor-version":[{"id":67476,"href":"https:\/\/elpajaritonews.com\/index.php?rest_route=\/wp\/v2\/posts\/67474\/revisions\/67476"}],"wp:featuredmedia":[{"embeddable":true,"href":"https:\/\/elpajaritonews.com\/index.php?rest_route=\/wp\/v2\/media\/67475"}],"wp:attachment":[{"href":"https:\/\/elpajaritonews.com\/index.php?rest_route=%2Fwp%2Fv2%2Fmedia&parent=67474"}],"wp:term":[{"taxonomy":"category","embeddable":true,"href":"https:\/\/elpajaritonews.com\/index.php?rest_route=%2Fwp%2Fv2%2Fcategories&post=67474"},{"taxonomy":"post_tag","embeddable":true,"href":"https:\/\/elpajaritonews.com\/index.php?rest_route=%2Fwp%2Fv2%2Ftags&post=67474"}],"curies":[{"name":"wp","href":"https:\/\/api.w.org\/{rel}","templated":true}]}}