{"id":67477,"date":"2025-09-07T17:50:13","date_gmt":"2025-09-08T00:50:13","guid":{"rendered":"https:\/\/elpajaritonews.com\/?p=67477"},"modified":"2025-09-07T17:50:17","modified_gmt":"2025-09-08T00:50:17","slug":"eu-instala-mas-alambrada-de-navajas-en-muro-fronterizo-con-mexico-activistas-lo-califican-de-inhumano","status":"publish","type":"post","link":"https:\/\/elpajaritonews.com\/?p=67477","title":{"rendered":"EU INSTALA M\u00c1S ALAMBRADA DE NAVAJAS EN MURO FRONTERIZO CON M\u00c9XICO; ACTIVISTAS LO CALIFICAN DE INHUMANO"},"content":{"rendered":"\n<p class=\"wp-block-paragraph\">EU instala m\u00e1s alambrada de navajas en muro fronterizo con M\u00e9xico<\/p>\n\n\n\n<p class=\"wp-block-paragraph\">Estos trabajos, que se fortalecieron tras la visita de la secretaria de Seguridad de Estados Unidos, Kristi Noem.<\/p>\n\n\n\n<p class=\"wp-block-paragraph\">El gobierno de Estados Unidos instal\u00f3 en la frontera con M\u00e9xico m\u00e1s alambrada de navajas en lo alto del muro fronterizo entre ambos pa\u00edses, lo que hace a este tramo de la l\u00ednea divisoria entre ambos pa\u00edses un lugar m\u00e1s hostil.<\/p>\n\n\n\n<p class=\"wp-block-paragraph\">A ello se agreg\u00f3 la colocaci\u00f3n de tanquetas militares, pintar de negro el muro para elevar la temperatura de las barras de metal y hacer m\u00e1s dif\u00edcil su escalada, y la construcci\u00f3n de un segundo muro en el \u00e1rea de Jer\u00f3nimo-Santa Teresa, Nuevo M\u00e9xico, medidas que activistas y organizaciones religiosas califican de \u201cinhumanas\u201d y \u201ccrueles\u201d.<\/p>\n\n\n\n<p class=\"wp-block-paragraph\">Estos trabajos, que se fortalecieron tras la visita de la secretaria de Seguridad de Estados Unidos, Kristi Noem, han despertado preocupaci\u00f3n entre albergues de migrantes en Ciudad Ju\u00e1rez y representantes de la Iglesia cat\u00f3lica y evang\u00e9lica, quienes advirtieron que las acciones no frenar\u00e1n la migraci\u00f3n, pero s\u00ed har\u00e1n m\u00e1s peligroso el cruce irregular.<\/p>\n\n\n\n<p class=\"wp-block-paragraph\">Medida en la frontera, retroceso en materia humanitaria<\/p>\n\n\n\n<p class=\"wp-block-paragraph\">El p\u00e1rroco Javier Calvillo Salazar, responsable de la parroquia Mater Dolorosa y ex director de la Casa del Migrante, asegur\u00f3 que estas medidas son un retroceso en materia humanitaria.<\/p>\n\n\n\n<p class=\"wp-block-paragraph\">\u201cDefinitivamente como iglesia decimos que esto es totalmente cruel. La Iglesia cat\u00f3lica nunca va a permitir m\u00e9todos que afecten la vida, la dignidad de la persona y el ser humano, en especial de los m\u00e1s vulnerables como son los migrantes\u201d, afirm\u00f3.<\/p>\n\n\n\n<p class=\"wp-block-paragraph\">Record\u00f3 que en otras ocasiones se han implementado barreras f\u00edsicas y acciones violentas, sin que ello detuviera la migraci\u00f3n.<\/p>\n\n\n\n<p class=\"wp-block-paragraph\">\u201cMi pregunta es, \u00bffuncion\u00f3, par\u00f3 la migraci\u00f3n? No. T\u00fa puedes poner muros, puedes gastar, poner drones, m\u00e1s seguridad, m\u00e1s revisi\u00f3n, pero nunca un m\u00e9todo va a poder superar la mente, la voluntad o la potencia que tiene el ser humano, as\u00ed sea migrante, nunca\u201d, a\u00f1adi\u00f3.<\/p>\n\n\n\n<p class=\"wp-block-paragraph\">Por su parte, el pastor Juan Fierro Garc\u00eda, director del albergue El Buen Samaritano, explic\u00f3 que los refugios en Ju\u00e1rez atraviesan un periodo de vaciamiento, debido a que las personas han desistido de esperar nuevas pol\u00edticas migratorias en Estados Unidos.<\/p>\n\n\n\n<p class=\"wp-block-paragraph\">\u201cLo que est\u00e1 pasando es que las personas que se encontraban esperando si hab\u00eda alg\u00fan programa nuevo de migraci\u00f3n, ya se dieron cuenta que no, que pr\u00e1cticamente la pol\u00edtica actual de Estados Unidos es no recibir migrantes, sino al contrario, es expulsarlos\u201d, se\u00f1al\u00f3.<\/p>\n\n\n\n<p class=\"wp-block-paragraph\">Fierro advirti\u00f3 que las medidas de reforzamiento solo incrementan el riesgo para quienes buscan cruzar.<\/p>\n\n\n\n<p class=\"wp-block-paragraph\">\u201cTodo esto, lo \u00fanico que est\u00e1 pasando es que se pone m\u00e1s peligroso para ellos y para los ni\u00f1os, que en ocasiones hay ni\u00f1os o mujeres, y son lastimados pr\u00e1cticamente con estas p\u00faas de navaja o con el muro que ahora tenga color negro, va a estar m\u00e1s caliente\u201d, expres\u00f3.<\/p>\n\n\n\n<p class=\"wp-block-paragraph\">El albergue que dirige lleg\u00f3 a recibir hasta 260 personas, pero hoy apenas alberga una decena.&nbsp;<\/p>\n\n\n\n<p class=\"wp-block-paragraph\">\u201cEstados Unidos en este momento le est\u00e1 diciendo a los migrantes, no son bienvenidos y si cruzan van a enfrentar consecuencias\u201d, concluy\u00f3.<\/p>\n\n\n\n<p class=\"wp-block-paragraph\">A inicios de agosto, la Casa Blanca inform\u00f3 de que la Administraci\u00f3n del presidente estadounidense, Donald Trump, ha arrestado a m\u00e1s de 300 mil migrantes indocumentados en los primeros seis meses desde su regreso al poder.<\/p>\n\n\n\n<p class=\"wp-block-paragraph\">Desde el inicio de su Gobierno en enero pasado, Trump ha redoblado su pol\u00edtica antiinmigratoria, reforzado el mandato de agencias como el Servicio de Inmigraci\u00f3n y Control de Aduanas (ICE) e impulsado el incremento de los arrestos para cumplir su promesa de llevar a cabo una hist\u00f3rica campa\u00f1a de deportaci\u00f3n masiva de indocumentados.<\/p>\n","protected":false},"excerpt":{"rendered":"<p>EU instala m\u00e1s alambrada de navajas en muro fronterizo con M\u00e9xico Estos trabajos, que se fortalecieron tras la visita de la secretaria de Seguridad de Estados Unidos, Kristi Noem. El gobierno de Estados Unidos instal\u00f3 en la frontera con M\u00e9xico m\u00e1s alambrada de navajas en lo alto del muro fronterizo entre ambos pa\u00edses, lo que&#8230;<\/p>\n","protected":false},"author":2,"featured_media":67478,"comment_status":"closed","ping_status":"closed","sticky":false,"template":"","format":"standard","meta":{"_crdt_document":"","_exactmetrics_skip_tracking":false,"_exactmetrics_sitenote_active":false,"_exactmetrics_sitenote_note":"","_exactmetrics_sitenote_category":0,"footnotes":""},"categories":[17,80,89,37,23,38,24,31,27,84,69],"tags":[71,72,74,76,28,75,30],"class_list":["post-67477","post","type-post","status-publish","format-standard","has-post-thumbnail","hentry","category-arizona","category-derechos-humanos","category-estados-unidos","category-medio-ambiente","category-mexico","category-migracion","category-mundo","category-politica","category-sonora","category-turismo","category-ultimas-noticias","tag-alfonso-durazo","tag-claudia-sheinbaum","tag-hermosillo","tag-medio-ambiente","tag-nogales","tag-seguridad-publica","tag-sonora-tierra-de-oportunidades"],"_links":{"self":[{"href":"https:\/\/elpajaritonews.com\/index.php?rest_route=\/wp\/v2\/posts\/67477","targetHints":{"allow":["GET"]}}],"collection":[{"href":"https:\/\/elpajaritonews.com\/index.php?rest_route=\/wp\/v2\/posts"}],"about":[{"href":"https:\/\/elpajaritonews.com\/index.php?rest_route=\/wp\/v2\/types\/post"}],"author":[{"embeddable":true,"href":"https:\/\/elpajaritonews.com\/index.php?rest_route=\/wp\/v2\/users\/2"}],"replies":[{"embeddable":true,"href":"https:\/\/elpajaritonews.com\/index.php?rest_route=%2Fwp%2Fv2%2Fcomments&post=67477"}],"version-history":[{"count":1,"href":"https:\/\/elpajaritonews.com\/index.php?rest_route=\/wp\/v2\/posts\/67477\/revisions"}],"predecessor-version":[{"id":67479,"href":"https:\/\/elpajaritonews.com\/index.php?rest_route=\/wp\/v2\/posts\/67477\/revisions\/67479"}],"wp:featuredmedia":[{"embeddable":true,"href":"https:\/\/elpajaritonews.com\/index.php?rest_route=\/wp\/v2\/media\/67478"}],"wp:attachment":[{"href":"https:\/\/elpajaritonews.com\/index.php?rest_route=%2Fwp%2Fv2%2Fmedia&parent=67477"}],"wp:term":[{"taxonomy":"category","embeddable":true,"href":"https:\/\/elpajaritonews.com\/index.php?rest_route=%2Fwp%2Fv2%2Fcategories&post=67477"},{"taxonomy":"post_tag","embeddable":true,"href":"https:\/\/elpajaritonews.com\/index.php?rest_route=%2Fwp%2Fv2%2Ftags&post=67477"}],"curies":[{"name":"wp","href":"https:\/\/api.w.org\/{rel}","templated":true}]}}