{"id":67480,"date":"2025-09-07T18:06:29","date_gmt":"2025-09-08T01:06:29","guid":{"rendered":"https:\/\/elpajaritonews.com\/?p=67480"},"modified":"2025-09-07T18:06:32","modified_gmt":"2025-09-08T01:06:32","slug":"da-su-informe-de-los-primeros-50-dias-de-trabajo-diputada-natalia-rivera-de-movimiento-ciudadano","status":"publish","type":"post","link":"https:\/\/elpajaritonews.com\/?p=67480","title":{"rendered":"DA SU INFORME DE LOS PRIMEROS 50 D\u00cdAS DE TRABAJO DIPUTADA NATALIA RIVERA DE MOVIMIENTO CIUDADANO"},"content":{"rendered":"\n<p class=\"wp-block-paragraph\">En los primeros 50 d\u00edas de trabajo se han recorrido 6,400 kil\u00f3metros de trabajo y organizaci\u00f3n en Movimiento Ciudadano Sonora.<\/p>\n\n\n\n<p class=\"wp-block-paragraph\">Con la suma de miles de voluntades ciudadanas, Movimiento Ciudadano se ha consolidado como la segunda fuerza pol\u00edtica en M\u00e9xico y construye la alternativa real para Sonora, expres\u00f3 Natalia Rivera Grijalva.&nbsp;<\/p>\n\n\n\n<p class=\"wp-block-paragraph\">La Coordinadora Estatal de MC, Natalia Rivera dijo que&nbsp; en los primeros 50 d\u00edas de trabajo se han instalado 9 Coordinaciones Municipales, gira de trabajo&nbsp; a 17 municipios sumando 6,400 kil\u00f3metros recorridos, apertura de 3 Casas Naranja, 34 municipios atendidos y escuchados, programas de acercamiento directo con los y las ciudadanas y suma de liderazgos.<\/p>\n\n\n\n<p class=\"wp-block-paragraph\">En la D\u00e9cima Novena Sesi\u00f3n Ordinaria de la Coordinadora Ciudadana Estatal, se reafirm\u00f3 el compromiso de representar a la fuerza pol\u00edtica que escucha, entiende y construye soluciones junto con la gente, avanzando con hechos y resultados visibles.<\/p>\n\n\n\n<p class=\"wp-block-paragraph\">\u201cEncabezamos en Sonora el trabajo que acertadamente hizo el jefe Dante y ahora lo continua el General Maynez de construir lo que hoy es una realidad: la segunda fuerza pol\u00edtica en M\u00e9xico y la organizaci\u00f3n ciudadana con mayor crecimiento en el pa\u00eds\u201d, asegur\u00f3 Natalia Rivera.<\/p>\n\n\n\n<p class=\"wp-block-paragraph\">\u201cAs\u00ed estamos trabajando en Sonora, intensamente,&nbsp; porque tenemos claro hacia d\u00f3nde vamos; porque le apostamos a la organizaci\u00f3n, a la construcci\u00f3n, a la suma que multiplica los esfuerzos, con orden, transparencia y resultados que permiten&nbsp; encabezar las causas de la gente\u201d.<\/p>\n\n\n\n<p class=\"wp-block-paragraph\">Dijo que los resultados de&nbsp; Movimiento Ciudadano a nivel nacional han sido a base de trabajo; por ello, en Sonora se seguir\u00e1 la misma l\u00ednea que lleva a posicionar a la \u00fanica alternativa para las y los ciudadanos.&nbsp;<\/p>\n\n\n\n<p class=\"wp-block-paragraph\">En la sesi\u00f3n ordinaria se aprobaron por unanimidad resoluciones trascendentales para el fortalecimiento del movimiento y de la participaci\u00f3n ciudadana:<\/p>\n\n\n\n<p class=\"wp-block-paragraph\">I. Constituci\u00f3n de 14 Comisiones Municipales en: Altar, Pitiquito, Naco, \u00d3navas, San Miguel de Horcasitas, Villa Hidalgo, Granados, Cumpas, N\u00e1cori Chico, Fronteras, B\u00e1cum, Plutarco El\u00edas Calles, \u00cdmuris y Magdalena.<\/p>\n\n\n\n<p class=\"wp-block-paragraph\">II. Instalaci\u00f3n de 6 Coordinaciones Operativas Municipales en: Cajeme, Caborca, Agua Prieta, Navojoa, Empalme y San Luis R\u00edo Colorado.<\/p>\n\n\n\n<p class=\"wp-block-paragraph\">III. Conformaci\u00f3n de la Comisi\u00f3n de Organizaci\u00f3n Electoral, integrada por:<\/p>\n\n\n\n<p class=\"wp-block-paragraph\">\u2022 Gabriel Jes\u00fas Perales Lupio, Coordinador Estatal.<\/p>\n\n\n\n<p class=\"wp-block-paragraph\">\u2022 Ing. Heriberto Muro V\u00e1squez, Secretario T\u00e9cnico.<\/p>\n\n\n\n<p class=\"wp-block-paragraph\">\u2022 Coordinadores Distritales: Roberto Valenzuela (01), Alfonso Heredia y Laura Peralta (02), Lindoro Galindo (03), Andr\u00e9s Castillo (04), Javier P\u00e9rez y Adriana Gonz\u00e1lez (05), Hern\u00e1n Delgadillo (06) y Marisela Corral (07).<\/p>\n\n\n\n<p class=\"wp-block-paragraph\">IV. Aprobaci\u00f3n del Programa General de Actividades de septiembre a diciembre de 2025.&nbsp;<\/p>\n\n\n\n<p class=\"wp-block-paragraph\">V. Nombramiento de Leissa Gisel Ortiz Ben\u00edtez como Secretaria de Propaganda de la Coordinaci\u00f3n Estatal.<\/p>\n\n\n\n<p class=\"wp-block-paragraph\">VI. Rendici\u00f3n de informes de actividades (julio-septiembre 2025) y del estado financiero.<\/p>\n\n\n\n<p class=\"wp-block-paragraph\">VII. Presentaci\u00f3n de Coordinadores Regionales de la Comisi\u00f3n Operativa Estatal: Alan Renter\u00eda (Distrito 01), Perla Corina Padilla (Distrito 02), Rogelio Enrique Cota (Distritos 03 y 05), Juli\u00e1n Loreto (Distrito 04), Manuel Scott (Distrito 06), Dolores Oz\u00faa (Distrito 07).<\/p>\n\n\n\n<p class=\"wp-block-paragraph\">La sesi\u00f3n concluy\u00f3 con la declaratoria de clausura a cargo del diputado Manuel Scott S\u00e1nchez, quien subray\u00f3 que Movimiento Ciudadano Sonora seguir\u00e1 trabajando con firmeza para consolidarse como una alternativa ciudadana fuerte, organizada y transparente.<\/p>\n\n\n\n<p class=\"wp-block-paragraph\">Se cont\u00f3 con la valiosa presencia de Alfonso Vidales, secretario nacional de c\u00edrculos ciudadanos; Gustavo Almada, B\u00f3rquez, presidente del Consejo ciudadano estatal; Jorge Russo, salido, secretario de acuerdos de MS Sonora; Ver\u00f3nica Valenzuela, Avil\u00e9s, integrante de la Comisi\u00f3n operativa, estatal y Alcalde de \u00d3navas.<\/p>\n\n\n\n<p class=\"wp-block-paragraph\">As\u00ed como Secretarios Estatales, integrantes de la Coordinadora Ciudadana Estatal, Alcaldes y Alcaldesas, Regidores y Regidoras, Coordinadores y Comisionados municipales, as\u00ed como militantes y simpatizantes de la fuerza naranja en Sonora.<\/p>\n\n\n\n<figure class=\"wp-block-embed is-type-rich is-provider-twitter wp-block-embed-twitter\"><div class=\"wp-block-embed__wrapper\">\n<blockquote class=\"twitter-tweet\" data-width=\"550\" data-dnt=\"true\"><p lang=\"es\" dir=\"ltr\">En los primeros 50 d\u00edas de trabajo la dirigente de MC en#Sonora <a href=\"https:\/\/twitter.com\/NataliaRiveraGr?ref_src=twsrc%5Etfw\">@NataliaRiveraGr<\/a> ha instalado 9 Coordinaciones Municipales, gira de trabajo  a 17 municipios sumando 6,400 kil\u00f3metros recorridos, apertura de 3 Casas Naranja, 34 municipios atendidos. <br><br>Conf\u00eda en que en 2027 se\u2026 <a href=\"https:\/\/t.co\/KpI3zgMJYs\">pic.twitter.com\/KpI3zgMJYs<\/a><\/p>&mdash; \u201cGrillotzin\u201d (@hiramrodriguez1) <a href=\"https:\/\/twitter.com\/hiramrodriguez1\/status\/1964836265767084361?ref_src=twsrc%5Etfw\">September 7, 2025<\/a><\/blockquote><script async src=\"https:\/\/platform.twitter.com\/widgets.js\" charset=\"utf-8\"><\/script>\n<\/div><\/figure>\n","protected":false},"excerpt":{"rendered":"<p>En los primeros 50 d\u00edas de trabajo se han recorrido 6,400 kil\u00f3metros de trabajo y organizaci\u00f3n en Movimiento Ciudadano Sonora. Con la suma de miles de voluntades ciudadanas, Movimiento Ciudadano se ha consolidado como la segunda fuerza pol\u00edtica en M\u00e9xico y construye la alternativa real para Sonora, expres\u00f3 Natalia Rivera Grijalva.&nbsp; La Coordinadora Estatal de&#8230;<\/p>\n","protected":false},"author":2,"featured_media":67481,"comment_status":"closed","ping_status":"closed","sticky":false,"template":"","format":"standard","meta":{"_crdt_document":"","_exactmetrics_skip_tracking":false,"_exactmetrics_sitenote_active":false,"_exactmetrics_sitenote_note":"","_exactmetrics_sitenote_category":0,"footnotes":""},"categories":[20,26,31,27,69,65],"tags":[73],"class_list":["post-67480","post","type-post","status-publish","format-standard","has-post-thumbnail","hentry","category-congreso","category-local","category-politica","category-sonora","category-ultimas-noticias","category-videos","tag-congreso-del-estado-de-sonora"],"_links":{"self":[{"href":"https:\/\/elpajaritonews.com\/index.php?rest_route=\/wp\/v2\/posts\/67480","targetHints":{"allow":["GET"]}}],"collection":[{"href":"https:\/\/elpajaritonews.com\/index.php?rest_route=\/wp\/v2\/posts"}],"about":[{"href":"https:\/\/elpajaritonews.com\/index.php?rest_route=\/wp\/v2\/types\/post"}],"author":[{"embeddable":true,"href":"https:\/\/elpajaritonews.com\/index.php?rest_route=\/wp\/v2\/users\/2"}],"replies":[{"embeddable":true,"href":"https:\/\/elpajaritonews.com\/index.php?rest_route=%2Fwp%2Fv2%2Fcomments&post=67480"}],"version-history":[{"count":1,"href":"https:\/\/elpajaritonews.com\/index.php?rest_route=\/wp\/v2\/posts\/67480\/revisions"}],"predecessor-version":[{"id":67482,"href":"https:\/\/elpajaritonews.com\/index.php?rest_route=\/wp\/v2\/posts\/67480\/revisions\/67482"}],"wp:featuredmedia":[{"embeddable":true,"href":"https:\/\/elpajaritonews.com\/index.php?rest_route=\/wp\/v2\/media\/67481"}],"wp:attachment":[{"href":"https:\/\/elpajaritonews.com\/index.php?rest_route=%2Fwp%2Fv2%2Fmedia&parent=67480"}],"wp:term":[{"taxonomy":"category","embeddable":true,"href":"https:\/\/elpajaritonews.com\/index.php?rest_route=%2Fwp%2Fv2%2Fcategories&post=67480"},{"taxonomy":"post_tag","embeddable":true,"href":"https:\/\/elpajaritonews.com\/index.php?rest_route=%2Fwp%2Fv2%2Ftags&post=67480"}],"curies":[{"name":"wp","href":"https:\/\/api.w.org\/{rel}","templated":true}]}}