{"id":67558,"date":"2025-09-11T19:18:05","date_gmt":"2025-09-12T02:18:05","guid":{"rendered":"https:\/\/elpajaritonews.com\/?p=67558"},"modified":"2025-09-11T19:18:07","modified_gmt":"2025-09-12T02:18:07","slug":"gobierno-de-sonora-impulsa-proyecto-de-bioconstruccion-con-carrizo-en-el-bosque-urbano-la-sauceda","status":"publish","type":"post","link":"https:\/\/elpajaritonews.com\/?p=67558","title":{"rendered":"GOBIERNO DE SONORA IMPULSA PROYECTO DE BIOCONSTRUCCI\u00d3N CON CARRIZO EN EL BOSQUE URBANO LA SAUCEDA"},"content":{"rendered":"\n<p class=\"wp-block-paragraph\">El Gobierno de Sonora, a trav\u00e9s del Bosque Urbano La Sauceda, dio inicio a un nuevo proyecto de bioconstrucci\u00f3n, con la creaci\u00f3n de espacios de sombra construidos con carrizo, un material natural, local y renovable.<\/p>\n\n\n\n<p class=\"wp-block-paragraph\">Estas primeras estructuras, tipo palapas, forman parte de una estrategia integral para regenerar el bosque urbano desde una perspectiva ecol\u00f3gica y participativa. Utilizando t\u00e9cnicas artesanales con materiales naturales y sostenibles, el proyecto promueve una manera distinta de habitar los espacios de esparcimiento urbano.<\/p>\n\n\n\n<p class=\"wp-block-paragraph\">Adem\u00e1s de ofrecer soluciones clim\u00e1ticas accesibles, el uso del carrizo en la construcci\u00f3n rescata saberes locales y fomenta el trabajo colaborativo.<\/p>\n\n\n\n<p class=\"wp-block-paragraph\">A lo largo del proceso se llevar\u00e1n a cabo jornadas de voluntariado que invitan a la ciudadan\u00eda a involucrarse directamente en la transformaci\u00f3n del espacio.<\/p>\n\n\n\n<p class=\"wp-block-paragraph\">Con este tipo de acciones, el Gobierno de Sonora reafirma su compromiso con el desarrollo sustentable y la construcci\u00f3n de espacios p\u00fablicos que conectan con el entorno natural.<\/p>\n","protected":false},"excerpt":{"rendered":"<p>El Gobierno de Sonora, a trav\u00e9s del Bosque Urbano La Sauceda, dio inicio a un nuevo proyecto de bioconstrucci\u00f3n, con la creaci\u00f3n de espacios de sombra construidos con carrizo, un material natural, local y renovable. Estas primeras estructuras, tipo palapas, forman parte de una estrategia integral para regenerar el bosque urbano desde una perspectiva ecol\u00f3gica&#8230;<\/p>\n","protected":false},"author":2,"featured_media":67559,"comment_status":"closed","ping_status":"closed","sticky":false,"template":"","format":"standard","meta":{"_crdt_document":"","_exactmetrics_skip_tracking":false,"_exactmetrics_sitenote_active":false,"_exactmetrics_sitenote_note":"","_exactmetrics_sitenote_category":0,"footnotes":""},"categories":[80,26,37,31,27,69],"tags":[71,74,76,30],"class_list":["post-67558","post","type-post","status-publish","format-standard","has-post-thumbnail","hentry","category-derechos-humanos","category-local","category-medio-ambiente","category-politica","category-sonora","category-ultimas-noticias","tag-alfonso-durazo","tag-hermosillo","tag-medio-ambiente","tag-sonora-tierra-de-oportunidades"],"_links":{"self":[{"href":"https:\/\/elpajaritonews.com\/index.php?rest_route=\/wp\/v2\/posts\/67558","targetHints":{"allow":["GET"]}}],"collection":[{"href":"https:\/\/elpajaritonews.com\/index.php?rest_route=\/wp\/v2\/posts"}],"about":[{"href":"https:\/\/elpajaritonews.com\/index.php?rest_route=\/wp\/v2\/types\/post"}],"author":[{"embeddable":true,"href":"https:\/\/elpajaritonews.com\/index.php?rest_route=\/wp\/v2\/users\/2"}],"replies":[{"embeddable":true,"href":"https:\/\/elpajaritonews.com\/index.php?rest_route=%2Fwp%2Fv2%2Fcomments&post=67558"}],"version-history":[{"count":1,"href":"https:\/\/elpajaritonews.com\/index.php?rest_route=\/wp\/v2\/posts\/67558\/revisions"}],"predecessor-version":[{"id":67560,"href":"https:\/\/elpajaritonews.com\/index.php?rest_route=\/wp\/v2\/posts\/67558\/revisions\/67560"}],"wp:featuredmedia":[{"embeddable":true,"href":"https:\/\/elpajaritonews.com\/index.php?rest_route=\/wp\/v2\/media\/67559"}],"wp:attachment":[{"href":"https:\/\/elpajaritonews.com\/index.php?rest_route=%2Fwp%2Fv2%2Fmedia&parent=67558"}],"wp:term":[{"taxonomy":"category","embeddable":true,"href":"https:\/\/elpajaritonews.com\/index.php?rest_route=%2Fwp%2Fv2%2Fcategories&post=67558"},{"taxonomy":"post_tag","embeddable":true,"href":"https:\/\/elpajaritonews.com\/index.php?rest_route=%2Fwp%2Fv2%2Ftags&post=67558"}],"curies":[{"name":"wp","href":"https:\/\/api.w.org\/{rel}","templated":true}]}}