{"id":67566,"date":"2025-09-11T20:29:23","date_gmt":"2025-09-12T03:29:23","guid":{"rendered":"https:\/\/elpajaritonews.com\/?p=67566"},"modified":"2025-09-11T20:29:25","modified_gmt":"2025-09-12T03:29:25","slug":"gobernador-durazo-y-presidenta-sheinbaum-garantizan-a-familias-sonorenses-salud-de-calidad-con-infraestructura-moderna","status":"publish","type":"post","link":"https:\/\/elpajaritonews.com\/?p=67566","title":{"rendered":"GOBERNADOR DURAZO Y PRESIDENTA SHEINBAUM GARANTIZAN A FAMILIAS SONORENSES SALUD DE CALIDAD CON INFRAESTRUCTURA MODERNA"},"content":{"rendered":"\n<p class=\"wp-block-paragraph\">&#8211; El mandatario sonorense asegur\u00f3 que con el respaldo de la presidenta Sheinbaum Pardo, se avanza en la transformaci\u00f3n del sector salud, para que las familias cuenten con atenci\u00f3n integral y acceso a instalaciones modernas y equipadas.<\/p>\n\n\n\n<p class=\"wp-block-paragraph\">&#8211; En estrecha coordinaci\u00f3n entre el Gobierno de Sonora y Gobierno de M\u00e9xico se desarrollan programas y acciones que impactar\u00e1n de manera positiva a las familias, con proyectos como la creaci\u00f3n de centros que reemplazar\u00e1n a las estancias infantiles subrogadas, para brindar un cuidado integral a los menores.<\/p>\n\n\n\n<p class=\"wp-block-paragraph\">Como muestra de su compromiso con el bienestar y el fortalecimiento de la salud de las y los sonorenses, el gobernador Alfonso Durazo Monta\u00f1o y la presidenta Claudia Sheinbaum Pardo, implementar\u00e1n un paquete de acciones para garantizar un sistema de salud de primer nivel.<\/p>\n\n\n\n<p class=\"wp-block-paragraph\">El jefe del Ejecutivo estatal enfatiz\u00f3 que uno de los proyectos estrat\u00e9gicos anunciados por la presidenta Sheinbaum Pardo en su pasada visita a Hermosillo, es la construcci\u00f3n de 47 Centros de Educaci\u00f3n Integral Infantil en el estado, mismos que reemplazar\u00e1n a las estancias subrogadas, con el fin de para brindar un cuidado integral a los menores, apoyar a las madres trabajadoras y brindar un servicio de calidad.<\/p>\n\n\n\n<p class=\"wp-block-paragraph\">\u201cEstamos muy contentos con el anuncio de la presidenta Claudia Sheinbaum en beneficio de Sonora, lo cual vendr\u00e1 a reforzar el sistema de salud con programas y acciones enfocadas en garantizar una infraestructura m\u00e9dica con recursos para la rehabilitaci\u00f3n de hospitales, abasto de medicamentos y contrataci\u00f3n de personal m\u00e9dico especializado\u201d, asever\u00f3 el gobernador Durazo Monta\u00f1o.<\/p>\n\n\n\n<p class=\"wp-block-paragraph\">El mandatario sonorense detall\u00f3 que, otro de los programas de inversi\u00f3n en infraestructura hospitalaria en Sonora, contempla la rehabilitaci\u00f3n y equipamiento del Hospital General del IMSS \u201cErnesto Ramos Bours\u201d en Hermosillo; la construcci\u00f3n y equipamiento de hospitales generales en Navojoa y San Luis R\u00edo Colorado; as\u00ed como la sustituci\u00f3n y modernizaci\u00f3n del Hospital General n\u00famero 4 del IMSS en Guaymas.<\/p>\n\n\n\n<p class=\"wp-block-paragraph\">Con estas iniciativas promovidas por el gobernador Durazo Monta\u00f1o y la presidenta Sheinbaum Pardo, se refrenda el compromiso de garantizar que la salud p\u00fablica sea de calidad, m\u00e1s cercana y eficiente para las y los sonorenses.<\/p>\n","protected":false},"excerpt":{"rendered":"<p>&#8211; El mandatario sonorense asegur\u00f3 que con el respaldo de la presidenta Sheinbaum Pardo, se avanza en la transformaci\u00f3n del sector salud, para que las familias cuenten con atenci\u00f3n integral y acceso a instalaciones modernas y equipadas. &#8211; En estrecha coordinaci\u00f3n entre el Gobierno de Sonora y Gobierno de M\u00e9xico se desarrollan programas y acciones&#8230;<\/p>\n","protected":false},"author":2,"featured_media":67567,"comment_status":"closed","ping_status":"closed","sticky":false,"template":"","format":"standard","meta":{"_crdt_document":"","_exactmetrics_skip_tracking":false,"_exactmetrics_sitenote_active":false,"_exactmetrics_sitenote_note":"","_exactmetrics_sitenote_category":0,"footnotes":""},"categories":[80,26,31,32,27,69],"tags":[72,74,28,75,30],"class_list":["post-67566","post","type-post","status-publish","format-standard","has-post-thumbnail","hentry","category-derechos-humanos","category-local","category-politica","category-salud","category-sonora","category-ultimas-noticias","tag-claudia-sheinbaum","tag-hermosillo","tag-nogales","tag-seguridad-publica","tag-sonora-tierra-de-oportunidades"],"_links":{"self":[{"href":"https:\/\/elpajaritonews.com\/index.php?rest_route=\/wp\/v2\/posts\/67566","targetHints":{"allow":["GET"]}}],"collection":[{"href":"https:\/\/elpajaritonews.com\/index.php?rest_route=\/wp\/v2\/posts"}],"about":[{"href":"https:\/\/elpajaritonews.com\/index.php?rest_route=\/wp\/v2\/types\/post"}],"author":[{"embeddable":true,"href":"https:\/\/elpajaritonews.com\/index.php?rest_route=\/wp\/v2\/users\/2"}],"replies":[{"embeddable":true,"href":"https:\/\/elpajaritonews.com\/index.php?rest_route=%2Fwp%2Fv2%2Fcomments&post=67566"}],"version-history":[{"count":1,"href":"https:\/\/elpajaritonews.com\/index.php?rest_route=\/wp\/v2\/posts\/67566\/revisions"}],"predecessor-version":[{"id":67568,"href":"https:\/\/elpajaritonews.com\/index.php?rest_route=\/wp\/v2\/posts\/67566\/revisions\/67568"}],"wp:featuredmedia":[{"embeddable":true,"href":"https:\/\/elpajaritonews.com\/index.php?rest_route=\/wp\/v2\/media\/67567"}],"wp:attachment":[{"href":"https:\/\/elpajaritonews.com\/index.php?rest_route=%2Fwp%2Fv2%2Fmedia&parent=67566"}],"wp:term":[{"taxonomy":"category","embeddable":true,"href":"https:\/\/elpajaritonews.com\/index.php?rest_route=%2Fwp%2Fv2%2Fcategories&post=67566"},{"taxonomy":"post_tag","embeddable":true,"href":"https:\/\/elpajaritonews.com\/index.php?rest_route=%2Fwp%2Fv2%2Ftags&post=67566"}],"curies":[{"name":"wp","href":"https:\/\/api.w.org\/{rel}","templated":true}]}}