{"id":67569,"date":"2025-09-11T21:02:49","date_gmt":"2025-09-12T04:02:49","guid":{"rendered":"https:\/\/elpajaritonews.com\/?p=67569"},"modified":"2025-09-11T21:02:52","modified_gmt":"2025-09-12T04:02:52","slug":"unam-confirma-fallecimiento-de-ana-daniela-barragan-estudiante-herida-en-explosion-de-iztapalapa","status":"publish","type":"post","link":"https:\/\/elpajaritonews.com\/?p=67569","title":{"rendered":"UNAM CONFIRMA FALLECIMIENTO DE ANA DANIELA BARRAG\u00c1N, ESTUDIANTE HERIDA EN EXPLOSI\u00d3N DE IZTAPALAPA"},"content":{"rendered":"\n<p class=\"wp-block-paragraph\">El celular quemado de la joven de 19 a\u00f1os ayud\u00f3 a alertar a sus familiares sobre su presencia en el accidente<\/p>\n\n\n\n<p class=\"wp-block-paragraph\">La Universidad Nacional Aut\u00f3noma de M\u00e9xico (UNAM) confirm\u00f3 la muerte de Ana Daniela Barrag\u00e1n Ram\u00edrez, estudiante de FES Cuautitl\u00e1n que fue herida durante la explosi\u00f3n de una pipa de gas en el Puente de La Concordia, en Iztapalapa.<\/p>\n\n\n\n\n\n<p class=\"wp-block-paragraph\">\u201cUniversidad Nacional Aut\u00f3noma de M\u00e9xico Facultad de Estudios Superiores Cuautitl\u00e1n lamentan el sensible fallecimiento de nuestra alumna Ana Daniela Barrag\u00e1n Ram\u00edrez, acaecido el 10 de septiembre de 2025. Nos unimos al dolor de su familia y seres queridos, y honramos con respeto y cari\u00f1o su memoria. Descanse en paz\u201d, se pudo leer en la esquela de la UNAM.<\/p>\n\n\n\n<p class=\"wp-block-paragraph\">El paradero de la joven fue desconocido durante m\u00e1s de 24 horas, desde el momento en el que se supo que Daniela Barrag\u00e1n hab\u00eda sido una de las v\u00edctimas del accidente hasta que se confirm\u00f3 su identidad el jueves 11 de septiembre.<\/p>\n\n\n\n<p class=\"wp-block-paragraph\">El 10 de septiembre, los familiares de la estudiante fueron informados de la situaci\u00f3n a trav\u00e9s del celular de la joven, el cual estaba quemado y a\u00fan sonaba dentro de su mochila.<\/p>\n\n\n\n<p class=\"wp-block-paragraph\">Un elemento de Protecci\u00f3n Civil logr\u00f3 usar el dispositivo para informar a su mam\u00e1 sobre lo ocurrido, este aparato estaba casi calcinado, pero funcion\u00f3 para dos llamadas.<\/p>\n\n\n\n<p class=\"wp-block-paragraph\">Daniela Barrag\u00e1n ingres\u00f3 en calidad de desconocida al Hospital General Iztapalapa y posteriormente fue trasladada al Hospital General Rub\u00e9n Le\u00f1ero. Inicialmente se indic\u00f3 que ten\u00eda 25 a\u00f1os, pero la estudiante de la UNAM ten\u00eda 19.<\/p>\n\n\n\n<p class=\"wp-block-paragraph\">El cuerpo de la universitaria fue sometido a un examen de ADN para ser reconocida, el cual comenz\u00f3 hacia el medio d\u00eda mientras sus familiares esperaban en el Hospital Rub\u00e9n Le\u00f1ero.<\/p>\n\n\n\n<p class=\"wp-block-paragraph\">Tras la identificaci\u00f3n de la joven, Bryan Ramos, su pareja sentimental, public\u00f3 una despedida. Cabe se\u00f1alar que el joven estuvo difundiendo en redes sociales las visitas que realiz\u00f3 a diversos hospitales mientras se realizaba la prueba de ADN, incluso se\u00f1al\u00f3 que en Protecci\u00f3n Civil le brindaron informaci\u00f3n err\u00f3nea. El nombre de la estudiante no apareci\u00f3 en las listas preliminares de heridos.<\/p>\n\n\n\n<p class=\"wp-block-paragraph\">\u201cPerd\u00ed a mi compa\u00f1era de vida, nunca suppe lo que fue amar con tanta intensidad a partir desde que te conoc\u00ed. En un mes nos \u00edbamos a comprometer. Prometo buscarte en la otra vida y cumplir nuestra promesa\u201d, escribi\u00f3 su novio en su cuenta de Facebook.<\/p>\n\n\n\n<p class=\"wp-block-paragraph\">Ana Daniela Barrag\u00e1n es una de las ocho v\u00edctimas mortales confirmadas hasta el momento tras la explosi\u00f3n, la cual sucedi\u00f3 a las 14:20 horas bajo el Puente de La Concordia a la altura de la Calzada Ignacio Zaragoza.<\/p>\n\n\n\n<p class=\"wp-block-paragraph\">Por<\/p>\n\n\n\n<p class=\"wp-block-paragraph\">Mariana L. Mart\u00ednez de Infobae<\/p>\n","protected":false},"excerpt":{"rendered":"<p>El celular quemado de la joven de 19 a\u00f1os ayud\u00f3 a alertar a sus familiares sobre su presencia en el accidente La Universidad Nacional Aut\u00f3noma de M\u00e9xico (UNAM) confirm\u00f3 la muerte de Ana Daniela Barrag\u00e1n Ram\u00edrez, estudiante de FES Cuautitl\u00e1n que fue herida durante la explosi\u00f3n de una pipa de gas en el Puente de&#8230;<\/p>\n","protected":false},"author":2,"featured_media":67570,"comment_status":"closed","ping_status":"closed","sticky":false,"template":"","format":"standard","meta":{"_crdt_document":"","_exactmetrics_skip_tracking":false,"_exactmetrics_sitenote_active":false,"_exactmetrics_sitenote_note":"","_exactmetrics_sitenote_category":0,"footnotes":""},"categories":[33,23,31,32,1,27,69],"tags":[72,75],"class_list":["post-67569","post","type-post","status-publish","format-standard","has-post-thumbnail","hentry","category-educacion","category-mexico","category-politica","category-salud","category-seguridad","category-sonora","category-ultimas-noticias","tag-claudia-sheinbaum","tag-seguridad-publica"],"_links":{"self":[{"href":"https:\/\/elpajaritonews.com\/index.php?rest_route=\/wp\/v2\/posts\/67569","targetHints":{"allow":["GET"]}}],"collection":[{"href":"https:\/\/elpajaritonews.com\/index.php?rest_route=\/wp\/v2\/posts"}],"about":[{"href":"https:\/\/elpajaritonews.com\/index.php?rest_route=\/wp\/v2\/types\/post"}],"author":[{"embeddable":true,"href":"https:\/\/elpajaritonews.com\/index.php?rest_route=\/wp\/v2\/users\/2"}],"replies":[{"embeddable":true,"href":"https:\/\/elpajaritonews.com\/index.php?rest_route=%2Fwp%2Fv2%2Fcomments&post=67569"}],"version-history":[{"count":1,"href":"https:\/\/elpajaritonews.com\/index.php?rest_route=\/wp\/v2\/posts\/67569\/revisions"}],"predecessor-version":[{"id":67571,"href":"https:\/\/elpajaritonews.com\/index.php?rest_route=\/wp\/v2\/posts\/67569\/revisions\/67571"}],"wp:featuredmedia":[{"embeddable":true,"href":"https:\/\/elpajaritonews.com\/index.php?rest_route=\/wp\/v2\/media\/67570"}],"wp:attachment":[{"href":"https:\/\/elpajaritonews.com\/index.php?rest_route=%2Fwp%2Fv2%2Fmedia&parent=67569"}],"wp:term":[{"taxonomy":"category","embeddable":true,"href":"https:\/\/elpajaritonews.com\/index.php?rest_route=%2Fwp%2Fv2%2Fcategories&post=67569"},{"taxonomy":"post_tag","embeddable":true,"href":"https:\/\/elpajaritonews.com\/index.php?rest_route=%2Fwp%2Fv2%2Ftags&post=67569"}],"curies":[{"name":"wp","href":"https:\/\/api.w.org\/{rel}","templated":true}]}}