{"id":67589,"date":"2025-09-13T10:29:55","date_gmt":"2025-09-13T17:29:55","guid":{"rendered":"https:\/\/elpajaritonews.com\/?p=67589"},"modified":"2025-09-13T10:29:57","modified_gmt":"2025-09-13T17:29:57","slug":"4to-informe-de-gobierno-del-gobernador-de-sonora-alfonso-durazo-montano-en-vivo","status":"publish","type":"post","link":"https:\/\/elpajaritonews.com\/?p=67589","title":{"rendered":"4TO INFORME DE GOBIERNO DEL GOBERNADOR DE SONORA, ALFONSO DURAZO MONTA\u00d1O (EN VIVO)"},"content":{"rendered":"\n<p class=\"wp-block-paragraph\">Hoy rinde cuentas de cuatro a\u00f1os de trabajo y de resultados el Gobernador Alfonso Durazo. Acompa\u00f1alo en la presentaci\u00f3n de su Cuarto Informe de Gobierno<\/p>\n\n\n\n<figure class=\"wp-block-embed is-type-video is-provider-youtube wp-block-embed-youtube wp-embed-aspect-4-3 wp-has-aspect-ratio\"><div class=\"wp-block-embed__wrapper\">\n<iframe loading=\"lazy\" title=\"\ud83d\udd34  #EnVivo en el Cuarto Informe de Gobierno - Alfonso Durazo - #SonoraSeTransforma\" width=\"640\" height=\"480\" src=\"https:\/\/www.youtube.com\/embed\/yGYRJ53o8Ww?feature=oembed\" frameborder=\"0\" allow=\"accelerometer; autoplay; clipboard-write; encrypted-media; gyroscope; picture-in-picture; web-share\" referrerpolicy=\"strict-origin-when-cross-origin\" allowfullscreen><\/iframe>\n<\/div><\/figure>\n","protected":false},"excerpt":{"rendered":"<p>Hoy rinde cuentas de cuatro a\u00f1os de trabajo y de resultados el Gobernador Alfonso Durazo. Acompa\u00f1alo en la presentaci\u00f3n de su Cuarto Informe de Gobierno<\/p>\n","protected":false},"author":2,"featured_media":67590,"comment_status":"closed","ping_status":"closed","sticky":false,"template":"","format":"standard","meta":{"_crdt_document":"","_exactmetrics_skip_tracking":false,"_exactmetrics_sitenote_active":false,"_exactmetrics_sitenote_note":"","_exactmetrics_sitenote_category":0,"footnotes":""},"categories":[20,21,80,36,33,22,88,26,23,24,31,32,1,27,69,65],"tags":[71,72,74,28,75,30],"class_list":["post-67589","post","type-post","status-publish","format-standard","has-post-thumbnail","hentry","category-congreso","category-deportes","category-derechos-humanos","category-economia","category-educacion","category-escena","category-justicia","category-local","category-mexico","category-mundo","category-politica","category-salud","category-seguridad","category-sonora","category-ultimas-noticias","category-videos","tag-alfonso-durazo","tag-claudia-sheinbaum","tag-hermosillo","tag-nogales","tag-seguridad-publica","tag-sonora-tierra-de-oportunidades"],"_links":{"self":[{"href":"https:\/\/elpajaritonews.com\/index.php?rest_route=\/wp\/v2\/posts\/67589","targetHints":{"allow":["GET"]}}],"collection":[{"href":"https:\/\/elpajaritonews.com\/index.php?rest_route=\/wp\/v2\/posts"}],"about":[{"href":"https:\/\/elpajaritonews.com\/index.php?rest_route=\/wp\/v2\/types\/post"}],"author":[{"embeddable":true,"href":"https:\/\/elpajaritonews.com\/index.php?rest_route=\/wp\/v2\/users\/2"}],"replies":[{"embeddable":true,"href":"https:\/\/elpajaritonews.com\/index.php?rest_route=%2Fwp%2Fv2%2Fcomments&post=67589"}],"version-history":[{"count":1,"href":"https:\/\/elpajaritonews.com\/index.php?rest_route=\/wp\/v2\/posts\/67589\/revisions"}],"predecessor-version":[{"id":67591,"href":"https:\/\/elpajaritonews.com\/index.php?rest_route=\/wp\/v2\/posts\/67589\/revisions\/67591"}],"wp:featuredmedia":[{"embeddable":true,"href":"https:\/\/elpajaritonews.com\/index.php?rest_route=\/wp\/v2\/media\/67590"}],"wp:attachment":[{"href":"https:\/\/elpajaritonews.com\/index.php?rest_route=%2Fwp%2Fv2%2Fmedia&parent=67589"}],"wp:term":[{"taxonomy":"category","embeddable":true,"href":"https:\/\/elpajaritonews.com\/index.php?rest_route=%2Fwp%2Fv2%2Fcategories&post=67589"},{"taxonomy":"post_tag","embeddable":true,"href":"https:\/\/elpajaritonews.com\/index.php?rest_route=%2Fwp%2Fv2%2Ftags&post=67589"}],"curies":[{"name":"wp","href":"https:\/\/api.w.org\/{rel}","templated":true}]}}