{"id":67635,"date":"2025-09-17T19:28:06","date_gmt":"2025-09-18T02:28:06","guid":{"rendered":"https:\/\/elpajaritonews.com\/?p=67635"},"modified":"2025-09-17T20:21:42","modified_gmt":"2025-09-18T03:21:42","slug":"entregan-a-hernan-bermudez-lider-de-la-barredora-mexico-lo-recibe-en-paraguay","status":"publish","type":"post","link":"https:\/\/elpajaritonews.com\/?p=67635","title":{"rendered":"ENTREGAN A HERN\u00c1N BERM\u00daDEZ, L\u00cdDER DE &#8216;LA BARREDORA&#8217;; M\u00c9XICO LO RECIBE EN PARAGUAY"},"content":{"rendered":"\n<p class=\"wp-block-paragraph\">Hern\u00e1n Berm\u00fadez Requena, l\u00edder de La Barredora fue entregado a M\u00e9xico, detall\u00f3 el titular de la Secretar\u00eda de Seguridad y Protecci\u00f3n Ciudadana (SSPC), Omar Garc\u00eda Harfuch.<\/p>\n\n\n\n<p class=\"wp-block-paragraph\">La SSPC inform\u00f3: \u00abcomo parte de la colaboraci\u00f3n internacional, el gobierno de la Rep\u00fablica del Paraguay notific\u00f3 al gobierno de M\u00e9xico la decisi\u00f3n de expulsar a Hern\u00e1n \u201cN\u201d, quien fue detenido el pasado 12 de septiembre en dicho pa\u00eds.<\/p>\n\n\n\n<p class=\"wp-block-paragraph\">\u00abEsta acci\u00f3n se tom\u00f3 luego de que el gobierno de Paraguay verificara que el ingreso y estancia de Hern\u00e1n \u201cN\u201d en dicho pa\u00eds era irregular\u00bb, se\u00f1alaron las autoridades.<\/p>\n\n\n\n<p class=\"wp-block-paragraph\">Por lo anterior, elementos del Centro Nacional de Inteligencia (CNI), de la Secretar\u00eda de Seguridad y Protecci\u00f3n Ciudadana, Fiscal\u00eda General de la Rep\u00fablica (FGR) y del Instituto Nacional de Migraci\u00f3n (INM), acudieron a dicho pa\u00eds para realizar su traslado a territorio nacional, donde se ejecutar\u00e1 la orden de aprehensi\u00f3n que existe en su contra y ponerlo a disposici\u00f3n de la autoridad que lo requiere.<\/p>\n\n\n\n<p class=\"wp-block-paragraph\">Una vez que el l\u00edder de La Barredora Hern\u00e1n se encuentre en el pa\u00eds, ser\u00e1 ingresado al Centro Federal de Reinserci\u00f3n Social No. 1, ubicado en el estado de M\u00e9xico.<\/p>\n","protected":false},"excerpt":{"rendered":"<p>Hern\u00e1n Berm\u00fadez Requena, l\u00edder de La Barredora fue entregado a M\u00e9xico, detall\u00f3 el titular de la Secretar\u00eda de Seguridad y Protecci\u00f3n Ciudadana (SSPC), Omar Garc\u00eda Harfuch. La SSPC inform\u00f3: \u00abcomo parte de la colaboraci\u00f3n internacional, el gobierno de la Rep\u00fablica del Paraguay notific\u00f3 al gobierno de M\u00e9xico la decisi\u00f3n de expulsar a Hern\u00e1n \u201cN\u201d, quien&#8230;<\/p>\n","protected":false},"author":2,"featured_media":67641,"comment_status":"closed","ping_status":"closed","sticky":false,"template":"","format":"standard","meta":{"_crdt_document":"","_exactmetrics_skip_tracking":false,"_exactmetrics_sitenote_active":false,"_exactmetrics_sitenote_note":"","_exactmetrics_sitenote_category":0,"footnotes":""},"categories":[88,23,38,24,31,1,27,69],"tags":[72],"class_list":["post-67635","post","type-post","status-publish","format-standard","has-post-thumbnail","hentry","category-justicia","category-mexico","category-migracion","category-mundo","category-politica","category-seguridad","category-sonora","category-ultimas-noticias","tag-claudia-sheinbaum"],"_links":{"self":[{"href":"https:\/\/elpajaritonews.com\/index.php?rest_route=\/wp\/v2\/posts\/67635","targetHints":{"allow":["GET"]}}],"collection":[{"href":"https:\/\/elpajaritonews.com\/index.php?rest_route=\/wp\/v2\/posts"}],"about":[{"href":"https:\/\/elpajaritonews.com\/index.php?rest_route=\/wp\/v2\/types\/post"}],"author":[{"embeddable":true,"href":"https:\/\/elpajaritonews.com\/index.php?rest_route=\/wp\/v2\/users\/2"}],"replies":[{"embeddable":true,"href":"https:\/\/elpajaritonews.com\/index.php?rest_route=%2Fwp%2Fv2%2Fcomments&post=67635"}],"version-history":[{"count":1,"href":"https:\/\/elpajaritonews.com\/index.php?rest_route=\/wp\/v2\/posts\/67635\/revisions"}],"predecessor-version":[{"id":67637,"href":"https:\/\/elpajaritonews.com\/index.php?rest_route=\/wp\/v2\/posts\/67635\/revisions\/67637"}],"wp:featuredmedia":[{"embeddable":true,"href":"https:\/\/elpajaritonews.com\/index.php?rest_route=\/wp\/v2\/media\/67641"}],"wp:attachment":[{"href":"https:\/\/elpajaritonews.com\/index.php?rest_route=%2Fwp%2Fv2%2Fmedia&parent=67635"}],"wp:term":[{"taxonomy":"category","embeddable":true,"href":"https:\/\/elpajaritonews.com\/index.php?rest_route=%2Fwp%2Fv2%2Fcategories&post=67635"},{"taxonomy":"post_tag","embeddable":true,"href":"https:\/\/elpajaritonews.com\/index.php?rest_route=%2Fwp%2Fv2%2Ftags&post=67635"}],"curies":[{"name":"wp","href":"https:\/\/api.w.org\/{rel}","templated":true}]}}