{"id":67638,"date":"2025-09-17T19:39:22","date_gmt":"2025-09-18T02:39:22","guid":{"rendered":"https:\/\/elpajaritonews.com\/?p=67638"},"modified":"2025-09-17T19:39:24","modified_gmt":"2025-09-18T02:39:24","slug":"andres-lopez-beltran-rechaza-de-manera-terminante-existencia-de-solicitud-de-amparo-para-el-y-su-hermano","status":"publish","type":"post","link":"https:\/\/elpajaritonews.com\/?p=67638","title":{"rendered":"ANDR\u00c9S L\u00d3PEZ BELTR\u00c1N RECHAZA DE MANERA TERMINANTE EXISTENCIA DE SOLICITUD DE AMPARO PARA \u00c9L Y SU HERMANO"},"content":{"rendered":"\n<p class=\"has-text-align-right wp-block-paragraph\">Ciudad de M\u00e9xico, a 17 de septiembre de 2025.<\/p>\n\n\n\n<p class=\"wp-block-paragraph\">A los militantes y simpatizantes de Morena, a la opini\u00f3n p\u00fablica<\/p>\n\n\n\n<p class=\"wp-block-paragraph\">Considero importante hacer la siguiente aclaraci\u00f3n:<\/p>\n\n\n\n<p class=\"wp-block-paragraph\">El d\u00eda de hoy el hampa del periodismo, cuyos jefes son la mafia del poder econ\u00f3mico en este pa\u00eds y los deudos del extinto sistema de corrupci\u00f3n institucional, publicaron notas tendenciosas refiri\u00e9ndose a una demanda de amparo supuestamente tramitada a nuestro favor. Sobre esta nueva mentira, aclaro lo siguiente:<\/p>\n\n\n\n<p class=\"wp-block-paragraph\">1.- En ning\u00fan momento, ni mi hermano Gonzalo ni un servidor tramitamos ninguna demanda de amparo.<\/p>\n\n\n\n<p class=\"wp-block-paragraph\">2.- No conocemos a los tramitantes de dicho amparo y sospechamos que dicha acci\u00f3n est\u00e1 motivada y fomentada por nuestros adversarios para vincularnos a un tema y actores con los cuales no tenemos ninguna relaci\u00f3n. Se trata, una vez m\u00e1s, de un montaje.<\/p>\n\n\n\n<p class=\"wp-block-paragraph\">3.- Renunciamos tajantemente a dicho tr\u00e1mite y solicitamos al \u00e1rea correspondiente del Poder Judicial que investigue sobre el caso, ya que sabemos que no se trata de un s\u00f3lo tr\u00e1mite, sino de muchos realizados en varios juzgados. Esta es una operaci\u00f3n malintencionada planeada y orquestada desde varios frentes.<\/p>\n\n\n\n<p class=\"wp-block-paragraph\">4.- Ante la duda, no est\u00e1 de m\u00e1s aclarar que todo este asunto es parte de una campa\u00f1a de desprestigio que est\u00e1 tratando de relacionarnos a m\u00ed y a nuestra familia con una pr\u00e1ctica delictiva con la cual no s\u00f3lo no tenemos nada que ver, sino que estamos de acuerdo en continuar con su combate y desmantelamiento.<\/p>\n\n\n\n<p class=\"wp-block-paragraph\">5.- Apoyamos, como siempre, las decisiones tomadas por nuestra Presidenta Claudia Sheinbaum Pardo y reiteramos nuestro apoyo a las acciones tomadas para solucionar este problema de seguridad en el pa\u00eds.<\/p>\n","protected":false},"excerpt":{"rendered":"<p>Ciudad de M\u00e9xico, a 17 de septiembre de 2025. A los militantes y simpatizantes de Morena, a la opini\u00f3n p\u00fablica Considero importante hacer la siguiente aclaraci\u00f3n: El d\u00eda de hoy el hampa del periodismo, cuyos jefes son la mafia del poder econ\u00f3mico en este pa\u00eds y los deudos del extinto sistema de corrupci\u00f3n institucional, publicaron&#8230;<\/p>\n","protected":false},"author":2,"featured_media":67639,"comment_status":"closed","ping_status":"closed","sticky":false,"template":"","format":"standard","meta":{"_crdt_document":"","_exactmetrics_skip_tracking":false,"_exactmetrics_sitenote_active":false,"_exactmetrics_sitenote_note":"","_exactmetrics_sitenote_category":0,"footnotes":""},"categories":[23,31,1,27,69],"tags":[71,79,72,75],"class_list":["post-67638","post","type-post","status-publish","format-standard","has-post-thumbnail","hentry","category-mexico","category-politica","category-seguridad","category-sonora","category-ultimas-noticias","tag-alfonso-durazo","tag-andres-manuel-lopez-obrador","tag-claudia-sheinbaum","tag-seguridad-publica"],"_links":{"self":[{"href":"https:\/\/elpajaritonews.com\/index.php?rest_route=\/wp\/v2\/posts\/67638","targetHints":{"allow":["GET"]}}],"collection":[{"href":"https:\/\/elpajaritonews.com\/index.php?rest_route=\/wp\/v2\/posts"}],"about":[{"href":"https:\/\/elpajaritonews.com\/index.php?rest_route=\/wp\/v2\/types\/post"}],"author":[{"embeddable":true,"href":"https:\/\/elpajaritonews.com\/index.php?rest_route=\/wp\/v2\/users\/2"}],"replies":[{"embeddable":true,"href":"https:\/\/elpajaritonews.com\/index.php?rest_route=%2Fwp%2Fv2%2Fcomments&post=67638"}],"version-history":[{"count":1,"href":"https:\/\/elpajaritonews.com\/index.php?rest_route=\/wp\/v2\/posts\/67638\/revisions"}],"predecessor-version":[{"id":67640,"href":"https:\/\/elpajaritonews.com\/index.php?rest_route=\/wp\/v2\/posts\/67638\/revisions\/67640"}],"wp:featuredmedia":[{"embeddable":true,"href":"https:\/\/elpajaritonews.com\/index.php?rest_route=\/wp\/v2\/media\/67639"}],"wp:attachment":[{"href":"https:\/\/elpajaritonews.com\/index.php?rest_route=%2Fwp%2Fv2%2Fmedia&parent=67638"}],"wp:term":[{"taxonomy":"category","embeddable":true,"href":"https:\/\/elpajaritonews.com\/index.php?rest_route=%2Fwp%2Fv2%2Fcategories&post=67638"},{"taxonomy":"post_tag","embeddable":true,"href":"https:\/\/elpajaritonews.com\/index.php?rest_route=%2Fwp%2Fv2%2Ftags&post=67638"}],"curies":[{"name":"wp","href":"https:\/\/api.w.org\/{rel}","templated":true}]}}