{"id":67654,"date":"2025-09-18T16:51:15","date_gmt":"2025-09-18T23:51:15","guid":{"rendered":"https:\/\/elpajaritonews.com\/?p=67654"},"modified":"2025-09-18T16:51:17","modified_gmt":"2025-09-18T23:51:17","slug":"turna-congreso-de-sonora-iniciativas-sobre-violencia-familiar-impuestos-ejidales-registro-de-animales-de-compania-y-desarrollo-rural","status":"publish","type":"post","link":"https:\/\/elpajaritonews.com\/?p=67654","title":{"rendered":"TURNA CONGRESO DE SONORA INICIATIVAS SOBRE VIOLENCIA FAMILIAR, IMPUESTOS EJIDALES, REGISTRO DE ANIMALES DE COMPA\u00d1\u00cdA Y DESARROLLO RURAL"},"content":{"rendered":"\n<p class=\"wp-block-paragraph\">La Mesa Directiva del Congreso del Estado turn\u00f3 a comisiones iniciativas en materia de violencia familiar en comunidades ind\u00edgenas, Impuesto Predial Ejidal, Registro Estatal de Animales de Compa\u00f1\u00eda y desarrollo rural sustentable. Asimismo, se presentaron posicionamientos sobre la rentabilidad de los cultivos b\u00e1sicos y la visibilizaci\u00f3n de la mujer ind\u00edgena.<\/p>\n\n\n\n<figure class=\"wp-block-embed is-type-video is-provider-youtube wp-block-embed-youtube wp-embed-aspect-16-9 wp-has-aspect-ratio\"><div class=\"wp-block-embed__wrapper\">\n<iframe loading=\"lazy\" title=\"18 de Septiembre 2025 Sesi\u00f3n Ordinaria\" width=\"640\" height=\"360\" src=\"https:\/\/www.youtube.com\/embed\/aZpKf2P_VuY?feature=oembed\" frameborder=\"0\" allow=\"accelerometer; autoplay; clipboard-write; encrypted-media; gyroscope; picture-in-picture; web-share\" referrerpolicy=\"strict-origin-when-cross-origin\" allowfullscreen><\/iframe>\n<\/div><\/figure>\n\n\n\n<p class=\"wp-block-paragraph\">La diputada Deni Gast\u00e9lum Barreras (Morena) present\u00f3 una iniciativa de decreto para reformar el art\u00edculo 68 de la Ley de Derechos de los Pueblos y Comunidades Ind\u00edgenas de Sonora, con el objetivo de garantizar la protecci\u00f3n y el acceso a la justicia de las v\u00edctimas de violencia familiar en comunidades ind\u00edgenas, obligando a las autoridades tradicionales a notificar al Ministerio P\u00fablico y eliminando mecanismos de conciliaci\u00f3n que pudieran revictimizarlas.<\/p>\n\n\n\n<p class=\"wp-block-paragraph\">Posteriormente, el diputado Pr\u00f3spero Valenzuela M\u00fa\u00f1er (Morena) dio lectura a la iniciativa de reforma de la Ley de Hacienda Municipal, con el prop\u00f3sito de homologar la normativa sobre el Impuesto Predial Ejidal en los municipios de Sonora, a fin de brindar certeza jur\u00eddica a los ayuntamientos, fortalecer su recaudaci\u00f3n y prevenir la evasi\u00f3n fiscal por parte de quienes utilizan o disfrutan de terrenos ejidales.<\/p>\n\n\n\n<p class=\"wp-block-paragraph\">Por su parte, el diputado Ren\u00e9 Edmundo Garc\u00eda Rojo (PT) present\u00f3 la iniciativa de reforma a la Ley de Protecci\u00f3n y Bienestar Animal del Estado de Sonora, encaminada a crear un Registro Estatal de Animales de Compa\u00f1\u00eda digital e interoperable que facilite el censo, la identificaci\u00f3n y la recuperaci\u00f3n de animales, promueva la tenencia responsable y garantice seguridad y trazabilidad mediante certificados, c\u00f3digos QR o microchips.<\/p>\n\n\n\n<p class=\"wp-block-paragraph\">A nombre del Grupo Parlamentario de Nueva Alianza Sonora, el diputado Ferm\u00edn Trujillo Fuentes puso a consideraci\u00f3n la iniciativa de decreto que reforma y adiciona las leyes de Gobierno y Administraci\u00f3n Municipal, de Desarrollo Rural Sustentable y de Planeaci\u00f3n del Estado de Sonora, con el fin de reducir desigualdades sociales y fortalecer los planes municipales como instrumentos de crecimiento inclusivo de las comunidades rurales.<\/p>\n\n\n\n<p class=\"wp-block-paragraph\">Las iniciativas se turnaron para su an\u00e1lisis a las Comisiones de Asuntos Ind\u00edgenas; de Hacienda; de Justicia y Derechos Humanos; y de Presupuestos y Asuntos Municipales y de Desarrollo Productivo Regional, en sesi\u00f3n unida.<\/p>\n\n\n\n<p class=\"wp-block-paragraph\">En su posicionamiento, el diputado Jes\u00fas Tadeo Mend\u00edvil Valenzuela abord\u00f3 la crisis de rentabilidad en el campo sonorense, que afecta la seguridad alimentaria, la econom\u00eda regional y la estabilidad social. Llam\u00f3 al gobierno federal a implementar precios de garant\u00eda, subsidios, mejor infraestructura y mesas de di\u00e1logo con productores para lograr un campo rentable y sostenible.<\/p>\n\n\n\n<p class=\"wp-block-paragraph\">En el marco del D\u00eda Internacional de la Mujer Ind\u00edgena 2025, la diputada Rebeca Irene Silva Gallardo (NAS) destac\u00f3 el liderazgo y la riqueza cultural de las mujeres ind\u00edgenas de Sonora, honrando su legado y respaldando las acciones de la presidenta Claudia Sheinbaum y del gobierno estatal para promover su igualdad, derechos y la preservaci\u00f3n de sus tradiciones.<\/p>\n\n\n\n<p class=\"wp-block-paragraph\">La diputada Mar\u00eda Eduwiges Espinoza Tapia, presidenta de la Mesa Directiva, anunci\u00f3 que el Congreso de Sonora participar\u00e1 en el Simulacro Nacional 2025, este viernes 19 de septiembre, a las 11:00 horas.<\/p>\n\n\n\n<p class=\"wp-block-paragraph\">Finalmente, se cit\u00f3 a sesi\u00f3n del Pleno para el martes 23 de septiembre a las 11:00 horas.<\/p>\n","protected":false},"excerpt":{"rendered":"<p>La Mesa Directiva del Congreso del Estado turn\u00f3 a comisiones iniciativas en materia de violencia familiar en comunidades ind\u00edgenas, Impuesto Predial Ejidal, Registro Estatal de Animales de Compa\u00f1\u00eda y desarrollo rural sustentable. Asimismo, se presentaron posicionamientos sobre la rentabilidad de los cultivos b\u00e1sicos y la visibilizaci\u00f3n de la mujer ind\u00edgena. La diputada Deni Gast\u00e9lum Barreras&#8230;<\/p>\n","protected":false},"author":2,"featured_media":67655,"comment_status":"closed","ping_status":"closed","sticky":false,"template":"","format":"standard","meta":{"_crdt_document":"","_exactmetrics_skip_tracking":false,"_exactmetrics_sitenote_active":false,"_exactmetrics_sitenote_note":"","_exactmetrics_sitenote_category":0,"footnotes":""},"categories":[20,26,31,27,69,65],"tags":[71,73,74],"class_list":["post-67654","post","type-post","status-publish","format-standard","has-post-thumbnail","hentry","category-congreso","category-local","category-politica","category-sonora","category-ultimas-noticias","category-videos","tag-alfonso-durazo","tag-congreso-del-estado-de-sonora","tag-hermosillo"],"_links":{"self":[{"href":"https:\/\/elpajaritonews.com\/index.php?rest_route=\/wp\/v2\/posts\/67654","targetHints":{"allow":["GET"]}}],"collection":[{"href":"https:\/\/elpajaritonews.com\/index.php?rest_route=\/wp\/v2\/posts"}],"about":[{"href":"https:\/\/elpajaritonews.com\/index.php?rest_route=\/wp\/v2\/types\/post"}],"author":[{"embeddable":true,"href":"https:\/\/elpajaritonews.com\/index.php?rest_route=\/wp\/v2\/users\/2"}],"replies":[{"embeddable":true,"href":"https:\/\/elpajaritonews.com\/index.php?rest_route=%2Fwp%2Fv2%2Fcomments&post=67654"}],"version-history":[{"count":1,"href":"https:\/\/elpajaritonews.com\/index.php?rest_route=\/wp\/v2\/posts\/67654\/revisions"}],"predecessor-version":[{"id":67656,"href":"https:\/\/elpajaritonews.com\/index.php?rest_route=\/wp\/v2\/posts\/67654\/revisions\/67656"}],"wp:featuredmedia":[{"embeddable":true,"href":"https:\/\/elpajaritonews.com\/index.php?rest_route=\/wp\/v2\/media\/67655"}],"wp:attachment":[{"href":"https:\/\/elpajaritonews.com\/index.php?rest_route=%2Fwp%2Fv2%2Fmedia&parent=67654"}],"wp:term":[{"taxonomy":"category","embeddable":true,"href":"https:\/\/elpajaritonews.com\/index.php?rest_route=%2Fwp%2Fv2%2Fcategories&post=67654"},{"taxonomy":"post_tag","embeddable":true,"href":"https:\/\/elpajaritonews.com\/index.php?rest_route=%2Fwp%2Fv2%2Ftags&post=67654"}],"curies":[{"name":"wp","href":"https:\/\/api.w.org\/{rel}","templated":true}]}}