{"id":67734,"date":"2025-09-24T19:06:20","date_gmt":"2025-09-25T02:06:20","guid":{"rendered":"https:\/\/elpajaritonews.com\/?p=67734"},"modified":"2025-09-24T19:06:22","modified_gmt":"2025-09-25T02:06:22","slug":"inauguran-tono-astiazaran-y-familias-de-villa-merlot-nueva-cancha-de-futbol-con-pasto-sintetico","status":"publish","type":"post","link":"https:\/\/elpajaritonews.com\/?p=67734","title":{"rendered":"INAUGURAN TO\u00d1O ASTIAZAR\u00c1N Y FAMILIAS DE VILLA MERLOT NUEVA CANCHA DE FUTBOL CON PASTO SINT\u00c9TICO"},"content":{"rendered":"\n<p class=\"wp-block-paragraph\">&#8211; En un esfuerzo conjunto familias de Villa Merlot y Gobierno Municipal logran la instalaci\u00f3n de pasto sint\u00e9tico en una nueva \u00e1rea deportiva que disfrutan ni\u00f1as y ni\u00f1os<\/p>\n\n\n\n<p class=\"wp-block-paragraph\">El esfuerzo conjunto entre familias de Villa Merlot y el Gobierno Municipal encabezado por Antonio Astiazar\u00e1n hizo posible la construcci\u00f3n de una cancha de f\u00fatbol con pasto sint\u00e9tico que marca un antes y un despu\u00e9s en esta \u00e1rea en la que entrenan ni\u00f1as y ni\u00f1os en mejores condiciones.<\/p>\n\n\n\n<p class=\"wp-block-paragraph\">El presidente municipal entreg\u00f3 la obra a cargo del Consejo Municipal de Concertaci\u00f3n de la Obra P\u00fablica (CMCOP) que fue posible gracias a una inversi\u00f3n de 727 mil 275 pesos que incluye trabajos de terracer\u00edas, construcci\u00f3n de borde de concreto, pintura y suministro de pasto sint\u00e9tico.<\/p>\n\n\n\n<p class=\"wp-block-paragraph\">\u201cCada espacio p\u00fablico que estamos rehabilitando buscamos activarlo. Esta cancha ya est\u00e1 habilitada y digna para poder a trav\u00e9s del Instituto del Deporte de Hermosillo apoyarlos con entrenamientos, capacitaciones, entrenadores o competencias deportivas en esta colonia que obviamente ser\u00e1 un semillero de campeones\u201d, agreg\u00f3.<\/p>\n\n\n\n<p class=\"wp-block-paragraph\">Por su parte Jorge Alberto Ozuna, vecino de Villa Merlot Residencial destac\u00f3 el impacto que esta obra tendr\u00e1 en la ni\u00f1ez y juventud de su comunidad gracias a la inversi\u00f3n bipartita que hizo posible este nuevo campo de f\u00fatbol<\/p>\n\n\n\n<p class=\"wp-block-paragraph\">\u201cGracias presidente por tomarse el tiempo con su agenda y venir a inaugurar esta obra que parece peque\u00f1a. Hay tantas cosas que podemos hacer y que el municipio est\u00e1 haciendo y para nosotros este es un gran logro\u201d, agreg\u00f3.<\/p>\n\n\n\n<p class=\"wp-block-paragraph\">El Gobierno Municipal reiter\u00f3 el compromiso de seguir impulsando proyectos en colaboraci\u00f3n con las familias hermosillenses, reconociendo que cuando la ciudadan\u00eda y el Ayuntamiento trabajan de la mano, se generan espacios que fortalecen la sana convivencia, fomentan el deporte y favorecen el desarrollo de ni\u00f1as, ni\u00f1os y j\u00f3venes.<\/p>\n\n\n\n<p class=\"wp-block-paragraph\">Asistieron tambi\u00e9n, C\u00e9sar Rasc\u00f3n Mu\u00f1oz, titular de CMCOP; Madeleine Bonnafoux Alcaraz, directora general de DIF Hermosillo; Rafael Cruz Flores, director del Instituto del Deporte de Hermosillo (IDH) y familias de Villa Merlot Residencial.<\/p>\n","protected":false},"excerpt":{"rendered":"<p>&#8211; En un esfuerzo conjunto familias de Villa Merlot y Gobierno Municipal logran la instalaci\u00f3n de pasto sint\u00e9tico en una nueva \u00e1rea deportiva que disfrutan ni\u00f1as y ni\u00f1os El esfuerzo conjunto entre familias de Villa Merlot y el Gobierno Municipal encabezado por Antonio Astiazar\u00e1n hizo posible la construcci\u00f3n de una cancha de f\u00fatbol con pasto&#8230;<\/p>\n","protected":false},"author":2,"featured_media":67735,"comment_status":"closed","ping_status":"closed","sticky":false,"template":"","format":"standard","meta":{"_crdt_document":"","_exactmetrics_skip_tracking":false,"_exactmetrics_sitenote_active":false,"_exactmetrics_sitenote_note":"","_exactmetrics_sitenote_category":0,"footnotes":""},"categories":[21,26,31,27,69],"tags":[74,76,340],"class_list":["post-67734","post","type-post","status-publish","format-standard","has-post-thumbnail","hentry","category-deportes","category-local","category-politica","category-sonora","category-ultimas-noticias","tag-hermosillo","tag-medio-ambiente","tag-tono-astiazaran-2"],"_links":{"self":[{"href":"https:\/\/elpajaritonews.com\/index.php?rest_route=\/wp\/v2\/posts\/67734","targetHints":{"allow":["GET"]}}],"collection":[{"href":"https:\/\/elpajaritonews.com\/index.php?rest_route=\/wp\/v2\/posts"}],"about":[{"href":"https:\/\/elpajaritonews.com\/index.php?rest_route=\/wp\/v2\/types\/post"}],"author":[{"embeddable":true,"href":"https:\/\/elpajaritonews.com\/index.php?rest_route=\/wp\/v2\/users\/2"}],"replies":[{"embeddable":true,"href":"https:\/\/elpajaritonews.com\/index.php?rest_route=%2Fwp%2Fv2%2Fcomments&post=67734"}],"version-history":[{"count":1,"href":"https:\/\/elpajaritonews.com\/index.php?rest_route=\/wp\/v2\/posts\/67734\/revisions"}],"predecessor-version":[{"id":67736,"href":"https:\/\/elpajaritonews.com\/index.php?rest_route=\/wp\/v2\/posts\/67734\/revisions\/67736"}],"wp:featuredmedia":[{"embeddable":true,"href":"https:\/\/elpajaritonews.com\/index.php?rest_route=\/wp\/v2\/media\/67735"}],"wp:attachment":[{"href":"https:\/\/elpajaritonews.com\/index.php?rest_route=%2Fwp%2Fv2%2Fmedia&parent=67734"}],"wp:term":[{"taxonomy":"category","embeddable":true,"href":"https:\/\/elpajaritonews.com\/index.php?rest_route=%2Fwp%2Fv2%2Fcategories&post=67734"},{"taxonomy":"post_tag","embeddable":true,"href":"https:\/\/elpajaritonews.com\/index.php?rest_route=%2Fwp%2Fv2%2Ftags&post=67734"}],"curies":[{"name":"wp","href":"https:\/\/api.w.org\/{rel}","templated":true}]}}