{"id":67784,"date":"2025-09-29T14:08:54","date_gmt":"2025-09-29T21:08:54","guid":{"rendered":"https:\/\/elpajaritonews.com\/?p=67784"},"modified":"2025-09-29T14:08:56","modified_gmt":"2025-09-29T21:08:56","slug":"llama-tono-astiazaran-a-policia-municipal-a-no-bajar-la-guardia-y-trabajar-por-la-seguridad-de-las-y-los-hermosillenses","status":"publish","type":"post","link":"https:\/\/elpajaritonews.com\/?p=67784","title":{"rendered":"LLAMA TO\u00d1O ASTIAZAR\u00c1N A POLIC\u00cdA MUNICIPAL A NO BAJAR LA GUARDIA Y TRABAJAR POR LA SEGURIDAD DE LAS Y LOS HERMOSILLENSES"},"content":{"rendered":"\n<p class=\"wp-block-paragraph\">&#8211; Durante entrega de reconocimientos a elementos municipales destacados a quienes llam\u00f3 a continuar su labor con empe\u00f1o en busca siempre de proteger a la ciudadan\u00eda hermosillense.<\/p>\n\n\n\n<p class=\"wp-block-paragraph\">A no bajar la guardia y ofrecer su mayor esfuerzo por servir a las y los hermosillenses llam\u00f3 el presidente municipal Antonio Astiazar\u00e1n Guti\u00e9rrez a elementos de Jefatura de Polic\u00eda Preventiva y Tr\u00e1nsito Municipal.<\/p>\n\n\n\n<p class=\"wp-block-paragraph\">Durante la entrega de reconocimientos a diez elementos que se distinguieron por su desempe\u00f1o durante los meses de junio y julio y se distinguieron a 16 m\u00e1s de la corporaci\u00f3n, To\u00f1o Astiazar\u00e1n destac\u00f3 que han crecido en equipamiento con patrullas y nuevos elementos para mejorar y reducir los tiempos de atenci\u00f3n en llamadas de emergencia.<\/p>\n\n\n\n<p class=\"wp-block-paragraph\">\u201cLes extiendo mi felicitaci\u00f3n a quienes el d\u00eda de hoy han recibido este reconocimiento, pero sobre todo mi invitaci\u00f3n a que no bajemos la guardia, a que no nos cansemos y entendamos que Hermosillo puede y debe ser una ciudad segura; que podamos seguir manteniendo esa categor\u00eda de ser la ciudad m\u00e1s segura del estado de Sonora y por supuesto que sigamos siendo ejemplo nacional e internacional en materia de seguridad\u201d, expres\u00f3.<\/p>\n\n\n\n<p class=\"wp-block-paragraph\">Jes\u00fas Alonso Dur\u00f3n Monta\u00f1o, Comisario General de la Polic\u00eda de Hermosillo, destac\u00f3 que este reconocimiento es una forma de valorar cada sacrificio y acto de servicio de los elementos.<\/p>\n\n\n\n<p class=\"wp-block-paragraph\">\u201cEl compromiso con la comunidad, la valent\u00eda ante los desaf\u00edos, la incansable labor diaria, el esfuerzo y la dedicaci\u00f3n que muestran han contribuido en la disminuci\u00f3n de los \u00edndices delictivos y en un aumento en la confianza de nuestros ciudadanos en las instituciones encargadas de velar por su seguridad\u201d, comparti\u00f3.<\/p>\n\n\n\n<p class=\"wp-block-paragraph\">En representaci\u00f3n de las y los galardonados, C\u00e9sar Ovier Quintero P\u00e9rez agradeci\u00f3 la distinci\u00f3n y subray\u00f3 la importancia del trabajo en equipo.<\/p>\n\n\n\n<p class=\"wp-block-paragraph\">\u201cCada turno representa una oportunidad para marcar la diferencia; cada acci\u00f3n que realizamos en la v\u00eda p\u00fablica, por m\u00e1s peque\u00f1a que parezca, est\u00e1 aportando a la creaci\u00f3n de un entorno pac\u00edfico y armonioso para todos\u201d, enfatiz\u00f3.<\/p>\n\n\n\n<p class=\"wp-block-paragraph\">En el evento estuvieron Eduardo Alejo Acu\u00f1a Padilla, secretario del Ayuntamiento; Zaira Fern\u00e1ndez Morales, contralora municipal; Aurelio Orlando Cuevas, regidor presidente de la Comisi\u00f3n de Seguridad P\u00fablica y Tr\u00e1nsito Municipal; Francisco Guadalupe S\u00e1nchez Salcido, supervisor general de la Polic\u00eda Municipal; Sergio Valdez L\u00f3pez, director de Tr\u00e1nsito Municipal; Cristian Estrella Jurado, director de la Polic\u00eda Preventiva; Ram\u00f3n \u00c1ngel Ortega Navarro, presidente del Patronato de Seguridad y Juan \u00c1lvaro Corral Aguirre, presidente de Canacintra Hermosillo.<\/p>\n","protected":false},"excerpt":{"rendered":"<p>&#8211; Durante entrega de reconocimientos a elementos municipales destacados a quienes llam\u00f3 a continuar su labor con empe\u00f1o en busca siempre de proteger a la ciudadan\u00eda hermosillense. A no bajar la guardia y ofrecer su mayor esfuerzo por servir a las y los hermosillenses llam\u00f3 el presidente municipal Antonio Astiazar\u00e1n Guti\u00e9rrez a elementos de Jefatura&#8230;<\/p>\n","protected":false},"author":2,"featured_media":67785,"comment_status":"closed","ping_status":"closed","sticky":false,"template":"","format":"standard","meta":{"_crdt_document":"","_exactmetrics_skip_tracking":false,"_exactmetrics_sitenote_active":false,"_exactmetrics_sitenote_note":"","_exactmetrics_sitenote_category":0,"footnotes":""},"categories":[88,26,31,1,27,69],"tags":[74,75],"class_list":["post-67784","post","type-post","status-publish","format-standard","has-post-thumbnail","hentry","category-justicia","category-local","category-politica","category-seguridad","category-sonora","category-ultimas-noticias","tag-hermosillo","tag-seguridad-publica"],"_links":{"self":[{"href":"https:\/\/elpajaritonews.com\/index.php?rest_route=\/wp\/v2\/posts\/67784","targetHints":{"allow":["GET"]}}],"collection":[{"href":"https:\/\/elpajaritonews.com\/index.php?rest_route=\/wp\/v2\/posts"}],"about":[{"href":"https:\/\/elpajaritonews.com\/index.php?rest_route=\/wp\/v2\/types\/post"}],"author":[{"embeddable":true,"href":"https:\/\/elpajaritonews.com\/index.php?rest_route=\/wp\/v2\/users\/2"}],"replies":[{"embeddable":true,"href":"https:\/\/elpajaritonews.com\/index.php?rest_route=%2Fwp%2Fv2%2Fcomments&post=67784"}],"version-history":[{"count":1,"href":"https:\/\/elpajaritonews.com\/index.php?rest_route=\/wp\/v2\/posts\/67784\/revisions"}],"predecessor-version":[{"id":67786,"href":"https:\/\/elpajaritonews.com\/index.php?rest_route=\/wp\/v2\/posts\/67784\/revisions\/67786"}],"wp:featuredmedia":[{"embeddable":true,"href":"https:\/\/elpajaritonews.com\/index.php?rest_route=\/wp\/v2\/media\/67785"}],"wp:attachment":[{"href":"https:\/\/elpajaritonews.com\/index.php?rest_route=%2Fwp%2Fv2%2Fmedia&parent=67784"}],"wp:term":[{"taxonomy":"category","embeddable":true,"href":"https:\/\/elpajaritonews.com\/index.php?rest_route=%2Fwp%2Fv2%2Fcategories&post=67784"},{"taxonomy":"post_tag","embeddable":true,"href":"https:\/\/elpajaritonews.com\/index.php?rest_route=%2Fwp%2Fv2%2Ftags&post=67784"}],"curies":[{"name":"wp","href":"https:\/\/api.w.org\/{rel}","templated":true}]}}