{"id":67814,"date":"2025-09-30T17:19:35","date_gmt":"2025-10-01T00:19:35","guid":{"rendered":"https:\/\/elpajaritonews.com\/?p=67814"},"modified":"2025-09-30T17:19:36","modified_gmt":"2025-10-01T00:19:36","slug":"propone-david-figueroa-prision-vitalicia-revisable-para-sonora","status":"publish","type":"post","link":"https:\/\/elpajaritonews.com\/?p=67814","title":{"rendered":"PROPONE DAVID FIGUEROA PRISI\u00d3N VITALICIA REVISABLE PARA SONORA"},"content":{"rendered":"\n<p class=\"wp-block-paragraph\">El diputado David Figueroa Ortega present\u00f3 una iniciativa de reforma al C\u00f3digo Penal para establecer la figura de Prisi\u00f3n Vitalicia Revisable, aplicable a delitos de extrema gravedad como feminicidio, homicidio infantil y desaparici\u00f3n forzada en Sonora.<\/p>\n\n\n\n<p class=\"wp-block-paragraph\">La propuesta presentada ante el Pleno del Congreso del Estado, busca aumentar el l\u00edmite m\u00e1ximo de acumulaci\u00f3n de penas de 50 a 70 a\u00f1os y contempla la revisi\u00f3n judicial de la prisi\u00f3n vitalicia tras determinado tiempo de cumplimiento, conforme a los principios de reinserci\u00f3n social y respeto a los derechos humanos.<\/p>\n\n\n\n<p class=\"wp-block-paragraph\">El legislador y coordinador del Grupo Parlamentario del Partido Verde (PVEM), explic\u00f3 que esta reforma responde a hechos recientes que conmocionaron a la sociedad sonorense, particularmente el asesinato de una mujer y sus tres hijas menores, ocurrido en Hermosillo en julio pasado.&nbsp;<\/p>\n\n\n\n<p class=\"wp-block-paragraph\">Dicha tragedia, dijo, evidenci\u00f3 deficiencias en el marco legal actual, que impide imponer sanciones proporcionales cuando existen m\u00faltiples v\u00edctimas.<\/p>\n\n\n\n<p class=\"wp-block-paragraph\">Figueroa Ortega precis\u00f3 que la iniciativa no plantea prisi\u00f3n vitalicia absoluta, sino plantea una versi\u00f3n revisable en congruencia con la Constituci\u00f3n y criterios internacionales, como los del Tribunal Europeo y la Corte Interamericana de Derechos Humanos.<\/p>\n\n\n\n<p class=\"wp-block-paragraph\">Entre los puntos centrales de la propuesta se encuentra la reforma a los art\u00edculos 21 y 70 del C\u00f3digo Penal estatal; la creaci\u00f3n de la figura de Prisi\u00f3n Vitalicia Revisable y la ampliaci\u00f3n del tope de penas acumulables a 70 a\u00f1os.<\/p>\n\n\n\n<p class=\"wp-block-paragraph\">Adem\u00e1s, la aplicaci\u00f3n en casos con agravantes o multiplicidad de v\u00edctimas y la eliminaci\u00f3n de contradicciones normativas en el propio C\u00f3digo Penal.<\/p>\n\n\n\n<p class=\"wp-block-paragraph\">Finalmente, el diputado se\u00f1al\u00f3 que esta iniciativa representa una respuesta firme, pero respetuosa de los derechos fundamentales, ante la exigencia social de sancionar con mayor severidad los delitos que m\u00e1s da\u00f1an al tejido social.<\/p>\n\n\n\n<p class=\"wp-block-paragraph\">\u201cEsta es una reforma que combina firmeza con humanidad; no deja impunes los delitos m\u00e1s crueles, pero respeta la dignidad de toda persona\u201d, concluy\u00f3 el diputado David Figueroa Ortega.<\/p>\n\n\n\n<figure class=\"wp-block-embed is-type-video is-provider-youtube wp-block-embed-youtube wp-embed-aspect-16-9 wp-has-aspect-ratio\"><div class=\"wp-block-embed__wrapper\">\n<iframe loading=\"lazy\" title=\"30 de Septiembre 2025 Sesi\u00f3n Ordinaria\" width=\"640\" height=\"360\" src=\"https:\/\/www.youtube.com\/embed\/b0FVYiZ-PtE?feature=oembed\" frameborder=\"0\" allow=\"accelerometer; autoplay; clipboard-write; encrypted-media; gyroscope; picture-in-picture; web-share\" referrerpolicy=\"strict-origin-when-cross-origin\" allowfullscreen><\/iframe>\n<\/div><\/figure>\n","protected":false},"excerpt":{"rendered":"<p>El diputado David Figueroa Ortega present\u00f3 una iniciativa de reforma al C\u00f3digo Penal para establecer la figura de Prisi\u00f3n Vitalicia Revisable, aplicable a delitos de extrema gravedad como feminicidio, homicidio infantil y desaparici\u00f3n forzada en Sonora. La propuesta presentada ante el Pleno del Congreso del Estado, busca aumentar el l\u00edmite m\u00e1ximo de acumulaci\u00f3n de penas&#8230;<\/p>\n","protected":false},"author":2,"featured_media":67815,"comment_status":"closed","ping_status":"closed","sticky":false,"template":"","format":"standard","meta":{"_crdt_document":"","_exactmetrics_skip_tracking":false,"_exactmetrics_sitenote_active":false,"_exactmetrics_sitenote_note":"","_exactmetrics_sitenote_category":0,"footnotes":""},"categories":[20,26,31,27,69,65],"tags":[73],"class_list":["post-67814","post","type-post","status-publish","format-standard","has-post-thumbnail","hentry","category-congreso","category-local","category-politica","category-sonora","category-ultimas-noticias","category-videos","tag-congreso-del-estado-de-sonora"],"_links":{"self":[{"href":"https:\/\/elpajaritonews.com\/index.php?rest_route=\/wp\/v2\/posts\/67814","targetHints":{"allow":["GET"]}}],"collection":[{"href":"https:\/\/elpajaritonews.com\/index.php?rest_route=\/wp\/v2\/posts"}],"about":[{"href":"https:\/\/elpajaritonews.com\/index.php?rest_route=\/wp\/v2\/types\/post"}],"author":[{"embeddable":true,"href":"https:\/\/elpajaritonews.com\/index.php?rest_route=\/wp\/v2\/users\/2"}],"replies":[{"embeddable":true,"href":"https:\/\/elpajaritonews.com\/index.php?rest_route=%2Fwp%2Fv2%2Fcomments&post=67814"}],"version-history":[{"count":1,"href":"https:\/\/elpajaritonews.com\/index.php?rest_route=\/wp\/v2\/posts\/67814\/revisions"}],"predecessor-version":[{"id":67816,"href":"https:\/\/elpajaritonews.com\/index.php?rest_route=\/wp\/v2\/posts\/67814\/revisions\/67816"}],"wp:featuredmedia":[{"embeddable":true,"href":"https:\/\/elpajaritonews.com\/index.php?rest_route=\/wp\/v2\/media\/67815"}],"wp:attachment":[{"href":"https:\/\/elpajaritonews.com\/index.php?rest_route=%2Fwp%2Fv2%2Fmedia&parent=67814"}],"wp:term":[{"taxonomy":"category","embeddable":true,"href":"https:\/\/elpajaritonews.com\/index.php?rest_route=%2Fwp%2Fv2%2Fcategories&post=67814"},{"taxonomy":"post_tag","embeddable":true,"href":"https:\/\/elpajaritonews.com\/index.php?rest_route=%2Fwp%2Fv2%2Ftags&post=67814"}],"curies":[{"name":"wp","href":"https:\/\/api.w.org\/{rel}","templated":true}]}}