{"id":67830,"date":"2025-10-02T10:15:16","date_gmt":"2025-10-02T17:15:16","guid":{"rendered":"https:\/\/elpajaritonews.com\/?p=67830"},"modified":"2025-10-02T10:15:17","modified_gmt":"2025-10-02T17:15:17","slug":"sylvana-beltrones-sanchez-presidenta-de-fundacion-beatriz-beltrones-da-inicio-a-las-actividades-de-octubre-rosa","status":"publish","type":"post","link":"https:\/\/elpajaritonews.com\/?p=67830","title":{"rendered":"SYLVANA BELTRONES S\u00c1NCHEZ, PRESIDENTA DE FUNDACI\u00d3N BEATRIZ BELTRONES, DA INICIO A LAS ACTIVIDADES DE OCTUBRE ROSA"},"content":{"rendered":"\n<p class=\"wp-block-paragraph\">* El Mes Rosa es una oportunidad para unirte a la lucha contra el c\u00e1ncer y apoyar a cientos de mujeres que enfrentan esta batalla d\u00eda a d\u00eda.<\/p>\n\n\n\n<p class=\"wp-block-paragraph\">* Beltrones S\u00e1nchez, destac\u00f3 que, lamentablemente, Sonora ocupa el primer lugar nacional en c\u00e1ncer de mama&nbsp; por ello amerita la suma de todas y todos para apoyar a quienes la padecen.&nbsp;<\/p>\n\n\n\n<p class=\"wp-block-paragraph\">\u2060<\/p>\n\n\n\n<p class=\"wp-block-paragraph\">La presidenta ejecutiva de la Fundaci\u00f3n Beatriz Beltrones, Sylvana Beltrones S\u00e1nchez, anunci\u00f3 el inicio de Octubre Rosa, un mes dedicado a la recaudaci\u00f3n de fondos en apoyo a mujeres que luchan contra el c\u00e1ncer.<\/p>\n\n\n\n<p class=\"wp-block-paragraph\">\u201cEste Octubre Rosa, \u00a1s\u00famate con nosotros! Cada acci\u00f3n cuenta para seguir brindando esperanza y apoyo a quienes m\u00e1s lo necesitan\u201d, expres\u00f3 Beltrones S\u00e1nchez.<\/p>\n\n\n\n<p class=\"wp-block-paragraph\">Durante todo el mes, la Fundaci\u00f3n llevar\u00e1 a cabo diversas actividades especiales que invitan a la ciudadan\u00eda a participar de forma activa y solidaria:<\/p>\n\n\n\n<p class=\"wp-block-paragraph\">3 de octubre, venta de conchas rosas en Panader\u00eda Honor\u00e9<\/p>\n\n\n\n<p class=\"wp-block-paragraph\">14 de octubre, Pink Ride<\/p>\n\n\n\n<p class=\"wp-block-paragraph\">16 de octubre, comida con causa en Palominos<\/p>\n\n\n\n<p class=\"wp-block-paragraph\">22 de octubre, venta de Burros Rosas<\/p>\n\n\n\n<p class=\"wp-block-paragraph\">23 de octubre, Zumbat\u00f3n.<\/p>\n\n\n\n<p class=\"wp-block-paragraph\">31 de octubre, rifa con causa.<\/p>\n\n\n\n<p class=\"wp-block-paragraph\">Adem\u00e1s de Alcanc\u00edas rosas en gasolineras ARCO y tiendas El Mandadito durante todo el mes.<\/p>\n\n\n\n<p class=\"wp-block-paragraph\">Tambi\u00e9n habr\u00e1 talleres de autoexploraci\u00f3n para empresas e instituciones que lo soliciten.&nbsp;&nbsp;<\/p>\n\n\n\n<p class=\"wp-block-paragraph\">Beltrones S\u00e1nchez destac\u00f3 que, lamentablemente, Sonora ocupa el primer lugar nacional en c\u00e1ncer de mama, por ello amerita la suma de todas y todos para apoyar a quienes la padecen.&nbsp;<\/p>\n\n\n\n<p class=\"wp-block-paragraph\">Con tu apoyo, la Fundaci\u00f3n Beatriz Beltrones recauda fondos que se destinan a miles de estudios m\u00e9dicos, fabricaci\u00f3n de pelucas oncol\u00f3gicas y talleres de autoexploraci\u00f3n, herramientas clave para la prevenci\u00f3n y acompa\u00f1amiento de mujeres en tratamiento.<\/p>\n\n\n\n<p class=\"wp-block-paragraph\">El Mes Rosa es una oportunidad para unirte a la lucha contra el c\u00e1ncer y apoyar a cientos de mujeres que enfrentan esta batalla d\u00eda a d\u00eda.<\/p>\n","protected":false},"excerpt":{"rendered":"<p>* El Mes Rosa es una oportunidad para unirte a la lucha contra el c\u00e1ncer y apoyar a cientos de mujeres que enfrentan esta batalla d\u00eda a d\u00eda. * Beltrones S\u00e1nchez, destac\u00f3 que, lamentablemente, Sonora ocupa el primer lugar nacional en c\u00e1ncer de mama&nbsp; por ello amerita la suma de todas y todos para apoyar&#8230;<\/p>\n","protected":false},"author":2,"featured_media":67831,"comment_status":"closed","ping_status":"closed","sticky":false,"template":"","format":"standard","meta":{"_crdt_document":"","_exactmetrics_skip_tracking":false,"_exactmetrics_sitenote_active":false,"_exactmetrics_sitenote_note":"","_exactmetrics_sitenote_category":0,"footnotes":""},"categories":[26,31,32,27,69],"tags":[74],"class_list":["post-67830","post","type-post","status-publish","format-standard","has-post-thumbnail","hentry","category-local","category-politica","category-salud","category-sonora","category-ultimas-noticias","tag-hermosillo"],"_links":{"self":[{"href":"https:\/\/elpajaritonews.com\/index.php?rest_route=\/wp\/v2\/posts\/67830","targetHints":{"allow":["GET"]}}],"collection":[{"href":"https:\/\/elpajaritonews.com\/index.php?rest_route=\/wp\/v2\/posts"}],"about":[{"href":"https:\/\/elpajaritonews.com\/index.php?rest_route=\/wp\/v2\/types\/post"}],"author":[{"embeddable":true,"href":"https:\/\/elpajaritonews.com\/index.php?rest_route=\/wp\/v2\/users\/2"}],"replies":[{"embeddable":true,"href":"https:\/\/elpajaritonews.com\/index.php?rest_route=%2Fwp%2Fv2%2Fcomments&post=67830"}],"version-history":[{"count":1,"href":"https:\/\/elpajaritonews.com\/index.php?rest_route=\/wp\/v2\/posts\/67830\/revisions"}],"predecessor-version":[{"id":67832,"href":"https:\/\/elpajaritonews.com\/index.php?rest_route=\/wp\/v2\/posts\/67830\/revisions\/67832"}],"wp:featuredmedia":[{"embeddable":true,"href":"https:\/\/elpajaritonews.com\/index.php?rest_route=\/wp\/v2\/media\/67831"}],"wp:attachment":[{"href":"https:\/\/elpajaritonews.com\/index.php?rest_route=%2Fwp%2Fv2%2Fmedia&parent=67830"}],"wp:term":[{"taxonomy":"category","embeddable":true,"href":"https:\/\/elpajaritonews.com\/index.php?rest_route=%2Fwp%2Fv2%2Fcategories&post=67830"},{"taxonomy":"post_tag","embeddable":true,"href":"https:\/\/elpajaritonews.com\/index.php?rest_route=%2Fwp%2Fv2%2Ftags&post=67830"}],"curies":[{"name":"wp","href":"https:\/\/api.w.org\/{rel}","templated":true}]}}