{"id":67927,"date":"2025-10-06T16:54:50","date_gmt":"2025-10-06T23:54:50","guid":{"rendered":"https:\/\/elpajaritonews.com\/?p=67927"},"modified":"2025-10-06T16:54:52","modified_gmt":"2025-10-06T23:54:52","slug":"gobierno-de-sonora-promueve-distintivo-hecho-en-sonora-en-empresa-local-de-impacto-internacional","status":"publish","type":"post","link":"https:\/\/elpajaritonews.com\/?p=67927","title":{"rendered":"GOBIERNO DE SONORA PROMUEVE DISTINTIVO \u201cHECHO EN SONORA\u201d EN EMPRESA LOCAL DE IMPACTO INTERNACIONAL"},"content":{"rendered":"\n<p class=\"wp-block-paragraph\">Con el objetivo de impulsar el desarrollo comercial de los productos y servicios sonorenses a trav\u00e9s del distintivo \u201cHecho en Sonora\u201d, el Gobierno del Sonora, mediante la Secretar\u00eda de Econom\u00eda y Turismo (SETUR), firm\u00f3 un convenio para el uso del distintivo con RCR Refrigeraciones, empresa sonorense con impacto nacional e internacional.<\/p>\n\n\n\n<p class=\"wp-block-paragraph\">Gracias a esta firma y al impulso del gobernador Alfonso Durazo, el distintivo \u201cHecho en Sonora\u201d contin\u00faa consolid\u00e1ndose como una plataforma que fortalece la identidad y competitividad de las marcas locales. A la fecha, m\u00e1s de 90 empresas han obtenido este reconocimiento y m\u00e1s de 330 emprendedores sonorenses han mostrado inter\u00e9s en sumarse, promoviendo as\u00ed la profesionalizaci\u00f3n y el crecimiento de las MiPymes en sectores como el industrial, comercial, de servicios, primario y terciario.<\/p>\n\n\n\n<p class=\"wp-block-paragraph\">El secretario de Econom\u00eda y Turismo del Estado, Roberto Gradillas Pineda, destac\u00f3 que, gracias a esta firma, se promover\u00e1 la marca sonorense en pa\u00edses como Costa Rica y Guatemala, as\u00ed como en varios estados del pa\u00eds, entre ellos Sinaloa, Nuevo Le\u00f3n, Baja California, Yucat\u00e1n, Quintana Roo, Guanajuato, Jalisco y Baja California Sur.<\/p>\n\n\n\n<p class=\"wp-block-paragraph\">\u201cEl compromiso de nuestro gobernador Alfonso Durazo ha logrado convertir el distintivo \u2018Hecho en Sonora\u2019 no solo en una marca, sino en identidad, cultura, historia y tradici\u00f3n, que permite a nuestro estado viajar a trav\u00e9s del mundo y transmitir el compromiso que tiene con el desarrollo de sus familias\u201d, detall\u00f3 Gradillas Pineda.<\/p>\n\n\n\n<p class=\"wp-block-paragraph\">El Gobierno de Sonora impulsa el crecimiento y desarrollo comercial de las marcas sonorenses mediante la promoci\u00f3n y difusi\u00f3n de sus productos a nivel local, nacional e internacional, generando un impacto directo en la econom\u00eda de las familias sonorenses.<\/p>\n","protected":false},"excerpt":{"rendered":"<p>Con el objetivo de impulsar el desarrollo comercial de los productos y servicios sonorenses a trav\u00e9s del distintivo \u201cHecho en Sonora\u201d, el Gobierno del Sonora, mediante la Secretar\u00eda de Econom\u00eda y Turismo (SETUR), firm\u00f3 un convenio para el uso del distintivo con RCR Refrigeraciones, empresa sonorense con impacto nacional e internacional. Gracias a esta firma&#8230;<\/p>\n","protected":false},"author":2,"featured_media":67928,"comment_status":"closed","ping_status":"closed","sticky":false,"template":"","format":"standard","meta":{"_crdt_document":"","_exactmetrics_skip_tracking":false,"_exactmetrics_sitenote_active":false,"_exactmetrics_sitenote_note":"","_exactmetrics_sitenote_category":0,"footnotes":""},"categories":[17,36,89,26,23,31,27,84,69],"tags":[71,72,74,30],"class_list":["post-67927","post","type-post","status-publish","format-standard","has-post-thumbnail","hentry","category-arizona","category-economia","category-estados-unidos","category-local","category-mexico","category-politica","category-sonora","category-turismo","category-ultimas-noticias","tag-alfonso-durazo","tag-claudia-sheinbaum","tag-hermosillo","tag-sonora-tierra-de-oportunidades"],"_links":{"self":[{"href":"https:\/\/elpajaritonews.com\/index.php?rest_route=\/wp\/v2\/posts\/67927","targetHints":{"allow":["GET"]}}],"collection":[{"href":"https:\/\/elpajaritonews.com\/index.php?rest_route=\/wp\/v2\/posts"}],"about":[{"href":"https:\/\/elpajaritonews.com\/index.php?rest_route=\/wp\/v2\/types\/post"}],"author":[{"embeddable":true,"href":"https:\/\/elpajaritonews.com\/index.php?rest_route=\/wp\/v2\/users\/2"}],"replies":[{"embeddable":true,"href":"https:\/\/elpajaritonews.com\/index.php?rest_route=%2Fwp%2Fv2%2Fcomments&post=67927"}],"version-history":[{"count":1,"href":"https:\/\/elpajaritonews.com\/index.php?rest_route=\/wp\/v2\/posts\/67927\/revisions"}],"predecessor-version":[{"id":67929,"href":"https:\/\/elpajaritonews.com\/index.php?rest_route=\/wp\/v2\/posts\/67927\/revisions\/67929"}],"wp:featuredmedia":[{"embeddable":true,"href":"https:\/\/elpajaritonews.com\/index.php?rest_route=\/wp\/v2\/media\/67928"}],"wp:attachment":[{"href":"https:\/\/elpajaritonews.com\/index.php?rest_route=%2Fwp%2Fv2%2Fmedia&parent=67927"}],"wp:term":[{"taxonomy":"category","embeddable":true,"href":"https:\/\/elpajaritonews.com\/index.php?rest_route=%2Fwp%2Fv2%2Fcategories&post=67927"},{"taxonomy":"post_tag","embeddable":true,"href":"https:\/\/elpajaritonews.com\/index.php?rest_route=%2Fwp%2Fv2%2Ftags&post=67927"}],"curies":[{"name":"wp","href":"https:\/\/api.w.org\/{rel}","templated":true}]}}