{"id":67931,"date":"2025-10-06T17:20:54","date_gmt":"2025-10-07T00:20:54","guid":{"rendered":"https:\/\/elpajaritonews.com\/?p=67931"},"modified":"2025-10-06T17:20:55","modified_gmt":"2025-10-07T00:20:55","slug":"estan-suspendidas-viviendas-del-bienestar-al-poniente-de-hermosillo-tras-oposicion-injusta-de-vecinos-les-explicaremos-el-proyectosedatu","status":"publish","type":"post","link":"https:\/\/elpajaritonews.com\/?p=67931","title":{"rendered":"\u201cEST\u00c1N SUSPENDIDAS VIVIENDAS DEL BIENESTAR AL PONIENTE DE HERMOSILLO TRAS \u201cOPOSICI\u00d3N INJUSTA\u201d DE VECINOS, LES EXPLICAREMOS EL PROYECTO\u201d:SEDATU"},"content":{"rendered":"\n<p class=\"wp-block-paragraph\">El proyecto de Viviendas del Bienestar que impulsa el Gobierno Federal al poniente de Hermosillo se encuentra suspendido temporalmente, luego de la oposici\u00f3n de un grupo de vecinos, indic\u00f3 la titular de Secretar\u00eda de Desarrollo Agrario, Territorial y Urbano (SEDATU).<\/p>\n\n\n\n<p class=\"wp-block-paragraph\">En la conferencia matutina presidencial, Edna Elena Vega Rangel calific\u00f3 como \u201cinjusta\u201d la resistencia vecinal, al se\u00f1alar que descalifica de manera err\u00f3nea los desarrollos de vivienda construidos con apoyo del Infonavit y la Conavi, trat\u00e1ndolos como si fueran de menor calidad.<\/p>\n\n\n\n<p class=\"wp-block-paragraph\">Agreg\u00f3 que el gobierno buscar\u00e1 explicar con mayor detalle el proyecto a los habitantes inconformes, a fin de resolver dudas y avanzar en el di\u00e1logo.<\/p>\n\n\n\n<p class=\"wp-block-paragraph\">La funcionaria destac\u00f3 que el gobernador de Sonora, Alfonso Durazo, ofreci\u00f3 diversas alternativas para compensar el predio conocido como CADAM.<\/p>\n\n\n\n<p class=\"wp-block-paragraph\">\u201cEsperamos que pronto se pueda recuperar (el proyecto), que sea con respuestas y argumentos s\u00f3lidos\u201d, se\u00f1al\u00f3 al precisar que SEDATU revisar\u00e1 todas las posibilidades para reactivar la iniciativa en los pr\u00f3ximos meses.<\/p>\n","protected":false},"excerpt":{"rendered":"<p>El proyecto de Viviendas del Bienestar que impulsa el Gobierno Federal al poniente de Hermosillo se encuentra suspendido temporalmente, luego de la oposici\u00f3n de un grupo de vecinos, indic\u00f3 la titular de Secretar\u00eda de Desarrollo Agrario, Territorial y Urbano (SEDATU). En la conferencia matutina presidencial, Edna Elena Vega Rangel calific\u00f3 como \u201cinjusta\u201d la resistencia vecinal,&#8230;<\/p>\n","protected":false},"author":2,"featured_media":67932,"comment_status":"closed","ping_status":"closed","sticky":false,"template":"","format":"standard","meta":{"_crdt_document":"","_exactmetrics_skip_tracking":false,"_exactmetrics_sitenote_active":false,"_exactmetrics_sitenote_note":"","_exactmetrics_sitenote_category":0,"footnotes":""},"categories":[36,26,37,23,19,1,27,69,65],"tags":[71,72,74,75],"class_list":["post-67931","post","type-post","status-publish","format-standard","has-post-thumbnail","hentry","category-economia","category-local","category-medio-ambiente","category-mexico","category-opinion","category-seguridad","category-sonora","category-ultimas-noticias","category-videos","tag-alfonso-durazo","tag-claudia-sheinbaum","tag-hermosillo","tag-seguridad-publica"],"_links":{"self":[{"href":"https:\/\/elpajaritonews.com\/index.php?rest_route=\/wp\/v2\/posts\/67931","targetHints":{"allow":["GET"]}}],"collection":[{"href":"https:\/\/elpajaritonews.com\/index.php?rest_route=\/wp\/v2\/posts"}],"about":[{"href":"https:\/\/elpajaritonews.com\/index.php?rest_route=\/wp\/v2\/types\/post"}],"author":[{"embeddable":true,"href":"https:\/\/elpajaritonews.com\/index.php?rest_route=\/wp\/v2\/users\/2"}],"replies":[{"embeddable":true,"href":"https:\/\/elpajaritonews.com\/index.php?rest_route=%2Fwp%2Fv2%2Fcomments&post=67931"}],"version-history":[{"count":1,"href":"https:\/\/elpajaritonews.com\/index.php?rest_route=\/wp\/v2\/posts\/67931\/revisions"}],"predecessor-version":[{"id":67933,"href":"https:\/\/elpajaritonews.com\/index.php?rest_route=\/wp\/v2\/posts\/67931\/revisions\/67933"}],"wp:featuredmedia":[{"embeddable":true,"href":"https:\/\/elpajaritonews.com\/index.php?rest_route=\/wp\/v2\/media\/67932"}],"wp:attachment":[{"href":"https:\/\/elpajaritonews.com\/index.php?rest_route=%2Fwp%2Fv2%2Fmedia&parent=67931"}],"wp:term":[{"taxonomy":"category","embeddable":true,"href":"https:\/\/elpajaritonews.com\/index.php?rest_route=%2Fwp%2Fv2%2Fcategories&post=67931"},{"taxonomy":"post_tag","embeddable":true,"href":"https:\/\/elpajaritonews.com\/index.php?rest_route=%2Fwp%2Fv2%2Ftags&post=67931"}],"curies":[{"name":"wp","href":"https:\/\/api.w.org\/{rel}","templated":true}]}}