{"id":67987,"date":"2025-10-09T16:53:01","date_gmt":"2025-10-09T23:53:01","guid":{"rendered":"https:\/\/elpajaritonews.com\/?p=67987"},"modified":"2025-10-09T16:53:02","modified_gmt":"2025-10-09T23:53:02","slug":"entrega-tono-astiazaran-andador-lineal-lazaro-cardenas-obra-elegida-por-vecinos-a-traves-del-presupuesto-creces","status":"publish","type":"post","link":"https:\/\/elpajaritonews.com\/?p=67987","title":{"rendered":"ENTREGA TO\u00d1O ASTIAZAR\u00c1N ANDADOR LINEAL L\u00c1ZARO C\u00c1RDENAS, OBRA ELEGIDA POR VECINOS A TRAV\u00c9S DEL PRESUPUESTO CRECES"},"content":{"rendered":"\n<p class=\"wp-block-paragraph\">&#8211; El andador lineal contempla todo un cambio del entorno donde se invirtieron m\u00e1s de 23 mdp.<\/p>\n\n\n\n<p class=\"wp-block-paragraph\">&#8211; De ser un lugar abandonado, ahora luce iluminado, arbolado y con espacios para las familias \u2060<\/p>\n\n\n\n<p class=\"wp-block-paragraph\">El presidente municipal, Antonio Astiazar\u00e1n Guti\u00e9rrez, entreg\u00f3 a las y los vecinos el andador lineal L\u00e1zaro C\u00e1rdenas, obra ganadora de \u201cProyecto de Ciudad\u201d mediante el Presupuesto Participativo CRECES 2024, con una inversi\u00f3n municipal de 23 millones 405 mil 678 pesos.<\/p>\n\n\n\n<p class=\"wp-block-paragraph\">Durante el evento, To\u00f1o Astiazar\u00e1n destac\u00f3 la importancia de la participaci\u00f3n ciudadana como motor de transformaci\u00f3n en Hermosillo.<\/p>\n\n\n\n<p class=\"wp-block-paragraph\">Dijo que se ve c\u00f3mo estamos creciendo con creces en la ciudad, c\u00f3mo los comit\u00e9s CRECES se han convertido en el alma, en el esp\u00edritu, en los ojos y en los o\u00eddos de nuestra administraci\u00f3n; y c\u00f3mo la participaci\u00f3n ciudadana cambia vidas, transforma nuestra ciudad.<\/p>\n\n\n\n<p class=\"wp-block-paragraph\">\u201cEra un espacio p\u00fablico que estaba oscuro y abandonado hoy es un espacio lleno de vida e iluminado, y eso no tiene precio. Juntos seguiremos transformando Hermosillo para que la H suene m\u00e1s fuerte que nunca\u201d, expres\u00f3.<\/p>\n\n\n\n<p class=\"wp-block-paragraph\">La obra incluy\u00f3 la construcci\u00f3n de 1,230 metros lineales de andador de concreto, arborizaci\u00f3n con 119 \u00e1rboles y 197 arbustos, modernizaci\u00f3n del alumbrado con 72 l\u00e1mparas tipo LED, rehabilitaci\u00f3n de muros de gaviones, instalaci\u00f3n de mobiliario urbano, se\u00f1alamiento vial y rampas de accesibilidad, adem\u00e1s de trabajos de drenaje pluvial.<\/p>\n\n\n\n<p class=\"wp-block-paragraph\">A nombre de los vecinos beneficiados, Monserrat Fern\u00e1ndez, residente de la colonia Real del Cobre, agradeci\u00f3 al Gobierno Municipal por el cumplimiento y la calidad de las obras.<\/p>\n\n\n\n<p class=\"wp-block-paragraph\">\u201cEs una de las administraciones donde nosotros, como vecinos, no me van a dejar mentir, pedimos y s\u00ed se nos da, a tiempo. Todo est\u00e1 quedando muy bonito, de verdad much\u00edsimas gracias a nombre de todos mis vecinos y de las colonias aleda\u00f1as\u201d, comparti\u00f3.<\/p>\n\n\n\n<p class=\"wp-block-paragraph\">El proyecto, que fomenta la sana convivencia y el rescate de espacios p\u00fablicos, fue acompa\u00f1ado por la directora de Desarrollo de Infraestructura, Astart\u00e9 Corro Ruiz; el director de Participaci\u00f3n Ciudadana, Daniel Garc\u00eda Escalante; y representantes de la comunidad beneficiada.<\/p>\n","protected":false},"excerpt":{"rendered":"<p>&#8211; El andador lineal contempla todo un cambio del entorno donde se invirtieron m\u00e1s de 23 mdp. &#8211; De ser un lugar abandonado, ahora luce iluminado, arbolado y con espacios para las familias \u2060 El presidente municipal, Antonio Astiazar\u00e1n Guti\u00e9rrez, entreg\u00f3 a las y los vecinos el andador lineal L\u00e1zaro C\u00e1rdenas, obra ganadora de \u201cProyecto&#8230;<\/p>\n","protected":false},"author":2,"featured_media":67988,"comment_status":"closed","ping_status":"closed","sticky":false,"template":"","format":"standard","meta":{"_crdt_document":"","_exactmetrics_skip_tracking":false,"_exactmetrics_sitenote_active":false,"_exactmetrics_sitenote_note":"","_exactmetrics_sitenote_category":0,"footnotes":""},"categories":[36,26,37,31,27,69],"tags":[74],"class_list":["post-67987","post","type-post","status-publish","format-standard","has-post-thumbnail","hentry","category-economia","category-local","category-medio-ambiente","category-politica","category-sonora","category-ultimas-noticias","tag-hermosillo"],"_links":{"self":[{"href":"https:\/\/elpajaritonews.com\/index.php?rest_route=\/wp\/v2\/posts\/67987","targetHints":{"allow":["GET"]}}],"collection":[{"href":"https:\/\/elpajaritonews.com\/index.php?rest_route=\/wp\/v2\/posts"}],"about":[{"href":"https:\/\/elpajaritonews.com\/index.php?rest_route=\/wp\/v2\/types\/post"}],"author":[{"embeddable":true,"href":"https:\/\/elpajaritonews.com\/index.php?rest_route=\/wp\/v2\/users\/2"}],"replies":[{"embeddable":true,"href":"https:\/\/elpajaritonews.com\/index.php?rest_route=%2Fwp%2Fv2%2Fcomments&post=67987"}],"version-history":[{"count":1,"href":"https:\/\/elpajaritonews.com\/index.php?rest_route=\/wp\/v2\/posts\/67987\/revisions"}],"predecessor-version":[{"id":67989,"href":"https:\/\/elpajaritonews.com\/index.php?rest_route=\/wp\/v2\/posts\/67987\/revisions\/67989"}],"wp:featuredmedia":[{"embeddable":true,"href":"https:\/\/elpajaritonews.com\/index.php?rest_route=\/wp\/v2\/media\/67988"}],"wp:attachment":[{"href":"https:\/\/elpajaritonews.com\/index.php?rest_route=%2Fwp%2Fv2%2Fmedia&parent=67987"}],"wp:term":[{"taxonomy":"category","embeddable":true,"href":"https:\/\/elpajaritonews.com\/index.php?rest_route=%2Fwp%2Fv2%2Fcategories&post=67987"},{"taxonomy":"post_tag","embeddable":true,"href":"https:\/\/elpajaritonews.com\/index.php?rest_route=%2Fwp%2Fv2%2Ftags&post=67987"}],"curies":[{"name":"wp","href":"https:\/\/api.w.org\/{rel}","templated":true}]}}