{"id":68043,"date":"2025-10-12T18:03:18","date_gmt":"2025-10-13T01:03:18","guid":{"rendered":"https:\/\/elpajaritonews.com\/?p=68043"},"modified":"2025-10-12T18:03:20","modified_gmt":"2025-10-13T01:03:20","slug":"presidenta-claudia-sheinbaum-visita-a-damnificados-por-las-lluvias-en-puebla-veracruz-e-hidalgo","status":"publish","type":"post","link":"https:\/\/elpajaritonews.com\/?p=68043","title":{"rendered":"PRESIDENTA CLAUDIA SHEINBAUM VISITA A DAMNIFICADOS POR LAS LLUVIAS EN PUEBLA, VERACRUZ E HIDALGO"},"content":{"rendered":"\n<p class=\"wp-block-paragraph\">Presidenta Claudia Sheinbaum recorre zonas afectadas por lluvias en Puebla y Veracruz<\/p>\n\n\n\n<p class=\"wp-block-paragraph\">* Inform\u00f3, a trav\u00e9s de un video en sus redes sociales, que las Fuerzas Armadas implementan los Planes DN-III-E y Marina en los estados de Puebla, Veracruz, Hidalgo, San Luis Potos\u00ed, Veracruz y Quer\u00e9taro<\/p>\n\n\n\n<p class=\"wp-block-paragraph\">* Expres\u00f3 su solidaridad y apoyo con las personas que han perdido un familiar y pidi\u00f3 que quienes a\u00fan no han encontrado a un familiar, que llamen al 079 donde ser\u00e1n atendidos<\/p>\n\n\n\n<figure class=\"wp-block-embed is-type-video is-provider-youtube wp-block-embed-youtube wp-embed-aspect-16-9 wp-has-aspect-ratio\"><div class=\"wp-block-embed__wrapper\">\n<iframe loading=\"lazy\" title=\"Atenci\u00f3n a emergencia por lluvias en cinco estados\" width=\"640\" height=\"360\" src=\"https:\/\/www.youtube.com\/embed\/EKz91cIm4HA?feature=oembed\" frameborder=\"0\" allow=\"accelerometer; autoplay; clipboard-write; encrypted-media; gyroscope; picture-in-picture; web-share\" referrerpolicy=\"strict-origin-when-cross-origin\" allowfullscreen><\/iframe>\n<\/div><\/figure>\n\n\n\n<p class=\"wp-block-paragraph\">La Presidenta de M\u00e9xico, Claudia Sheinbaum Pardo, inform\u00f3 que, en apoyo y atenci\u00f3n a las personas afectadas por las lluvias, realizar\u00e1 este domingo un recorrido por los estados de Puebla, Veracruz e Hidalgo, donde las Fuerzas Armadas implementan los Planes DN-III-E y Marina al igual que en San Luis Potos\u00ed y Quer\u00e9taro, entidades que visitar\u00e1 ma\u00f1ana lunes 13 de octubre.<\/p>\n\n\n\n<p class=\"wp-block-paragraph\">\u201cEste domingo estaremos en Puebla, Veracruz e Hidalgo, tres de las entidades afectadas por lluvias. Atendemos la emergencia con los planes DN-III-E y Marina; pronto iniciar\u00e1 el censo para distribuir apoyos. No vamos a dejar a nadie desamparado\u201d, puntualiz\u00f3 a trav\u00e9s de redes sociales.<\/p>\n\n\n\n<figure class=\"wp-block-embed is-type-video is-provider-youtube wp-block-embed-youtube wp-embed-aspect-16-9 wp-has-aspect-ratio\"><div class=\"wp-block-embed__wrapper\">\n<iframe loading=\"lazy\" title=\"Reuni\u00f3n con poblaci\u00f3n afectada de Poza Rica, Veracruz\" width=\"640\" height=\"360\" src=\"https:\/\/www.youtube.com\/embed\/7HqGn-Blag4?feature=oembed\" frameborder=\"0\" allow=\"accelerometer; autoplay; clipboard-write; encrypted-media; gyroscope; picture-in-picture; web-share\" referrerpolicy=\"strict-origin-when-cross-origin\" allowfullscreen><\/iframe>\n<\/div><\/figure>\n\n\n\n<p class=\"wp-block-paragraph\">Destac\u00f3 que desde el pasado viernes 10 de octubre, se instal\u00f3 el Comit\u00e9 Nacional de Emergencias para auxiliar a la poblaci\u00f3n de los 111 municipios afectados de los estados Puebla, Veracruz, Hidalgo, San Luis Potos\u00ed, Veracruz y Quer\u00e9taro, en donde se presentaron 108 interrupciones en 18 carreteras federales: 103 ya fueron atendidas y se trabaja en las cinco restantes, adem\u00e1s de que se garantiza que haya alimentaci\u00f3n, agua potable y que los refugios operen al 100 por ciento.<\/p>\n\n\n\n<figure class=\"wp-block-embed is-type-video is-provider-youtube wp-block-embed-youtube wp-embed-aspect-16-9 wp-has-aspect-ratio\"><div class=\"wp-block-embed__wrapper\">\n<iframe loading=\"lazy\" title=\"Ma\u00f1ana inicia censo de viviendas afectadas por lluvias en Veracruz\" width=\"640\" height=\"360\" src=\"https:\/\/www.youtube.com\/embed\/OaudHiG94X8?feature=oembed\" frameborder=\"0\" allow=\"accelerometer; autoplay; clipboard-write; encrypted-media; gyroscope; picture-in-picture; web-share\" referrerpolicy=\"strict-origin-when-cross-origin\" allowfullscreen><\/iframe>\n<\/div><\/figure>\n\n\n\n<p class=\"wp-block-paragraph\">\u201cA las personas que perdieron a un familiar, no solo nuestra solidaridad, sino nuestro apoyo. Y a las personas que a\u00fan no encuentran a sus familiares, les pido, por favor, que puedan llamar al 079, ah\u00ed hay un equipo permanente para estar informando y atendiendo a la poblaci\u00f3n\u201d, puntualiz\u00f3.<\/p>\n\n\n\n<p class=\"wp-block-paragraph\">Detall\u00f3 que este domingo, a las 19:00 horas, se reunir\u00e1 de nueva cuenta el Comit\u00e9 Nacional de Emergencias y en *\u201cLa conferencia del pueblo\u201d *de este lunes, se informar\u00e1n las acciones que se realizan en apoyo a la poblaci\u00f3n.<\/p>\n\n\n\n<p class=\"wp-block-paragraph\">Este domingo, la Presidenta Claudia Sheinbaum Pardo, recorri\u00f3 a pie, algunos de los municipios m\u00e1s afectados por las recientes lluvias en Puebla y Veracruz, para informar a las mexicanas y mexicanos las acciones que realiza su Gobierno para atender la emergencia<\/p>\n\n\n\n<p class=\"wp-block-paragraph\">En Puebla, camin\u00f3 por colonias de Huauchinango y La Ceiba, acompa\u00f1ada del gobernador Alejandro Armenta, as\u00ed como por los secretarios de Defensa, Marina, Gobernaci\u00f3n, Bienestar y m\u00e1s. Por su parte, en Veracruz, se reuni\u00f3 con la poblaci\u00f3n de Poza Rica junto a la gobernadora del estado Roc\u00edo Nahle, as\u00ed como por miembros de su gabinete.<\/p>\n","protected":false},"excerpt":{"rendered":"<p>Presidenta Claudia Sheinbaum recorre zonas afectadas por lluvias en Puebla y Veracruz * Inform\u00f3, a trav\u00e9s de un video en sus redes sociales, que las Fuerzas Armadas implementan los Planes DN-III-E y Marina en los estados de Puebla, Veracruz, Hidalgo, San Luis Potos\u00ed, Veracruz y Quer\u00e9taro * Expres\u00f3 su solidaridad y apoyo con las personas&#8230;<\/p>\n","protected":false},"author":2,"featured_media":68044,"comment_status":"closed","ping_status":"closed","sticky":false,"template":"","format":"standard","meta":{"_crdt_document":"","_exactmetrics_skip_tracking":false,"_exactmetrics_sitenote_active":false,"_exactmetrics_sitenote_note":"","_exactmetrics_sitenote_category":0,"footnotes":""},"categories":[80,36,22,37,23,31,32,1,27,69,65],"tags":[79,72,75],"class_list":["post-68043","post","type-post","status-publish","format-standard","has-post-thumbnail","hentry","category-derechos-humanos","category-economia","category-escena","category-medio-ambiente","category-mexico","category-politica","category-salud","category-seguridad","category-sonora","category-ultimas-noticias","category-videos","tag-andres-manuel-lopez-obrador","tag-claudia-sheinbaum","tag-seguridad-publica"],"_links":{"self":[{"href":"https:\/\/elpajaritonews.com\/index.php?rest_route=\/wp\/v2\/posts\/68043","targetHints":{"allow":["GET"]}}],"collection":[{"href":"https:\/\/elpajaritonews.com\/index.php?rest_route=\/wp\/v2\/posts"}],"about":[{"href":"https:\/\/elpajaritonews.com\/index.php?rest_route=\/wp\/v2\/types\/post"}],"author":[{"embeddable":true,"href":"https:\/\/elpajaritonews.com\/index.php?rest_route=\/wp\/v2\/users\/2"}],"replies":[{"embeddable":true,"href":"https:\/\/elpajaritonews.com\/index.php?rest_route=%2Fwp%2Fv2%2Fcomments&post=68043"}],"version-history":[{"count":1,"href":"https:\/\/elpajaritonews.com\/index.php?rest_route=\/wp\/v2\/posts\/68043\/revisions"}],"predecessor-version":[{"id":68045,"href":"https:\/\/elpajaritonews.com\/index.php?rest_route=\/wp\/v2\/posts\/68043\/revisions\/68045"}],"wp:featuredmedia":[{"embeddable":true,"href":"https:\/\/elpajaritonews.com\/index.php?rest_route=\/wp\/v2\/media\/68044"}],"wp:attachment":[{"href":"https:\/\/elpajaritonews.com\/index.php?rest_route=%2Fwp%2Fv2%2Fmedia&parent=68043"}],"wp:term":[{"taxonomy":"category","embeddable":true,"href":"https:\/\/elpajaritonews.com\/index.php?rest_route=%2Fwp%2Fv2%2Fcategories&post=68043"},{"taxonomy":"post_tag","embeddable":true,"href":"https:\/\/elpajaritonews.com\/index.php?rest_route=%2Fwp%2Fv2%2Ftags&post=68043"}],"curies":[{"name":"wp","href":"https:\/\/api.w.org\/{rel}","templated":true}]}}