{"id":68063,"date":"2025-10-13T14:05:54","date_gmt":"2025-10-13T21:05:54","guid":{"rendered":"https:\/\/elpajaritonews.com\/?p=68063"},"modified":"2025-10-13T14:05:56","modified_gmt":"2025-10-13T21:05:56","slug":"todo-listo-para-el-cuarto-foro-mundial-de-energia-solar-de-hermosillo-con-participacion-de-steve-wozniak-cofundador-de-apple","status":"publish","type":"post","link":"https:\/\/elpajaritonews.com\/?p=68063","title":{"rendered":"TODO LISTO PARA EL CUARTO FORO MUNDIAL DE ENERG\u00cdA SOLAR DE HERMOSILLO CON PARTICIPACI\u00d3N DE STEVE WOZNIAK, COFUNDADOR DE APPLE"},"content":{"rendered":"\n<p class=\"wp-block-paragraph\">-Bajo el tema Impulsando Ciudades del Futuro, arrancan las actividades el pr\u00f3ximo mi\u00e9rcoles 15 de octubre y continuar\u00e1n el d\u00eda 16 en el centro social Villa Toscana.<\/p>\n\n\n\n<p class=\"wp-block-paragraph\">-El programa incluye conferencias magistrales a cargo de Steve Wozniak, creador de la primera computadora personal, y Carlos Moreno, impulsor del concepto \u201cCiudad de 15 Minutos\u201d.<\/p>\n\n\n\n<p class=\"wp-block-paragraph\">El Gobierno Municipal que encabeza Antonio Astiazar\u00e1n Guti\u00e9rrez afina los \u00faltimos detalles de la que ser\u00e1 la cuarta edici\u00f3n del Foro Mundial de Energ\u00eda Solar de Hermosillo, cuya agenda de 2 d\u00edas incluye la participaci\u00f3n de conferencistas de primer nivel, paneles, encuentros de negocios y el debut del Climathon, inform\u00f3 Carla Neudert C\u00f3rdova.<\/p>\n\n\n\n<p class=\"wp-block-paragraph\">La directora de la Agencia Municipal de Energ\u00eda y Cambio Clim\u00e1tico (AMECC), destac\u00f3 como parte del programa que Steve Wozniak, cofundador de Apple y creador de la primera computadora personal en el mundo y Antonio Astiazar\u00e1n sostendr\u00e1n una charla de las 9:30 a las 10:30 horas, el 15 de octubre.<\/p>\n\n\n\n<p class=\"wp-block-paragraph\">Coment\u00f3 que se espera la asistencia de m\u00e1s de 2 mil personas, as\u00ed como la participaci\u00f3n de m\u00e1s de 70 estudiantes en el reto de innovaci\u00f3n Climathon, en el que los participantes tendr\u00e1n oportunidad de proponer soluciones creativas frente a los desaf\u00edos del cambio clim\u00e1tico.<\/p>\n\n\n\n<p class=\"wp-block-paragraph\">Se refiri\u00f3 al Foro Mundial de Energ\u00eda Solar 2025 como una valiosa oportunidad de reflexi\u00f3n y aprendizaje que concentrar\u00e1 en un mismo lugar a las m\u00e1s brillantes y visionarias mentes en temas como energ\u00eda solar, movilidad el\u00e9ctrica, urbanismo verde, innovaci\u00f3n tecnol\u00f3gica y cambio clim\u00e1tico, provenientes de al menos 15 pa\u00edses.<\/p>\n\n\n\n<p class=\"wp-block-paragraph\">Este foro confirma el inter\u00e9s del Gobierno Municipal que preside Antonio Astiazar\u00e1n de crear alianzas con empresas, academia, estudiantes y comunidad en general en torno al objetivo de proponer nuevas soluciones a viejos problemas, asegur\u00f3 la directora de la AMECC.<\/p>\n\n\n\n<p class=\"wp-block-paragraph\">Las personas interesadas en asistir a\u00fan tienen oportunidad de registrarse y obtener sus carnets a trav\u00e9s de la p\u00e1gina https:\/\/foroenergiahmo.com, finaliz\u00f3.<\/p>\n","protected":false},"excerpt":{"rendered":"<p>-Bajo el tema Impulsando Ciudades del Futuro, arrancan las actividades el pr\u00f3ximo mi\u00e9rcoles 15 de octubre y continuar\u00e1n el d\u00eda 16 en el centro social Villa Toscana. -El programa incluye conferencias magistrales a cargo de Steve Wozniak, creador de la primera computadora personal, y Carlos Moreno, impulsor del concepto \u201cCiudad de 15 Minutos\u201d. El Gobierno&#8230;<\/p>\n","protected":false},"author":2,"featured_media":68064,"comment_status":"closed","ping_status":"closed","sticky":false,"template":"","format":"standard","meta":{"_crdt_document":"","_exactmetrics_skip_tracking":false,"_exactmetrics_sitenote_active":false,"_exactmetrics_sitenote_note":"","_exactmetrics_sitenote_category":0,"footnotes":""},"categories":[18,36,26,31,27,69],"tags":[74],"class_list":["post-68063","post","type-post","status-publish","format-standard","has-post-thumbnail","hentry","category-ciencia","category-economia","category-local","category-politica","category-sonora","category-ultimas-noticias","tag-hermosillo"],"_links":{"self":[{"href":"https:\/\/elpajaritonews.com\/index.php?rest_route=\/wp\/v2\/posts\/68063","targetHints":{"allow":["GET"]}}],"collection":[{"href":"https:\/\/elpajaritonews.com\/index.php?rest_route=\/wp\/v2\/posts"}],"about":[{"href":"https:\/\/elpajaritonews.com\/index.php?rest_route=\/wp\/v2\/types\/post"}],"author":[{"embeddable":true,"href":"https:\/\/elpajaritonews.com\/index.php?rest_route=\/wp\/v2\/users\/2"}],"replies":[{"embeddable":true,"href":"https:\/\/elpajaritonews.com\/index.php?rest_route=%2Fwp%2Fv2%2Fcomments&post=68063"}],"version-history":[{"count":1,"href":"https:\/\/elpajaritonews.com\/index.php?rest_route=\/wp\/v2\/posts\/68063\/revisions"}],"predecessor-version":[{"id":68065,"href":"https:\/\/elpajaritonews.com\/index.php?rest_route=\/wp\/v2\/posts\/68063\/revisions\/68065"}],"wp:featuredmedia":[{"embeddable":true,"href":"https:\/\/elpajaritonews.com\/index.php?rest_route=\/wp\/v2\/media\/68064"}],"wp:attachment":[{"href":"https:\/\/elpajaritonews.com\/index.php?rest_route=%2Fwp%2Fv2%2Fmedia&parent=68063"}],"wp:term":[{"taxonomy":"category","embeddable":true,"href":"https:\/\/elpajaritonews.com\/index.php?rest_route=%2Fwp%2Fv2%2Fcategories&post=68063"},{"taxonomy":"post_tag","embeddable":true,"href":"https:\/\/elpajaritonews.com\/index.php?rest_route=%2Fwp%2Fv2%2Ftags&post=68063"}],"curies":[{"name":"wp","href":"https:\/\/api.w.org\/{rel}","templated":true}]}}