{"id":68069,"date":"2025-10-13T16:01:43","date_gmt":"2025-10-13T23:01:43","guid":{"rendered":"https:\/\/elpajaritonews.com\/?p=68069"},"modified":"2025-10-14T14:44:07","modified_gmt":"2025-10-14T21:44:07","slug":"radio-sonora-cumple-43-anos-siendo-una-voz-de-la-identidad-y-la-cultura-popular-sonorense","status":"publish","type":"post","link":"https:\/\/elpajaritonews.com\/?p=68069","title":{"rendered":"RADIO SONORA CUMPLE 43 A\u00d1OS SIENDO UNA VOZ DE LA IDENTIDAD Y LA CULTURA POPULAR SONORENSE"},"content":{"rendered":"\n<p class=\"wp-block-paragraph\">A 43 a\u00f1os de su fundaci\u00f3n, Radio Sonora celebr\u00f3 su aniversario reafirmando su compromiso como la radiodifusora p\u00fablica m\u00e1s grande del pa\u00eds, un espacio que refleja la diversidad, la identidad y la cultura popular del estado. En los \u00faltimos cuatro a\u00f1os, bajo la visi\u00f3n transformadora del gobernador Alfonso Durazo Monta\u00f1o y la presidenta Claudia Sheinbaum, Radio Sonora ha vivido un proceso de renovaci\u00f3n integral que le ha permitido recuperar su sentido p\u00fablico y fortalecer su cercan\u00eda con la ciudadan\u00eda.<\/p>\n\n\n\n<p class=\"wp-block-paragraph\">Desde su creaci\u00f3n, la emisora ha sido un proyecto concebido con una visi\u00f3n p\u00fablica: garantizar el acceso a la informaci\u00f3n, al entretenimiento, la educaci\u00f3n y la cultura como derechos de todas y todos los sonorenses. Hoy, con 30 estaciones y una cobertura poblacional superior al 88 por ciento, Radio Sonora se ha consolidado como uno de los medios p\u00fablicos m\u00e1s influyentes del noroeste de M\u00e9xico.<\/p>\n\n\n\n<p class=\"wp-block-paragraph\">Durante m\u00e1s de cuatro d\u00e9cadas, \u201cNuestra Radio\u201d ha sido testigo y protagonista de la historia de Sonora, acompa\u00f1ando a su pueblo en los momentos m\u00e1s importantes y construyendo una programaci\u00f3n incluyente que da espacio a las voces de las comunidades, la academia, la cultura, la infancia, los pueblos originarios, las juventudes y los movimientos sociales.<\/p>\n\n\n\n<figure class=\"wp-block-image size-large\"><img loading=\"lazy\" decoding=\"async\" width=\"621\" height=\"1024\" src=\"https:\/\/elpajaritonews.com\/wp-content\/uploads\/2025\/10\/19a3b182-ce1f-4473-9f9c-6fc2d91928a6-621x1024.jpg\" alt=\"\" class=\"wp-image-68093\" srcset=\"https:\/\/elpajaritonews.com\/wp-content\/uploads\/2025\/10\/19a3b182-ce1f-4473-9f9c-6fc2d91928a6-621x1024.jpg 621w, https:\/\/elpajaritonews.com\/wp-content\/uploads\/2025\/10\/19a3b182-ce1f-4473-9f9c-6fc2d91928a6-182x300.jpg 182w, https:\/\/elpajaritonews.com\/wp-content\/uploads\/2025\/10\/19a3b182-ce1f-4473-9f9c-6fc2d91928a6-768x1267.jpg 768w, https:\/\/elpajaritonews.com\/wp-content\/uploads\/2025\/10\/19a3b182-ce1f-4473-9f9c-6fc2d91928a6-931x1536.jpg 931w, https:\/\/elpajaritonews.com\/wp-content\/uploads\/2025\/10\/19a3b182-ce1f-4473-9f9c-6fc2d91928a6.jpg 970w\" sizes=\"auto, (max-width: 621px) 100vw, 621px\" \/><\/figure>\n\n\n\n<p class=\"wp-block-paragraph\">Entre los principales logros de su actual administraci\u00f3n, destacan:<\/p>\n\n\n\n<p class=\"wp-block-paragraph\">* La renovaci\u00f3n total de los t\u00edtulos de concesi\u00f3n, asegurando su operaci\u00f3n por al menos 15 a\u00f1os m\u00e1s.<\/p>\n\n\n\n<p class=\"wp-block-paragraph\">* El incremento en 146 por ciento de las horas en vivo y el regreso de los tradicionales Jueves de Plaza.<\/p>\n\n\n\n<p class=\"wp-block-paragraph\">* 18 nuevas producciones tan solo en el \u00faltimo a\u00f1o.<\/p>\n\n\n\n<p class=\"wp-block-paragraph\">* 3er Lugar en la categor\u00eda \u201cReportaje\u201d de la Bienal Internacional de Radio edici\u00f3n XV con el documental sonoro \u201cRebeldes, libres y norte\u00f1as. Memorias del movimiento feminista en Sonora\u201d.<\/p>\n\n\n\n<p class=\"wp-block-paragraph\">* La producci\u00f3n del primer audiolibro a cargo de instituciones p\u00fablicas del Gobierno del Estado de Sonora, con \u201cLa creciente\u201d, de la escritora sonorense Armida de la Vara.<\/p>\n\n\n\n<p class=\"wp-block-paragraph\">* La modernizaci\u00f3n del portal www.radiosonora.com.mx, con nuevas secciones, articulistas y contenidos de an\u00e1lisis.<\/p>\n\n\n\n<p class=\"wp-block-paragraph\">* La creaci\u00f3n del \u00c1rea Digital, con un crecimiento org\u00e1nico de m\u00e1s del 130 por ciento en n\u00famero de seguidores en sus redes sociales, y m\u00e1s de 600 producciones digitales en el \u00faltimo a\u00f1o.<\/p>\n\n\n\n<p class=\"wp-block-paragraph\">* El pr\u00f3ximo lanzamiento de la primera licitaci\u00f3n internacional en la historia de la radiodifusora, para adquirir un nuevo transmisor de alta potencia que garantice cobertura total en Hermosillo, en especial en sus zonas rurales y comisar\u00edas.<\/p>\n\n\n\n<p class=\"wp-block-paragraph\">Durante el acto conmemorativo, el director general de Radio Sonora, Tirso Amante, destac\u00f3 el valor hist\u00f3rico y social de este medio que pertenece al pueblo sonorense, subrayando el compromiso de su equipo por seguir transformando la radio p\u00fablica.<\/p>\n\n\n\n<p class=\"wp-block-paragraph\">\u201cA 43 a\u00f1os de distancia, estoy convencido de que quienes visionaron la creaci\u00f3n de la radio del pueblo sonorense, hoy est\u00e1n orgullosos y, aunque a nosotros no nos satisface todo lo que falta por hacer, nos emociona el rumbo transformador que hemos emprendido para regresarle dignidad y su sentido p\u00fablico\u201d, expres\u00f3.<\/p>\n\n\n\n<p class=\"wp-block-paragraph\">Por su parte, el secretario de Educaci\u00f3n y Cultura del Estado de Sonora, Froyl\u00e1n G\u00e1mez Gamboa, subray\u00f3 la importancia de la creaci\u00f3n de la radiodifusora, como un medio para llevar cultura e informaci\u00f3n hasta el rinc\u00f3n m\u00e1s lejano del estado.<\/p>\n\n\n\n<p class=\"wp-block-paragraph\">\u00abEl Gobernador Durazo nos ha encomendado una misi\u00f3n muy clara, recuperar y fortalecer lo que es nuestro y en Radio Sonora, lo estamos logrando. Hemos trabajado para que en d\u00f3nde hab\u00eda silencio, hoy, haya se\u00f1al, para que en d\u00f3nde hab\u00eda pocas horas de programaci\u00f3n en vivo, haya m\u00e1s espacio de debate\u00bb, destac\u00f3 Froyl\u00e1n G\u00e1mez Gamboa.<\/p>\n\n\n\n<p class=\"wp-block-paragraph\">El acto conmemorativo por el aniversario de Radio Sonora se llev\u00f3 a cabo en la Cineteca Sonora, con la presencia de Paloma Ter\u00e1n Villalobos, titular del Sistema Estatal de Comunicaci\u00f3n Social del Gobierno de Sonora; Azucena Pimentel Mendoza, presidenta del Consejo Directivo de la Red M\u00e9xico y directora de Aprende televisora educativa de M\u00e9xico; Tirso Amante, director general de Radio Sonora; funcionarios p\u00fablicos, colaboradores, as\u00ed como las y los integrantes de Radio Sonora, quienes con su talento, compromiso y vocaci\u00f3n hacen posible que la radio p\u00fablica sonorense siga creciendo, innovando y acompa\u00f1ando a la ciudadan\u00eda.<\/p>\n","protected":false},"excerpt":{"rendered":"<p>A 43 a\u00f1os de su fundaci\u00f3n, Radio Sonora celebr\u00f3 su aniversario reafirmando su compromiso como la radiodifusora p\u00fablica m\u00e1s grande del pa\u00eds, un espacio que refleja la diversidad, la identidad y la cultura popular del estado. En los \u00faltimos cuatro a\u00f1os, bajo la visi\u00f3n transformadora del gobernador Alfonso Durazo Monta\u00f1o y la presidenta Claudia Sheinbaum,&#8230;<\/p>\n","protected":false},"author":2,"featured_media":68070,"comment_status":"closed","ping_status":"closed","sticky":false,"template":"","format":"standard","meta":{"_crdt_document":"","_exactmetrics_skip_tracking":false,"_exactmetrics_sitenote_active":false,"_exactmetrics_sitenote_note":"","_exactmetrics_sitenote_category":0,"footnotes":""},"categories":[18,80,22,26,31,27,69],"tags":[71,72,74,28,30],"class_list":["post-68069","post","type-post","status-publish","format-standard","has-post-thumbnail","hentry","category-ciencia","category-derechos-humanos","category-escena","category-local","category-politica","category-sonora","category-ultimas-noticias","tag-alfonso-durazo","tag-claudia-sheinbaum","tag-hermosillo","tag-nogales","tag-sonora-tierra-de-oportunidades"],"_links":{"self":[{"href":"https:\/\/elpajaritonews.com\/index.php?rest_route=\/wp\/v2\/posts\/68069","targetHints":{"allow":["GET"]}}],"collection":[{"href":"https:\/\/elpajaritonews.com\/index.php?rest_route=\/wp\/v2\/posts"}],"about":[{"href":"https:\/\/elpajaritonews.com\/index.php?rest_route=\/wp\/v2\/types\/post"}],"author":[{"embeddable":true,"href":"https:\/\/elpajaritonews.com\/index.php?rest_route=\/wp\/v2\/users\/2"}],"replies":[{"embeddable":true,"href":"https:\/\/elpajaritonews.com\/index.php?rest_route=%2Fwp%2Fv2%2Fcomments&post=68069"}],"version-history":[{"count":2,"href":"https:\/\/elpajaritonews.com\/index.php?rest_route=\/wp\/v2\/posts\/68069\/revisions"}],"predecessor-version":[{"id":68094,"href":"https:\/\/elpajaritonews.com\/index.php?rest_route=\/wp\/v2\/posts\/68069\/revisions\/68094"}],"wp:featuredmedia":[{"embeddable":true,"href":"https:\/\/elpajaritonews.com\/index.php?rest_route=\/wp\/v2\/media\/68070"}],"wp:attachment":[{"href":"https:\/\/elpajaritonews.com\/index.php?rest_route=%2Fwp%2Fv2%2Fmedia&parent=68069"}],"wp:term":[{"taxonomy":"category","embeddable":true,"href":"https:\/\/elpajaritonews.com\/index.php?rest_route=%2Fwp%2Fv2%2Fcategories&post=68069"},{"taxonomy":"post_tag","embeddable":true,"href":"https:\/\/elpajaritonews.com\/index.php?rest_route=%2Fwp%2Fv2%2Ftags&post=68069"}],"curies":[{"name":"wp","href":"https:\/\/api.w.org\/{rel}","templated":true}]}}