{"id":68159,"date":"2025-10-16T20:12:03","date_gmt":"2025-10-17T03:12:03","guid":{"rendered":"https:\/\/elpajaritonews.com\/?p=68159"},"modified":"2025-10-16T20:12:05","modified_gmt":"2025-10-17T03:12:05","slug":"avanza-congreso-de-sonora-en-iniciativas-y-conmemora-derecho-al-voto-e-inclusion-de-personas-ciegas","status":"publish","type":"post","link":"https:\/\/elpajaritonews.com\/?p=68159","title":{"rendered":"AVANZA CONGRESO DE SONORA EN INICIATIVAS Y CONMEMORA DERECHO AL VOTO E INCLUSI\u00d3N DE PERSONAS CIEGAS"},"content":{"rendered":"\n<p class=\"wp-block-paragraph\">El Pleno del Congreso del Estado de Sonora turn\u00f3 a comisi\u00f3n diversas iniciativas en materia de bienestar animal, transporte agr\u00edcola, derecho a la salud y desarrollo rural, adem\u00e1s de remitir a segunda lectura un dictamen relativo a asociaciones religiosas. Asimismo, las y los diputados presentaron posicionamientos con motivo del 72 aniversario del voto femenino, el D\u00eda Internacional de la Ni\u00f1a y el D\u00eda de la Raza, y participaron en un recorrido con los ojos vendados en el marco del D\u00eda del Bast\u00f3n Blanco.<\/p>\n\n\n\n<figure class=\"wp-block-embed is-type-video is-provider-youtube wp-block-embed-youtube wp-embed-aspect-16-9 wp-has-aspect-ratio\"><div class=\"wp-block-embed__wrapper\">\n<iframe loading=\"lazy\" title=\"16 de Octubre 2025 - Sesi\u00f3n Ordinaria\" width=\"640\" height=\"360\" src=\"https:\/\/www.youtube.com\/embed\/BcTMTiUpV8c?feature=oembed\" frameborder=\"0\" allow=\"accelerometer; autoplay; clipboard-write; encrypted-media; gyroscope; picture-in-picture; web-share\" referrerpolicy=\"strict-origin-when-cross-origin\" allowfullscreen><\/iframe>\n<\/div><\/figure>\n\n\n\n<p class=\"wp-block-paragraph\">El diputado Ren\u00e9 Edmundo Garc\u00eda Rojo (PT) present\u00f3 la iniciativa que adiciona el art\u00edculo 190 Bis al C\u00f3digo de Familia del Estado de Sonora para regular el destino de los animales de compa\u00f1\u00eda en los procesos de divorcio, incorporando en el convenio o sentencia un plan de cuidados que determine custodia, convivencia o manutenci\u00f3n por parte de uno de los c\u00f3nyuges.<\/p>\n\n\n\n<p class=\"wp-block-paragraph\">Por su parte, el diputado Emeterio Ochoa Baz\u00faa (PRI) propuso reformar los art\u00edculos 19 y 20, inciso B, de la Ley de Transporte del Estado de Sonora a fin de eliminar la necesidad de concesi\u00f3n, permiso o autorizaci\u00f3n para la movilizaci\u00f3n de productos agr\u00edcolas no elaborados por el propio productor en caminos vecinales, mediante plataformas o batangas, con el prop\u00f3sito de evitar la clandestinidad y el impacto econ\u00f3mico en los productores.<\/p>\n\n\n\n<p class=\"wp-block-paragraph\">La diputada Ana Gabriela Tapia Fonllem (PRD) dio lectura a la iniciativa que reforma la Constituci\u00f3n local, la Ley del Presupuesto de Egresos y Gasto P\u00fablico Estatal y la Ley que Crea los Servicios de Salud del Estado de Sonora, con el fin de garantizar constitucionalmente el derecho a la salud con prioridad presupuestaria, y asegurar en las leyes secundarias el abasto de medicamentos dentro del presupuesto asignado.<\/p>\n\n\n\n<p class=\"wp-block-paragraph\">El diputado H\u00e9ctor Ra\u00fal Castelo Monta\u00f1o (Morena) present\u00f3 el dictamen de la Comisi\u00f3n de Presupuestos y Asuntos Municipales relativo a la iniciativa que modifica la Ley de Gobierno y Administraci\u00f3n Municipal del Estado de Sonora, con el prop\u00f3sito de que los ayuntamientos faciliten la expedici\u00f3n de la Constancia de Notorio Arraigo a las asociaciones religiosas en etapa constitutiva, garantizando as\u00ed su derecho a organizarse libremente.<\/p>\n\n\n\n<p class=\"wp-block-paragraph\">La Mesa Directiva turn\u00f3 las iniciativas a las comisiones de Energ\u00eda, Medio Ambiente y Cambio Clim\u00e1tico; Fomento Agr\u00edcola y Ganadero; y Salud, para su an\u00e1lisis y, en su caso, dictaminaci\u00f3n, y remiti\u00f3 a segunda lectura el dictamen en materia de asociaciones religiosas para la siguiente sesi\u00f3n.<\/p>\n\n\n\n<p class=\"wp-block-paragraph\">A nombre del grupo parlamentario de Morena, la diputada Alicia Gayt\u00e1n S\u00e1nchez present\u00f3 un posicionamiento en relaci\u00f3n con la lucha hist\u00f3rica que permiti\u00f3 a las mujeres mexicanas conquistar el derecho al voto y la participaci\u00f3n plena en la vida pol\u00edtica del pa\u00eds.<\/p>\n\n\n\n<p class=\"wp-block-paragraph\">Enseguida, la diputada Claudia Zulema Bours Corral (PVEM) se refiri\u00f3 al voto femenino como una conquista de igualdad y justicia, y reafirm\u00f3 su compromiso de seguir avanzando en los derechos de las mujeres.<\/p>\n\n\n\n<p class=\"wp-block-paragraph\">La diputada Jazm\u00edn Guadalupe G\u00f3mez Liz\u00e1rraga (PT) destac\u00f3 el voto femenino como un s\u00edmbolo de igualdad y justicia, y subray\u00f3 la importancia de renovar el compromiso para consolidar una participaci\u00f3n pol\u00edtica plena, libre de violencia y con igualdad sustantiva para todas las mexicanas.<\/p>\n\n\n\n<p class=\"wp-block-paragraph\">La diputada Rebeca Irene Silva Gallardo (NAS) se\u00f1al\u00f3 que, pese a los avances en materia de paridad, persisten retos en equidad y representaci\u00f3n \u00e9tnica, y propuso impulsar acciones integrales y gabinetes paritarios, siguiendo el modelo de los \u201c100 Pasos para la Transformaci\u00f3n\u201d de la presidenta Claudia Sheinbaum, en beneficio de Sonora.<\/p>\n\n\n\n<p class=\"wp-block-paragraph\">En el mismo sentido, la diputada Ros\u00e1ngela Amairany Pe\u00f1a Escalante (PES) destac\u00f3 el valor hist\u00f3rico del voto femenino y el papel de las mujeres en la vida democr\u00e1tica.<\/p>\n\n\n\n<p class=\"wp-block-paragraph\">La diputada Ana Gabriela Tapia Fonllem (PRD) present\u00f3 su posicionamiento, resaltando la lucha hist\u00f3rica de las mujeres por el voto y la participaci\u00f3n pol\u00edtica, as\u00ed como la necesidad de continuar promoviendo la igualdad sustantiva y los derechos equitativos.<\/p>\n\n\n\n<p class=\"wp-block-paragraph\">En el marco del D\u00eda Internacional de la Ni\u00f1a, la diputada Deni Gast\u00e9lum Barreras (Morena) resalt\u00f3 la importancia de proteger sus derechos, garantizar su desarrollo y participaci\u00f3n, y honrar la memoria de las luchas hist\u00f3ricas por la igualdad.<\/p>\n\n\n\n<p class=\"wp-block-paragraph\">Por \u00faltimo, el diputado Pr\u00f3spero Valenzuela Mu\u00f1er (Morena) destac\u00f3 que el 12 de octubre, D\u00eda de la Resistencia Ind\u00edgena, conmemora la historia y el legado de los pueblos originarios de Am\u00e9rica, quienes desarrollaron importantes civilizaciones y culturas mucho antes de la llegada de los espa\u00f1oles.<\/p>\n\n\n\n<p class=\"wp-block-paragraph\">Previo a la sesi\u00f3n, en el marco del D\u00eda del Bast\u00f3n Blanco, el 15 de octubre, las y los diputados del Congreso realizaron un recorrido con los ojos vendados, guiados por personal del Instituto Sonorense de la Juventud (ISJ), para experimentar las barreras que enfrentan las personas ciegas y crear conciencia sobre la necesidad de impulsar pol\u00edticas inclusivas.<\/p>\n\n\n\n<p class=\"wp-block-paragraph\">La siguiente sesi\u00f3n qued\u00f3 programada para el martes 21 de octubre, a las 11:00 horas.<\/p>\n\n\n\n<figure class=\"wp-block-image size-large\"><img loading=\"lazy\" decoding=\"async\" width=\"1024\" height=\"682\" src=\"https:\/\/elpajaritonews.com\/wp-content\/uploads\/2025\/10\/5a43958a-9cd8-4b04-95e9-3c4c8f1db040-1024x682.jpg\" alt=\"\" class=\"wp-image-68160\" srcset=\"https:\/\/elpajaritonews.com\/wp-content\/uploads\/2025\/10\/5a43958a-9cd8-4b04-95e9-3c4c8f1db040-1024x682.jpg 1024w, https:\/\/elpajaritonews.com\/wp-content\/uploads\/2025\/10\/5a43958a-9cd8-4b04-95e9-3c4c8f1db040-300x200.jpg 300w, https:\/\/elpajaritonews.com\/wp-content\/uploads\/2025\/10\/5a43958a-9cd8-4b04-95e9-3c4c8f1db040-768x512.jpg 768w, https:\/\/elpajaritonews.com\/wp-content\/uploads\/2025\/10\/5a43958a-9cd8-4b04-95e9-3c4c8f1db040-1536x1023.jpg 1536w, https:\/\/elpajaritonews.com\/wp-content\/uploads\/2025\/10\/5a43958a-9cd8-4b04-95e9-3c4c8f1db040-600x400.jpg 600w, https:\/\/elpajaritonews.com\/wp-content\/uploads\/2025\/10\/5a43958a-9cd8-4b04-95e9-3c4c8f1db040.jpg 1600w\" sizes=\"auto, (max-width: 1024px) 100vw, 1024px\" \/><\/figure>\n\n\n\n<p class=\"wp-block-paragraph\">DIPUTADA GABRIELA TAPIA FONLLEM PRESENTA INICIATIVA PARA GARANTIZAR EL ABASTO DE MEDICAMENTOS EN EL ISSSTESON<\/p>\n\n\n\n<p class=\"wp-block-paragraph\">Con el firme prop\u00f3sito de garantizar el derecho humano a la salud y atender una de las demandas m\u00e1s sentidas de la ciudadan\u00eda, la diputada Gabriela Tapia Fonllem, del PRD Sonora, present\u00f3 ante el Congreso del Estado una iniciativa de reforma encaminada a asegurar el abasto suficiente de medicamentos en el Isssteson y en el sistema de salud estatal.<\/p>\n\n\n\n<p class=\"wp-block-paragraph\">Durante su intervenci\u00f3n en tribuna, la legisladora destac\u00f3 que el desabasto de medicamentos se ha convertido en una situaci\u00f3n cr\u00edtica que afecta a personas derechohabientes, jubiladas, pensionadas y del servicio p\u00fablico en activo.<\/p>\n\n\n\n<p class=\"wp-block-paragraph\">\u201cNo es posible que, pese a los constantes anuncios, sigamos padeciendo el desabasto que se ha convertido en un grito de los ciudadanos que aportan su cuota y a\u00fan deben comprar sus medicinas por fuera\u201d, se\u00f1al\u00f3.<\/p>\n\n\n\n<p class=\"wp-block-paragraph\">Tapia Fonllem record\u00f3 que esta problem\u00e1tica no solo se vive en Sonora, sino a nivel nacional, afectando incluso el tratamiento de enfermedades graves como c\u00e1ncer, VIH y otros padecimientos cr\u00f3nicos, as\u00ed como la falta de vacunas esenciales. De acuerdo con la organizaci\u00f3n Desabasto Cero, en el primer cuatrimestre de 2025 se registraron 388 reportes por falta de medicamentos y cinco por vacunas en todo el pa\u00eds.<\/p>\n\n\n\n<p class=\"wp-block-paragraph\">La legisladora cuestion\u00f3 que el Estado mexicano no garantice el derecho a la salud de su poblaci\u00f3n y critic\u00f3 la falta de planeaci\u00f3n presupuestal que ha llevado a una crisis sanitaria.&nbsp;<\/p>\n\n\n\n<p class=\"wp-block-paragraph\">\u201cParece que pesan m\u00e1s los intereses pol\u00edticos que la salud de la gente. No puede ser que se prioricen otros temas antes que garantizar medicamentos y vacunas\u201d, enfatiz\u00f3.<\/p>\n\n\n\n<p class=\"wp-block-paragraph\">La iniciativa propone reformas constitucionales y legales que obliguen al estado a dar prioridad presupuestal a los temas de salud p\u00fablica, estableciendo mecanismos claros para asegurar el abasto de medicamentos, vacunas e insumos m\u00e9dicos.<\/p>\n\n\n\n<p class=\"wp-block-paragraph\">Con esta propuesta, la diputada Gabriela Tapia busca atacar el problema desde su origen: el presupuesto, asegurando que los recursos destinados a salud realmente se apliquen para cubrir las necesidades de la poblaci\u00f3n.<\/p>\n\n\n\n<p class=\"wp-block-paragraph\">\u201cDesde esta soberan\u00eda pongamos la salud de las y los sonorenses como n\u00famero uno en nuestras prioridades. Es tiempo de actuar con responsabilidad y sensibilidad social\u201d, expres\u00f3.<\/p>\n\n\n\n<p class=\"wp-block-paragraph\">Finalmente, la legisladora invit\u00f3 a las y los diputados del Congreso del Estado a sumarse a esta reforma que busca devolver la tranquilidad y confianza a miles de familias sonorenses que hoy sufren por la falta de medicamentos.<\/p>\n\n\n\n<figure class=\"wp-block-image size-large\"><img loading=\"lazy\" decoding=\"async\" width=\"1024\" height=\"682\" src=\"https:\/\/elpajaritonews.com\/wp-content\/uploads\/2025\/10\/c8da0563-0978-4d4f-b1a6-912986686c3c-1024x682.jpg\" alt=\"\" class=\"wp-image-68161\" srcset=\"https:\/\/elpajaritonews.com\/wp-content\/uploads\/2025\/10\/c8da0563-0978-4d4f-b1a6-912986686c3c-1024x682.jpg 1024w, https:\/\/elpajaritonews.com\/wp-content\/uploads\/2025\/10\/c8da0563-0978-4d4f-b1a6-912986686c3c-300x200.jpg 300w, https:\/\/elpajaritonews.com\/wp-content\/uploads\/2025\/10\/c8da0563-0978-4d4f-b1a6-912986686c3c-768x512.jpg 768w, https:\/\/elpajaritonews.com\/wp-content\/uploads\/2025\/10\/c8da0563-0978-4d4f-b1a6-912986686c3c-1536x1023.jpg 1536w, https:\/\/elpajaritonews.com\/wp-content\/uploads\/2025\/10\/c8da0563-0978-4d4f-b1a6-912986686c3c-600x400.jpg 600w, https:\/\/elpajaritonews.com\/wp-content\/uploads\/2025\/10\/c8da0563-0978-4d4f-b1a6-912986686c3c.jpg 1600w\" sizes=\"auto, (max-width: 1024px) 100vw, 1024px\" \/><\/figure>\n\n\n\n<p class=\"wp-block-paragraph\">DIPUTADA MAR\u00cdA ALICIA GAYT\u00c1N S\u00c1NCHEZ CONMEMORA 72 A\u00d1OS DEL DERECHO AL VOTO DE LAS MUJERES EN M\u00c9XICO<\/p>\n\n\n\n<p class=\"wp-block-paragraph\">-La legisladora morenista rememor\u00f3 los momentos clave que garantizaron los derechos pol\u00edticos de las mujeres en M\u00e9xico.<\/p>\n\n\n\n<p class=\"wp-block-paragraph\">En sesi\u00f3n ordinaria del Congreso de Sonora, la diputada Mar\u00eda Alicia Gayt\u00e1n S\u00e1nchez emiti\u00f3 un posicionamiento con motivo del 72 aniversario del reconocimiento constitucional del derecho de las mujeres a votar y ser votadas en M\u00e9xico.<\/p>\n\n\n\n<p class=\"wp-block-paragraph\">En su intervenci\u00f3n, la legisladora hizo un recuento hist\u00f3rico de las m\u00faltiples resistencias que enfrentaron las mujeres mexicanas para acceder a la vida pol\u00edtica del pa\u00eds, destacando la contradicci\u00f3n de que, pese a haber participado activamente en la Revoluci\u00f3n Mexicana, sus derechos pol\u00edticos les fueron negados en la Constituci\u00f3n de 1917.<\/p>\n\n\n\n<p class=\"wp-block-paragraph\">\u00abHoy celebramos un logro irrefutable de las mujeres mexicanas, resultado de d\u00e9cadas de resistencia, organizaci\u00f3n y lucha social. A 72 a\u00f1os de este reconocimiento, no olvidamos que el derecho al voto femenino fue negado por a\u00f1os bajo argumentos profundamente injustos\u00bb, expres\u00f3.<\/p>\n\n\n\n<p class=\"wp-block-paragraph\">Durante su intervenci\u00f3n, la legisladora record\u00f3 momentos clave de la historia del sufragio femenino en M\u00e9xico, destacando la participaci\u00f3n de mujeres como Hermila Galindo y Edelmira Trejo, as\u00ed como los esfuerzos legislativos de figuras como el presidente L\u00e1zaro C\u00e1rdenas y el presidente Adolfo Ruiz Cortines.<\/p>\n\n\n\n<p class=\"wp-block-paragraph\">\u201cF\u00e1cil no ha sido, como tampoco ha sido f\u00e1cil conquistar otros derechos. Pero hoy podemos decir con orgullo que las mujeres no solo participan, sino que lideran, proponen, legislan y transforman\u201d, subray\u00f3 Gayt\u00e1n S\u00e1nchez.<\/p>\n\n\n\n<p class=\"wp-block-paragraph\">La diputada tambi\u00e9n hizo \u00e9nfasis en los avances contempor\u00e1neos en materia de representaci\u00f3n pol\u00edtica de las mujeres, destacando que actualmente hay una presencia significativa de mujeres en los congresos estatales y federales, y que, por primera vez en la historia del pa\u00eds, en 2024 una mujer asumi\u00f3 la presidencia de la Rep\u00fablica.<\/p>\n\n\n\n<figure class=\"wp-block-image size-large\"><img loading=\"lazy\" decoding=\"async\" width=\"1024\" height=\"682\" src=\"https:\/\/elpajaritonews.com\/wp-content\/uploads\/2025\/10\/2112e0f6-ced4-43ce-8af8-6a89df416b0b-1024x682.jpg\" alt=\"\" class=\"wp-image-68162\" srcset=\"https:\/\/elpajaritonews.com\/wp-content\/uploads\/2025\/10\/2112e0f6-ced4-43ce-8af8-6a89df416b0b-1024x682.jpg 1024w, https:\/\/elpajaritonews.com\/wp-content\/uploads\/2025\/10\/2112e0f6-ced4-43ce-8af8-6a89df416b0b-300x200.jpg 300w, https:\/\/elpajaritonews.com\/wp-content\/uploads\/2025\/10\/2112e0f6-ced4-43ce-8af8-6a89df416b0b-768x512.jpg 768w, https:\/\/elpajaritonews.com\/wp-content\/uploads\/2025\/10\/2112e0f6-ced4-43ce-8af8-6a89df416b0b-1536x1023.jpg 1536w, https:\/\/elpajaritonews.com\/wp-content\/uploads\/2025\/10\/2112e0f6-ced4-43ce-8af8-6a89df416b0b-600x400.jpg 600w, https:\/\/elpajaritonews.com\/wp-content\/uploads\/2025\/10\/2112e0f6-ced4-43ce-8af8-6a89df416b0b.jpg 1600w\" sizes=\"auto, (max-width: 1024px) 100vw, 1024px\" \/><\/figure>\n\n\n\n<p class=\"wp-block-paragraph\">PLANTEA DIPUTADO REN\u00c9 GARC\u00cdA INICIATIVA EN MATERIA DE CUSTODIA DE ANIMALES DE COMPA\u00d1\u00cdA EN CASOS DE DIVORCIO<\/p>\n\n\n\n<p class=\"wp-block-paragraph\">&nbsp;Durante la sesi\u00f3n ordinaria del Congreso de Sonora, el diputado Ren\u00e9 Garc\u00eda Rojo (PT) present\u00f3 una iniciativa de reforma al C\u00f3digo de Familia que busca reconocer de manera formal el inter\u00e9s y el bienestar de los animales de compa\u00f1\u00eda en los procesos de disoluci\u00f3n matrimonial.<\/p>\n\n\n\n<p class=\"wp-block-paragraph\">El legislador explic\u00f3 que la propuesta establece que, en los casos de divorcio, la persona juzgadora ser\u00e1 responsable de determinar cu\u00e1l de los c\u00f3nyuges asumir\u00e1 la custodia, convivencia y, en su caso, la manutenci\u00f3n de los animales de compa\u00f1\u00eda, tomando en cuenta siempre su bienestar y su v\u00ednculo afectivo con los integrantes de la familia.<\/p>\n\n\n\n<p class=\"wp-block-paragraph\">Con esta reforma, se busca dotar a los jueces de criterios&nbsp; que les permitan garantizar un trato digno y responsable hacia los animales, reconociendo su importancia dentro del n\u00facleo familiar, a trav\u00e9s de un plan de cuidado que evite decisiones arbitrarias que puedan afectar su calidad de vida.<\/p>\n\n\n\n<p class=\"wp-block-paragraph\">Garc\u00eda Rojo destac\u00f3 que esta reforma responde a una creciente preocupaci\u00f3n social por el bienestar animal y a la necesidad de actualizar el marco jur\u00eddico para que refleje la realidad de las familias sonorenses que conviven con animales de compa\u00f1\u00eda, ya que actualmente la ley se rige bajo criterios de propiedad o valor econ\u00f3mico de estos seres.<\/p>\n\n\n\n<figure class=\"wp-block-image size-large\"><img loading=\"lazy\" decoding=\"async\" width=\"1024\" height=\"682\" src=\"https:\/\/elpajaritonews.com\/wp-content\/uploads\/2025\/10\/a8658982-db10-4feb-8cd3-b184093c099d-1024x682.jpg\" alt=\"\" class=\"wp-image-68163\" srcset=\"https:\/\/elpajaritonews.com\/wp-content\/uploads\/2025\/10\/a8658982-db10-4feb-8cd3-b184093c099d-1024x682.jpg 1024w, https:\/\/elpajaritonews.com\/wp-content\/uploads\/2025\/10\/a8658982-db10-4feb-8cd3-b184093c099d-300x200.jpg 300w, https:\/\/elpajaritonews.com\/wp-content\/uploads\/2025\/10\/a8658982-db10-4feb-8cd3-b184093c099d-768x512.jpg 768w, https:\/\/elpajaritonews.com\/wp-content\/uploads\/2025\/10\/a8658982-db10-4feb-8cd3-b184093c099d-1536x1023.jpg 1536w, https:\/\/elpajaritonews.com\/wp-content\/uploads\/2025\/10\/a8658982-db10-4feb-8cd3-b184093c099d-600x400.jpg 600w, https:\/\/elpajaritonews.com\/wp-content\/uploads\/2025\/10\/a8658982-db10-4feb-8cd3-b184093c099d.jpg 1600w\" sizes=\"auto, (max-width: 1024px) 100vw, 1024px\" \/><\/figure>\n\n\n\n<p class=\"wp-block-paragraph\">Diputado Pr\u00f3spero Valenzuela M\u00fa\u00f1er conmemora el 12 de octubre, D\u00eda de la Resistencia Ind\u00edgena<\/p>\n\n\n\n<p class=\"wp-block-paragraph\">-Destaca la importancia de reconocer la diversidad cultural y la resistencia hist\u00f3rica de los pueblos originarios.<\/p>\n\n\n\n<p class=\"wp-block-paragraph\">El diputado Pr\u00f3spero Valenzuela Mu\u00f1er emiti\u00f3 un posicionamiento con motivo de la conmemoraci\u00f3n del D\u00eda de la Naci\u00f3n Pluricultural, el cual representa un reconocimiento a la diversidad cultural y la pluralidad de los pueblos originarios de Am\u00e9rica.<\/p>\n\n\n\n<p class=\"wp-block-paragraph\">Explic\u00f3 que esta fecha, hist\u00f3ricamente conocida como el D\u00eda de la Raza, ha sido resignificada en los \u00faltimos a\u00f1os para honrar y reconocer la diversidad y pluralidad cultural del continente, celebr\u00e1ndose desde 2020 como el D\u00eda de la Naci\u00f3n Pluricultural. Este cambio, dijo, implica un rechazo contundente a la visi\u00f3n colonizadora que glorificaba la llegada de Crist\u00f3bal Col\u00f3n en 1492, misma que para los pueblos originarios signific\u00f3 el inicio de una invasi\u00f3n, saqueo, colonizaci\u00f3n forzada y genocidio.<\/p>\n\n\n\n<p class=\"wp-block-paragraph\">Valenzuela Mu\u00f1er record\u00f3 que las civilizaciones originarias de Am\u00e9rica, como los olmecas, mayas, zapotecas, mixtecas y mexicas, desarrollaron sociedades avanzadas con sistemas agr\u00edcolas, astron\u00f3micos, matem\u00e1ticos y arquitect\u00f3nicos de gran complejidad, que evidencian una historia profunda y rica anterior a la llegada de los espa\u00f1oles.<\/p>\n\n\n\n<p class=\"wp-block-paragraph\">Resalt\u00f3 la resistencia hist\u00f3rica y actual de los pueblos ind\u00edgenas, representada en figuras como Nezahualc\u00f3yotl, Moctezuma y Cuauht\u00e9moc, quienes simbolizan la sabidur\u00eda, valent\u00eda y dignidad de sus pueblos ante la conquista y colonizaci\u00f3n.<\/p>\n\n\n\n<p class=\"wp-block-paragraph\">\u201cEl 12 de octubre se ha resignificado como el D\u00eda de la Resistencia Ind\u00edgena, un reconocimiento a la incansable resistencia de los pueblos ind\u00edgenas por defender sus territorios, culturas, lenguas y formas de vida\u201d, expres\u00f3 el legislador morenista.<\/p>\n\n\n\n<p class=\"wp-block-paragraph\">Finalmente, subray\u00f3 el compromiso del gobierno de la Cuarta Transformaci\u00f3n para promover reformas constitucionales que reconocen y fortalecen los derechos de los pueblos ind\u00edgenas y afromexicanos, garantizando su autonom\u00eda, soberan\u00eda y pleno ejercicio de sus derechos colectivos.<\/p>\n","protected":false},"excerpt":{"rendered":"<p>El Pleno del Congreso del Estado de Sonora turn\u00f3 a comisi\u00f3n diversas iniciativas en materia de bienestar animal, transporte agr\u00edcola, derecho a la salud y desarrollo rural, adem\u00e1s de remitir a segunda lectura un dictamen relativo a asociaciones religiosas. Asimismo, las y los diputados presentaron posicionamientos con motivo del 72 aniversario del voto femenino, el&#8230;<\/p>\n","protected":false},"author":2,"featured_media":68164,"comment_status":"closed","ping_status":"closed","sticky":false,"template":"","format":"standard","meta":{"_crdt_document":"","_exactmetrics_skip_tracking":false,"_exactmetrics_sitenote_active":false,"_exactmetrics_sitenote_note":"","_exactmetrics_sitenote_category":0,"footnotes":""},"categories":[20,26,31,27,69,65],"tags":[73,74,28],"class_list":["post-68159","post","type-post","status-publish","format-standard","has-post-thumbnail","hentry","category-congreso","category-local","category-politica","category-sonora","category-ultimas-noticias","category-videos","tag-congreso-del-estado-de-sonora","tag-hermosillo","tag-nogales"],"_links":{"self":[{"href":"https:\/\/elpajaritonews.com\/index.php?rest_route=\/wp\/v2\/posts\/68159","targetHints":{"allow":["GET"]}}],"collection":[{"href":"https:\/\/elpajaritonews.com\/index.php?rest_route=\/wp\/v2\/posts"}],"about":[{"href":"https:\/\/elpajaritonews.com\/index.php?rest_route=\/wp\/v2\/types\/post"}],"author":[{"embeddable":true,"href":"https:\/\/elpajaritonews.com\/index.php?rest_route=\/wp\/v2\/users\/2"}],"replies":[{"embeddable":true,"href":"https:\/\/elpajaritonews.com\/index.php?rest_route=%2Fwp%2Fv2%2Fcomments&post=68159"}],"version-history":[{"count":1,"href":"https:\/\/elpajaritonews.com\/index.php?rest_route=\/wp\/v2\/posts\/68159\/revisions"}],"predecessor-version":[{"id":68165,"href":"https:\/\/elpajaritonews.com\/index.php?rest_route=\/wp\/v2\/posts\/68159\/revisions\/68165"}],"wp:featuredmedia":[{"embeddable":true,"href":"https:\/\/elpajaritonews.com\/index.php?rest_route=\/wp\/v2\/media\/68164"}],"wp:attachment":[{"href":"https:\/\/elpajaritonews.com\/index.php?rest_route=%2Fwp%2Fv2%2Fmedia&parent=68159"}],"wp:term":[{"taxonomy":"category","embeddable":true,"href":"https:\/\/elpajaritonews.com\/index.php?rest_route=%2Fwp%2Fv2%2Fcategories&post=68159"},{"taxonomy":"post_tag","embeddable":true,"href":"https:\/\/elpajaritonews.com\/index.php?rest_route=%2Fwp%2Fv2%2Ftags&post=68159"}],"curies":[{"name":"wp","href":"https:\/\/api.w.org\/{rel}","templated":true}]}}