{"id":68202,"date":"2025-10-17T21:10:28","date_gmt":"2025-10-18T04:10:28","guid":{"rendered":"https:\/\/elpajaritonews.com\/?p=68202"},"modified":"2025-10-17T21:10:30","modified_gmt":"2025-10-18T04:10:30","slug":"mas-de-100-servidores-de-la-nacion-de-sonora-viajan-a-hidalgo-para-apoyar-a-familias-afectadas-por-las-inundaciones","status":"publish","type":"post","link":"https:\/\/elpajaritonews.com\/?p=68202","title":{"rendered":"M\u00c1S DE 100 SERVIDORES DE LA NACI\u00d3N DE SONORA VIAJAN A HIDALGO PARA APOYAR A FAMILIAS AFECTADAS POR LAS INUNDACIONES"},"content":{"rendered":"\n<p class=\"wp-block-paragraph\">\u2022 Sonora demuestra su solidaridad al sumarse a las acciones de apoyo en zonas afectadas<\/p>\n\n\n\n<p class=\"wp-block-paragraph\">\u2022 El Delegado Octavio Almada Palafox encabeza la coordinaci\u00f3n del equipo sonorense<\/p>\n\n\n\n<p class=\"wp-block-paragraph\">En cumplimiento a la instrucci\u00f3n de la Presidenta de M\u00e9xico, Claudia Sheinbaum Pardo, de brindar apoyo inmediato a las familias afectadas por las recientes inundaciones en el estado de Hidalgo, m\u00e1s de 100 Servidoras y Servidores de la Naci\u00f3n de Sonora emprendieron su viaje hacia esa entidad para sumarse a las labores de censo, atenci\u00f3n y acompa\u00f1amiento a la poblaci\u00f3n damnificada.<\/p>\n\n\n\n<p class=\"wp-block-paragraph\">El Delegado de Bienestar en Sonora, Octavio Almada Palafox, inform\u00f3 que esta acci\u00f3n refleja el compromiso, empat\u00eda y esp\u00edritu solidario del pueblo sonorense, y destac\u00f3 que los Servidores de la Naci\u00f3n viajan con la convicci\u00f3n de respaldar a quienes hoy m\u00e1s lo necesitan, cumpliendo as\u00ed con el principio de solidaridad que impulsa la Cuarta Transformaci\u00f3n.<\/p>\n\n\n\n<p class=\"wp-block-paragraph\">\u201cEl d\u00eda de hoy salimos de Sonora un grupo de compa\u00f1eras y compa\u00f1eros Servidores de la Naci\u00f3n, m\u00e1s de 100, que nos sumamos a este esfuerzo solidario que hace el Gobierno de M\u00e9xico, que encabeza la presidenta Claudia Sheinbaum; un gobierno que sigue demostrando que los principios de este movimiento de la Cuarta Transformaci\u00f3n se rigen, y en momentos dif\u00edciles siempre vamos a estar ayudando al pueblo.<\/p>\n\n\n\n<p class=\"wp-block-paragraph\">\u201cVamos al llamado solidario de nuestra Presidenta, donde la bandera de este gobierno es el humanismo; por eso Sonora sigue siendo un estado solidario y que muestra esa acci\u00f3n generosa de ir. Vamos al estado de Hidalgo a sumarnos a los esfuerzos, a los trabajos, a hacer un censo y, sobre todo, extender la mano siempre a la gente que m\u00e1s necesita en estos momentos tan dif\u00edciles, donde el pueblo de Hidalgo ocupa de mucha gente, de muchos mexicanos, y Sonora va a estar presente\u201d, expres\u00f3 Almada Palafox.<\/p>\n\n\n\n<p class=\"wp-block-paragraph\">El Delegado dijo que, junto con las y los Servidores de la Naci\u00f3n, tambi\u00e9n se integran miembros del equipo operativo de la Delegaci\u00f3n de Bienestar en Sonora, quienes participar\u00e1n en la coordinaci\u00f3n y log\u00edstica de las acciones de campo, en conjunto con las autoridades federales y estatales de Hidalgo.<\/p>\n\n\n\n<p class=\"wp-block-paragraph\">Asimismo, resalt\u00f3 que este tipo de acciones reafirman los valores del Gobierno de M\u00e9xico, encabezado por la Presidenta Sheinbaum, de no dejar a nadie atr\u00e1s y no dejar a nadie fuera, y reflejan el compromiso del equipo de Bienestar Sonora de trabajar con entrega y coraz\u00f3n en favor de las y los mexicanos que m\u00e1s lo necesitan. Este esfuerzo solidario, dijo, representa el rostro humano del Bienestar: acompa\u00f1ar, escuchar y estar presentes cuando m\u00e1s se requiere.<\/p>\n\n\n\n<p class=\"wp-block-paragraph\">\u2022 Sonora demuestra su solidaridad al sumarse a las acciones de apoyo en zonas afectadas<br>\u2022 El Delegado Octavio Almada Palafox encabeza la coordinaci\u00f3n del equipo sonorense<\/p>\n\n\n\n<p class=\"wp-block-paragraph\">Hermosillo, Sonora; 17 de octubre de 2025.- En cumplimiento a la instrucci\u00f3n de la Presidenta de M\u00e9xico, Claudia Sheinbaum Pardo, de brindar apoyo inmediato a las familias afectadas por las recientes inundaciones en el estado de Hidalgo, m\u00e1s de 100 Servidoras y Servidores de la Naci\u00f3n de Sonora emprendieron su viaje hacia esa entidad para sumarse a las labores de censo, atenci\u00f3n y acompa\u00f1amiento a la poblaci\u00f3n damnificada.<\/p>\n\n\n\n<p class=\"wp-block-paragraph\">El Delegado de Bienestar en Sonora, Octavio Almada Palafox, inform\u00f3 que esta acci\u00f3n refleja el compromiso, empat\u00eda y esp\u00edritu solidario del pueblo sonorense, y destac\u00f3 que los Servidores de la Naci\u00f3n viajan con la convicci\u00f3n de respaldar a quienes hoy m\u00e1s lo necesitan, cumpliendo as\u00ed con el principio de solidaridad que impulsa la Cuarta Transformaci\u00f3n.<\/p>\n\n\n\n<p class=\"wp-block-paragraph\">\u201cEl d\u00eda de hoy salimos de Sonora un grupo de compa\u00f1eras y compa\u00f1eros Servidores de la Naci\u00f3n, m\u00e1s de 100, que nos sumamos a este esfuerzo solidario que hace el Gobierno de M\u00e9xico, que encabeza la presidenta Claudia Sheinbaum; un gobierno que sigue demostrando que los principios de este movimiento de la Cuarta Transformaci\u00f3n se rigen, y en momentos dif\u00edciles siempre vamos a estar ayudando al pueblo.<\/p>\n\n\n\n<p class=\"wp-block-paragraph\">\u201cVamos al llamado solidario de nuestra Presidenta, donde la bandera de este gobierno es el humanismo; por eso Sonora sigue siendo un estado solidario y que muestra esa acci\u00f3n generosa de ir. Vamos al estado de Hidalgo a sumarnos a los esfuerzos, a los trabajos, a hacer un censo y, sobre todo, extender la mano siempre a la gente que m\u00e1s necesita en estos momentos tan dif\u00edciles, donde el pueblo de Hidalgo ocupa de mucha gente, de muchos mexicanos, y Sonora va a estar presente\u201d, expres\u00f3 Almada Palafox.<\/p>\n\n\n\n<p class=\"wp-block-paragraph\">El Delegado dijo que, junto con las y los Servidores de la Naci\u00f3n, tambi\u00e9n se integran miembros del equipo operativo de la Delegaci\u00f3n de Bienestar en Sonora, quienes participar\u00e1n en la coordinaci\u00f3n y log\u00edstica de las acciones de campo, en conjunto con las autoridades federales y estatales de Hidalgo.<\/p>\n\n\n\n<p class=\"wp-block-paragraph\">Asimismo, resalt\u00f3 que este tipo de acciones reafirman los valores del Gobierno de M\u00e9xico, encabezado por la Presidenta Sheinbaum, de no dejar a nadie atr\u00e1s y no dejar a nadie fuera, y reflejan el compromiso del equipo de Bienestar Sonora de trabajar con entrega y coraz\u00f3n en favor de las y los mexicanos que m\u00e1s lo necesitan. Este esfuerzo solidario, dijo, representa el rostro humano del Bienestar: acompa\u00f1ar, escuchar y estar presentes cuando m\u00e1s se requiere.<\/p>\n","protected":false},"excerpt":{"rendered":"<p>\u2022 Sonora demuestra su solidaridad al sumarse a las acciones de apoyo en zonas afectadas \u2022 El Delegado Octavio Almada Palafox encabeza la coordinaci\u00f3n del equipo sonorense En cumplimiento a la instrucci\u00f3n de la Presidenta de M\u00e9xico, Claudia Sheinbaum Pardo, de brindar apoyo inmediato a las familias afectadas por las recientes inundaciones en el estado&#8230;<\/p>\n","protected":false},"author":2,"featured_media":68203,"comment_status":"closed","ping_status":"closed","sticky":false,"template":"","format":"standard","meta":{"_crdt_document":"","_exactmetrics_skip_tracking":false,"_exactmetrics_sitenote_active":false,"_exactmetrics_sitenote_note":"","_exactmetrics_sitenote_category":0,"footnotes":""},"categories":[26,37,23,31,32,1,27,69],"tags":[71,72,74,75,30],"class_list":["post-68202","post","type-post","status-publish","format-standard","has-post-thumbnail","hentry","category-local","category-medio-ambiente","category-mexico","category-politica","category-salud","category-seguridad","category-sonora","category-ultimas-noticias","tag-alfonso-durazo","tag-claudia-sheinbaum","tag-hermosillo","tag-seguridad-publica","tag-sonora-tierra-de-oportunidades"],"_links":{"self":[{"href":"https:\/\/elpajaritonews.com\/index.php?rest_route=\/wp\/v2\/posts\/68202","targetHints":{"allow":["GET"]}}],"collection":[{"href":"https:\/\/elpajaritonews.com\/index.php?rest_route=\/wp\/v2\/posts"}],"about":[{"href":"https:\/\/elpajaritonews.com\/index.php?rest_route=\/wp\/v2\/types\/post"}],"author":[{"embeddable":true,"href":"https:\/\/elpajaritonews.com\/index.php?rest_route=\/wp\/v2\/users\/2"}],"replies":[{"embeddable":true,"href":"https:\/\/elpajaritonews.com\/index.php?rest_route=%2Fwp%2Fv2%2Fcomments&post=68202"}],"version-history":[{"count":1,"href":"https:\/\/elpajaritonews.com\/index.php?rest_route=\/wp\/v2\/posts\/68202\/revisions"}],"predecessor-version":[{"id":68204,"href":"https:\/\/elpajaritonews.com\/index.php?rest_route=\/wp\/v2\/posts\/68202\/revisions\/68204"}],"wp:featuredmedia":[{"embeddable":true,"href":"https:\/\/elpajaritonews.com\/index.php?rest_route=\/wp\/v2\/media\/68203"}],"wp:attachment":[{"href":"https:\/\/elpajaritonews.com\/index.php?rest_route=%2Fwp%2Fv2%2Fmedia&parent=68202"}],"wp:term":[{"taxonomy":"category","embeddable":true,"href":"https:\/\/elpajaritonews.com\/index.php?rest_route=%2Fwp%2Fv2%2Fcategories&post=68202"},{"taxonomy":"post_tag","embeddable":true,"href":"https:\/\/elpajaritonews.com\/index.php?rest_route=%2Fwp%2Fv2%2Ftags&post=68202"}],"curies":[{"name":"wp","href":"https:\/\/api.w.org\/{rel}","templated":true}]}}