{"id":68209,"date":"2025-10-19T18:41:17","date_gmt":"2025-10-20T01:41:17","guid":{"rendered":"https:\/\/elpajaritonews.com\/?p=68209"},"modified":"2025-10-19T18:41:18","modified_gmt":"2025-10-20T01:41:18","slug":"gobernador-durazo-consolida-modelo-de-atencion-digna-para-personas-mayores-en-sonora-con-casa-hogar-de-dif","status":"publish","type":"post","link":"https:\/\/elpajaritonews.com\/?p=68209","title":{"rendered":"GOBERNADOR DURAZO CONSOLIDA MODELO DE ATENCI\u00d3N DIGNA PARA PERSONAS MAYORES EN SONORA CON CASA HOGAR DE DIF"},"content":{"rendered":"\n<p class=\"wp-block-paragraph\">&#8211; Desde su apertura en junio pasado, en el albergue se atiende a 30 adultos mayores y, se les proporcionan servicios de psicolog\u00eda, fisioterapia, jur\u00eddico, m\u00e9dico y trabajo social; adem\u00e1s de actividades de activaci\u00f3n f\u00edsica, yoga, pintura, danza y costura.&nbsp;<\/p>\n\n\n\n<p class=\"wp-block-paragraph\">&#8211; Este centro cuenta con instalaciones equipadas con cocina, comedor, equipo de aire acondicionado, ba\u00f1os acondicionados, consultorio m\u00e9dico y equipos acondicionados de acuerdo con los lineamientos de la Secretar\u00eda de Salud.<\/p>\n\n\n\n<p class=\"wp-block-paragraph\">A cuatro meses de que el gobernador Alfonso Durazo Monta\u00f1o inaugurara la Casa Hogar Para la Atenci\u00f3n de Personas Adultas Mayores \u201cAna Mar\u00eda L\u00f3pez Rodr\u00edguez\u201d, este centro se ha consolidado como un modelo en la atenci\u00f3n integral al sector de la tercera edad&nbsp; de mayor vulnerabilidad en Sonora, al ofrecer un espacio seguro, digno y con actividades que fomentan su bienestar f\u00edsico, emocional y social.<\/p>\n\n\n\n<p class=\"wp-block-paragraph\">El mandatario sonorense enfatiz\u00f3 que en la estancia que puso en marcha junto a su esposa, la presidenta honoraria del Sistema para el Desarrollo Integral de la Familia (DIF) Sonora, Mar\u00eda del Roc\u00edo Ch\u00e1vez Murillo, se promueve la participaci\u00f3n activa, socializaci\u00f3n y fortalecimiento de la autonom\u00eda de los adultos mayores, mediante actividades recreativas, culturales, educativas y de salud preventiva, favoreciendo su permanencia en el entorno familiar y comunitario.<\/p>\n\n\n\n<p class=\"wp-block-paragraph\">\u201cPara habilitar estas instalaciones se invirtieron 18 millones de pesos, para ofrecer un lugar digno y seguro para nuestros adultos mayores, con personas que brinden apoyo asistencial, talleres, asesor\u00edas y atenci\u00f3n psicol\u00f3gica\u201d, detall\u00f3 el gobernador Durazo.<\/p>\n\n\n\n<p class=\"wp-block-paragraph\">La Casa Hogar y Casa de D\u00eda para la Atenci\u00f3n de Personas Adultas Mayores a la fecha atiende a 30 adultos de la tercera edad, con servicios de psicolog\u00eda, fisioterapia, jur\u00eddico, m\u00e9dico y trabajo social; talleres de activaci\u00f3n f\u00edsica, yoga, pintura, danza y costura. Cuenta con cocina, comedor, equipo de aire acondicionado, ba\u00f1os acondicionados, consultorio m\u00e9dico y equipos acondicionados.<\/p>\n\n\n\n<p class=\"wp-block-paragraph\">El servicio es totalmente gratuito y, los requisitos son: tener 60 a\u00f1os o m\u00e1s, tener autonom\u00eda f\u00edsica y mental, copia de acta de nacimiento, copia de CURP, copia de INE vigente, certificado m\u00e9dico reciente, en caso de contar con seguro m\u00e9dico, copia de constancia o n\u00famero de seguro social, datos de contacto familiar (En caso de emergencia).<\/p>\n\n\n\n<p class=\"wp-block-paragraph\">Para mayor informaci\u00f3n la ciudadan\u00eda puede comunicarse al 6624364927 en un horario de atenci\u00f3n de 9:00 a 14:00 horas de lunes a viernes.<\/p>\n","protected":false},"excerpt":{"rendered":"<p>&#8211; Desde su apertura en junio pasado, en el albergue se atiende a 30 adultos mayores y, se les proporcionan servicios de psicolog\u00eda, fisioterapia, jur\u00eddico, m\u00e9dico y trabajo social; adem\u00e1s de actividades de activaci\u00f3n f\u00edsica, yoga, pintura, danza y costura.&nbsp; &#8211; Este centro cuenta con instalaciones equipadas con cocina, comedor, equipo de aire acondicionado, ba\u00f1os&#8230;<\/p>\n","protected":false},"author":2,"featured_media":68210,"comment_status":"closed","ping_status":"closed","sticky":false,"template":"","format":"standard","meta":{"_crdt_document":"","_exactmetrics_skip_tracking":false,"_exactmetrics_sitenote_active":false,"_exactmetrics_sitenote_note":"","_exactmetrics_sitenote_category":0,"footnotes":""},"categories":[36,26,31,27,69],"tags":[71,72,74,30],"class_list":["post-68209","post","type-post","status-publish","format-standard","has-post-thumbnail","hentry","category-economia","category-local","category-politica","category-sonora","category-ultimas-noticias","tag-alfonso-durazo","tag-claudia-sheinbaum","tag-hermosillo","tag-sonora-tierra-de-oportunidades"],"_links":{"self":[{"href":"https:\/\/elpajaritonews.com\/index.php?rest_route=\/wp\/v2\/posts\/68209","targetHints":{"allow":["GET"]}}],"collection":[{"href":"https:\/\/elpajaritonews.com\/index.php?rest_route=\/wp\/v2\/posts"}],"about":[{"href":"https:\/\/elpajaritonews.com\/index.php?rest_route=\/wp\/v2\/types\/post"}],"author":[{"embeddable":true,"href":"https:\/\/elpajaritonews.com\/index.php?rest_route=\/wp\/v2\/users\/2"}],"replies":[{"embeddable":true,"href":"https:\/\/elpajaritonews.com\/index.php?rest_route=%2Fwp%2Fv2%2Fcomments&post=68209"}],"version-history":[{"count":1,"href":"https:\/\/elpajaritonews.com\/index.php?rest_route=\/wp\/v2\/posts\/68209\/revisions"}],"predecessor-version":[{"id":68211,"href":"https:\/\/elpajaritonews.com\/index.php?rest_route=\/wp\/v2\/posts\/68209\/revisions\/68211"}],"wp:featuredmedia":[{"embeddable":true,"href":"https:\/\/elpajaritonews.com\/index.php?rest_route=\/wp\/v2\/media\/68210"}],"wp:attachment":[{"href":"https:\/\/elpajaritonews.com\/index.php?rest_route=%2Fwp%2Fv2%2Fmedia&parent=68209"}],"wp:term":[{"taxonomy":"category","embeddable":true,"href":"https:\/\/elpajaritonews.com\/index.php?rest_route=%2Fwp%2Fv2%2Fcategories&post=68209"},{"taxonomy":"post_tag","embeddable":true,"href":"https:\/\/elpajaritonews.com\/index.php?rest_route=%2Fwp%2Fv2%2Ftags&post=68209"}],"curies":[{"name":"wp","href":"https:\/\/api.w.org\/{rel}","templated":true}]}}