{"id":68226,"date":"2025-10-20T20:12:52","date_gmt":"2025-10-21T03:12:52","guid":{"rendered":"https:\/\/elpajaritonews.com\/?p=68226"},"modified":"2025-10-20T20:12:54","modified_gmt":"2025-10-21T03:12:54","slug":"continua-ayuntamiento-de-hermosillo-jornadas-de-bacheo-de-dia-y-noche","status":"publish","type":"post","link":"https:\/\/elpajaritonews.com\/?p=68226","title":{"rendered":"CONTIN\u00daA AYUNTAMIENTO DE HERMOSILLO JORNADAS DE BACHEO DE D\u00cdA Y NOCHE"},"content":{"rendered":"\n<p class=\"wp-block-paragraph\">-Tanto en vialidades principales como en colonias de distintos sectores.<\/p>\n\n\n\n<p class=\"wp-block-paragraph\">De d\u00eda y noche mantiene el Gobierno de Hermosillo las jornadas de bacheo en colonias y vialidades como parte del compromiso del presidente municipal Antonio Astiazar\u00e1n Guti\u00e9rrez, de brindar a los hermosillenses mejores vialidades.<\/p>\n\n\n\n<p class=\"wp-block-paragraph\">Astart\u00e9 Corro Ruiz, directora general de Desarrollo de Infraestructura (DGDI), inform\u00f3 que 15 cuadrillas diurnas y cuatro nocturnas especializadas se encargan de atender las necesidades m\u00e1s urgentes en materia de vialidad.<\/p>\n\n\n\n<p class=\"wp-block-paragraph\">Precis\u00f3 que han intervenido en jornadas de bacheo en blvd. Morelos entre Le\u00f3n Guzm\u00e1n e Ignacio Soto en la colonia Constituci\u00f3n; Antonio Quiroga entre H\u00edpico y Paseo Rio Sonora; bulevar Quiroga entre Rio Sonora y Serna; Templo Quetzalc\u00f3atl entre Chimalpopoca y Huitzilopochtli de la colonia Cuauht\u00e9moc; en L\u00e1zaro C\u00e1rdenas y Ramon Ballesteros de la colonia Palo Verde; Manuel Z. Cubillas e Ignacio Comonfort en Centenario; Monteverde entre bulevar Progreso y Topahue; Carlos Quintero Arce entre Campanella y Paseo Rio Sonora Norte.<\/p>\n\n\n\n<p class=\"wp-block-paragraph\">G\u00e1ndara y Manuel M. Dieguez en la colonia Balderrama; Rep\u00fablica de Guatemala y Leopoldo Ramos en la Magisterial; Nayarit entre Escobedo y Reforma en San Benito; Paseo Santa Fe entre Agua Fr\u00eda y Las Cruces en Santa F\u00e9; Sahuaripa entre Ignacio Pesqueira y Norman E. Bourlong en Prados del Centenario.<\/p>\n\n\n\n<p class=\"wp-block-paragraph\">En Ley Federal de Trabajo entre Israel Gonz\u00e1lez y Mariano Escobedo; Luis Encinas entre Mariano Matamoros y Benito Ju\u00e1rez en la colonia Centro; Cultura y Paseo R\u00edo Santa Cruz en la col Proyecto R\u00edo Sonora.<\/p>\n\n\n\n<p class=\"wp-block-paragraph\">Record\u00f3 que adem\u00e1s mantienen el programa \u00abViernes en tu colonia\u00bb, como parte de las acciones que buscan mejorar la movilidad urbana y la calidad de vida en Hermosillo.<\/p>\n\n\n\n<p class=\"wp-block-paragraph\">El Ayuntamiento de Hermosillo refrenda su compromiso con el mejoramiento de las vialidades mediante programas y acciones que responden directamente a las necesidades de las familias hermosillenses.<\/p>\n\n\n\n<p class=\"wp-block-paragraph\">Corro Ruiz precis\u00f3 que pueden hacer los reportes al 072, en la App HermosilloGob y en el Chatbot Hola 6621 550100.<\/p>\n","protected":false},"excerpt":{"rendered":"<p>-Tanto en vialidades principales como en colonias de distintos sectores. De d\u00eda y noche mantiene el Gobierno de Hermosillo las jornadas de bacheo en colonias y vialidades como parte del compromiso del presidente municipal Antonio Astiazar\u00e1n Guti\u00e9rrez, de brindar a los hermosillenses mejores vialidades. Astart\u00e9 Corro Ruiz, directora general de Desarrollo de Infraestructura (DGDI), inform\u00f3&#8230;<\/p>\n","protected":false},"author":2,"featured_media":68227,"comment_status":"closed","ping_status":"closed","sticky":false,"template":"","format":"standard","meta":{"_crdt_document":"","_exactmetrics_skip_tracking":false,"_exactmetrics_sitenote_active":false,"_exactmetrics_sitenote_note":"","_exactmetrics_sitenote_category":0,"footnotes":""},"categories":[36,26,31,1,27,69],"tags":[74,75],"class_list":["post-68226","post","type-post","status-publish","format-standard","has-post-thumbnail","hentry","category-economia","category-local","category-politica","category-seguridad","category-sonora","category-ultimas-noticias","tag-hermosillo","tag-seguridad-publica"],"_links":{"self":[{"href":"https:\/\/elpajaritonews.com\/index.php?rest_route=\/wp\/v2\/posts\/68226","targetHints":{"allow":["GET"]}}],"collection":[{"href":"https:\/\/elpajaritonews.com\/index.php?rest_route=\/wp\/v2\/posts"}],"about":[{"href":"https:\/\/elpajaritonews.com\/index.php?rest_route=\/wp\/v2\/types\/post"}],"author":[{"embeddable":true,"href":"https:\/\/elpajaritonews.com\/index.php?rest_route=\/wp\/v2\/users\/2"}],"replies":[{"embeddable":true,"href":"https:\/\/elpajaritonews.com\/index.php?rest_route=%2Fwp%2Fv2%2Fcomments&post=68226"}],"version-history":[{"count":1,"href":"https:\/\/elpajaritonews.com\/index.php?rest_route=\/wp\/v2\/posts\/68226\/revisions"}],"predecessor-version":[{"id":68228,"href":"https:\/\/elpajaritonews.com\/index.php?rest_route=\/wp\/v2\/posts\/68226\/revisions\/68228"}],"wp:featuredmedia":[{"embeddable":true,"href":"https:\/\/elpajaritonews.com\/index.php?rest_route=\/wp\/v2\/media\/68227"}],"wp:attachment":[{"href":"https:\/\/elpajaritonews.com\/index.php?rest_route=%2Fwp%2Fv2%2Fmedia&parent=68226"}],"wp:term":[{"taxonomy":"category","embeddable":true,"href":"https:\/\/elpajaritonews.com\/index.php?rest_route=%2Fwp%2Fv2%2Fcategories&post=68226"},{"taxonomy":"post_tag","embeddable":true,"href":"https:\/\/elpajaritonews.com\/index.php?rest_route=%2Fwp%2Fv2%2Ftags&post=68226"}],"curies":[{"name":"wp","href":"https:\/\/api.w.org\/{rel}","templated":true}]}}