{"id":68341,"date":"2025-10-28T15:29:10","date_gmt":"2025-10-28T22:29:10","guid":{"rendered":"https:\/\/elpajaritonews.com\/?p=68341"},"modified":"2025-10-28T15:29:12","modified_gmt":"2025-10-28T22:29:12","slug":"el-congreso-de-sonora-convoca-al-tercer-parlamento-para-la-inclusion-de-personas-con-discapacidad","status":"publish","type":"post","link":"https:\/\/elpajaritonews.com\/?p=68341","title":{"rendered":"EL CONGRESO DE SONORA CONVOCA AL TERCER PARLAMENTO PARA LA INCLUSI\u00d3N DE PERSONAS CON DISCAPACIDAD"},"content":{"rendered":"\n<p class=\"wp-block-paragraph\">El Pleno del Congreso del Estado de Sonora aprob\u00f3 la convocatoria del Tercer Parlamento para la Inclusi\u00f3n de Personas con Discapacidad 2025 y turn\u00f3 iniciativas relacionadas con la prevenci\u00f3n de adicciones y la hipoteca inversa para personas adultas mayores. Asimismo, se present\u00f3 un posicionamiento sobre el control de veh\u00edculos extranjeros.<\/p>\n\n\n\n<figure class=\"wp-block-embed is-type-video is-provider-youtube wp-block-embed-youtube wp-embed-aspect-4-3 wp-has-aspect-ratio\"><div class=\"wp-block-embed__wrapper\">\n<iframe loading=\"lazy\" title=\"28 de Octubre 2025 - Sesi\u00f3n Ordinaria\" width=\"640\" height=\"480\" src=\"https:\/\/www.youtube.com\/embed\/EkYhSp4-59U?feature=oembed\" frameborder=\"0\" allow=\"accelerometer; autoplay; clipboard-write; encrypted-media; gyroscope; picture-in-picture; web-share\" referrerpolicy=\"strict-origin-when-cross-origin\" allowfullscreen><\/iframe>\n<\/div><\/figure>\n\n\n\n<p class=\"wp-block-paragraph\">La diputada Jazm\u00edn Guadalupe G\u00f3mez Liz\u00e1rraga (PT) present\u00f3 ante el Pleno la convocatoria del Parlamento para la Inclusi\u00f3n de Personas con Discapacidad, con el objetivo de ofrecer un espacio de escucha a este sector, conocer sus necesidades y propuestas, e impulsar iniciativas que fortalezcan pol\u00edticas p\u00fablicas m\u00e1s justas, accesibles y equitativas.<\/p>\n\n\n\n<p class=\"wp-block-paragraph\">El Parlamento, dijo, convocar\u00e1 a un m\u00e1ximo de 33 participantes con discapacidad, garantizando la paridad de g\u00e9nero y la diversidad de condiciones. Del 1 al 15 de noviembre, las personas interesadas podr\u00e1n presentar una propuesta individual de dos a cinco cuartillas por escrito, o de dos a cinco minutos en video o audio, sobre alguno de los cuatro ejes tem\u00e1ticos: salud integral y bienestar; discriminaci\u00f3n, derechos y condiciones laborales; educaci\u00f3n inclusiva y desarrollo social; o participaci\u00f3n ciudadana y pol\u00edticas p\u00fablicas inclusivas, envi\u00e1ndola al correo parlamentodiscapacidad@gmail.com o de manera presencial.<\/p>\n\n\n\n<p class=\"wp-block-paragraph\">Antes del 21 de noviembre ser\u00e1n seleccionadas las personas finalistas, y el evento se llevar\u00e1 a cabo el 5 de diciembre, de 9:00 a 14:00 horas, de manera presencial en el CRIT Telet\u00f3n Hermosillo.<\/p>\n\n\n\n<p class=\"wp-block-paragraph\">Por otra parte, el diputado Ren\u00e9 Edmundo Garc\u00eda Rojo (PT) present\u00f3 una iniciativa para fortalecer la Ley de Prevenci\u00f3n y Control de Adicciones, con el prop\u00f3sito de colocar la salud mental y la prevenci\u00f3n como ejes centrales de una pol\u00edtica integral con enfoque humanista y de salud p\u00fablica.<\/p>\n\n\n\n<p class=\"wp-block-paragraph\">Enseguida, la diputada Alejandra L\u00f3pez Noriega propuso reformar el C\u00f3digo Civil del Estado de Sonora para impulsar la figura de la hipoteca inversa, que permite a las personas adultas mayores sin pensi\u00f3n obtener ingresos con su vivienda como garant\u00eda, mediante pagos flexibles, intereses limitados, extingui\u00e9ndose al fallecer el beneficiario o su c\u00f3nyuge.<\/p>\n\n\n\n<p class=\"wp-block-paragraph\">Las iniciativas fueron turnadas a las comisiones de Salud y de Bienestar Social para su an\u00e1lisis y, en su caso, dictaminaci\u00f3n.<\/p>\n\n\n\n<p class=\"wp-block-paragraph\">Para concluir, a nombre del Grupo Parlamentario del Partido Verde Ecologista de M\u00e9xico, el diputado Ra\u00fal Gonz\u00e1lez de la Vega present\u00f3 un posicionamiento en el que conden\u00f3 el atropellamiento de una madre y su hija en esta ciudad, y solicit\u00f3 a la autoridad correspondiente investigar el caso, as\u00ed como impulsar la legalidad vehicular y medidas que salvaguarden la vida.<\/p>\n","protected":false},"excerpt":{"rendered":"<p>El Pleno del Congreso del Estado de Sonora aprob\u00f3 la convocatoria del Tercer Parlamento para la Inclusi\u00f3n de Personas con Discapacidad 2025 y turn\u00f3 iniciativas relacionadas con la prevenci\u00f3n de adicciones y la hipoteca inversa para personas adultas mayores. Asimismo, se present\u00f3 un posicionamiento sobre el control de veh\u00edculos extranjeros. La diputada Jazm\u00edn Guadalupe G\u00f3mez&#8230;<\/p>\n","protected":false},"author":2,"featured_media":68342,"comment_status":"closed","ping_status":"closed","sticky":false,"template":"","format":"standard","meta":{"_crdt_document":"","_exactmetrics_skip_tracking":false,"_exactmetrics_sitenote_active":false,"_exactmetrics_sitenote_note":"","_exactmetrics_sitenote_category":0,"footnotes":""},"categories":[20,80,26,31,27,69],"tags":[73,74],"class_list":["post-68341","post","type-post","status-publish","format-standard","has-post-thumbnail","hentry","category-congreso","category-derechos-humanos","category-local","category-politica","category-sonora","category-ultimas-noticias","tag-congreso-del-estado-de-sonora","tag-hermosillo"],"_links":{"self":[{"href":"https:\/\/elpajaritonews.com\/index.php?rest_route=\/wp\/v2\/posts\/68341","targetHints":{"allow":["GET"]}}],"collection":[{"href":"https:\/\/elpajaritonews.com\/index.php?rest_route=\/wp\/v2\/posts"}],"about":[{"href":"https:\/\/elpajaritonews.com\/index.php?rest_route=\/wp\/v2\/types\/post"}],"author":[{"embeddable":true,"href":"https:\/\/elpajaritonews.com\/index.php?rest_route=\/wp\/v2\/users\/2"}],"replies":[{"embeddable":true,"href":"https:\/\/elpajaritonews.com\/index.php?rest_route=%2Fwp%2Fv2%2Fcomments&post=68341"}],"version-history":[{"count":1,"href":"https:\/\/elpajaritonews.com\/index.php?rest_route=\/wp\/v2\/posts\/68341\/revisions"}],"predecessor-version":[{"id":68343,"href":"https:\/\/elpajaritonews.com\/index.php?rest_route=\/wp\/v2\/posts\/68341\/revisions\/68343"}],"wp:featuredmedia":[{"embeddable":true,"href":"https:\/\/elpajaritonews.com\/index.php?rest_route=\/wp\/v2\/media\/68342"}],"wp:attachment":[{"href":"https:\/\/elpajaritonews.com\/index.php?rest_route=%2Fwp%2Fv2%2Fmedia&parent=68341"}],"wp:term":[{"taxonomy":"category","embeddable":true,"href":"https:\/\/elpajaritonews.com\/index.php?rest_route=%2Fwp%2Fv2%2Fcategories&post=68341"},{"taxonomy":"post_tag","embeddable":true,"href":"https:\/\/elpajaritonews.com\/index.php?rest_route=%2Fwp%2Fv2%2Ftags&post=68341"}],"curies":[{"name":"wp","href":"https:\/\/api.w.org\/{rel}","templated":true}]}}