{"id":68353,"date":"2025-10-29T20:49:11","date_gmt":"2025-10-30T03:49:11","guid":{"rendered":"https:\/\/elpajaritonews.com\/?p=68353"},"modified":"2025-10-29T20:49:13","modified_gmt":"2025-10-30T03:49:13","slug":"agradecen-navojoenses-apoyos-del-gobernador-durazo-que-contribuyen-al-bienestar-de-las-familias","status":"publish","type":"post","link":"https:\/\/elpajaritonews.com\/?p=68353","title":{"rendered":"AGRADECEN NAVOJOENSES APOYOS DEL GOBERNADOR DURAZO QUE CONTRIBUYEN AL BIENESTAR DE LAS FAMILIAS"},"content":{"rendered":"\n<p class=\"wp-block-paragraph\">Productores agr\u00edcolas del sur del estado, expresaron su agradecimiento por el respaldo del gobernador Alfonso Durazo Monta\u00f1o, a trav\u00e9s del Programa Emergente de Apoyo a Productores del Trigo Cristalino, mediante el cual se destinar\u00e1 una inversi\u00f3n total de\u00a035 millones de pesos.<\/p>\n\n\n\n<figure class=\"wp-block-embed is-type-video is-provider-youtube wp-block-embed-youtube wp-embed-aspect-16-9 wp-has-aspect-ratio\"><div class=\"wp-block-embed__wrapper\">\n<iframe loading=\"lazy\" title=\"Agradecen navojoenses apoyos del Gobernador Durazo que contribuyen al bienestar de las familias\" width=\"640\" height=\"360\" src=\"https:\/\/www.youtube.com\/embed\/-pQ00UZUwAo?feature=oembed\" frameborder=\"0\" allow=\"accelerometer; autoplay; clipboard-write; encrypted-media; gyroscope; picture-in-picture; web-share\" referrerpolicy=\"strict-origin-when-cross-origin\" allowfullscreen><\/iframe>\n<\/div><\/figure>\n\n\n\n<p class=\"wp-block-paragraph\">Estos incentivos econ\u00f3micos ser\u00e1n de 195 pesos por tonelada cosechada a cada productor de trigo cristalino, correspondiente al ciclo agr\u00edcola 2024\u20132025.<\/p>\n\n\n\n<p class=\"wp-block-paragraph\">\u00abEstamos contentos porque el apoyo que nos traigan, nos cae muy bien, viendo la situaci\u00f3n por la que estamos pasando los productores. Estamos muy contentos con el gobernador del estado, ha sido un gran l\u00edder para nosotros los productores\u00bb, afirm\u00f3 No\u00e9 Valenzuela.<\/p>\n\n\n\n<p class=\"wp-block-paragraph\">\u00abFelicitar al gobernador, sabemos que no es f\u00e1cil, no solo es el problema en la agricultura, sabemos que hay problemas de otra \u00edndole. Seguir de la mano y apoy\u00e1ndolo en lo que \u00e9l decida, estamos con \u00e9l\u00bb, asegur\u00f3 Jos\u00e9 Luis Leyva.<\/p>\n\n\n\n<p class=\"wp-block-paragraph\">\u00abEst\u00e1 muy bien que nos apoye el gobierno, el gobernador parece que trae la camiseta del agricultor y eso es lo que queremos nosotros. Se le agradece mucho al gobernador que nos atienda y \u00e9l dijo que est\u00e1 con nosotros y eso es bueno\u00bb, expres\u00f3 Mart\u00edn Castro.<\/p>\n\n\n\n<p class=\"wp-block-paragraph\">Como parte de las actividades de la gira de trabajo del gobernador Alfonso Durazo Monta\u00f1o, en la que entreg\u00f3 una Unidad de Especialidades en Neurodesarrollo, familiares de ni\u00f1os con alguna condici\u00f3n, agradecieron al mandatario el continuar generando espacios de atenci\u00f3n a la salud.<\/p>\n\n\n\n<p class=\"wp-block-paragraph\">\u00abNos hac\u00eda mucha falta un centro de estos y m\u00e1s que es gratuito. Apenas estamos conociendo, es la segunda vez que vinimos, est\u00e1 muy bien el servicio, la atenci\u00f3n\u00bb, se\u00f1al\u00f3 David Magallanes.<\/p>\n\n\n\n<p class=\"wp-block-paragraph\">\u00abEstamos muy felices y contentos, yo veo a los ni\u00f1os con el entusiasmo que sus mam\u00e1s los traen. Yo vengo como apoyo y a darle las gracias al se\u00f1or gobernador por este beneficio para estos ni\u00f1os que lo ocupan\u00bb, coment\u00f3 Norma Sandoval.<\/p>\n\n\n\n<p class=\"wp-block-paragraph\">\u00abMuy emocionados, muy felices y muy agradecidos porque hay mucha demanda, hay muchos ni\u00f1os que solicitan y requieren el servicio de terapia y que por bajos recursos no pueden ir a una terapia particular porque es costosa. Nosotros abrimos el servicio y son muchas familias las beneficiadas y nosotros emocionados de atenderlos\u00bb, indic\u00f3 Dulce Mend\u00edvil, personal de salud de esta Unidad de Neurodesarrollo.<\/p>\n\n\n\n<p class=\"wp-block-paragraph\">\u00abLe doy todas las gracias del mundo al gobernador porque gracias a este proyecto que hizo muchas familias estamos en este apoyo, que nos volte\u00f3 a ver a los pap\u00e1s que tenemos a un ni\u00f1o en la neurodiversidad, con una condici\u00f3n y muchos de los pap\u00e1s no tenemos para pagar terapias y gracias a este centro, nuestros ni\u00f1os han avanzado mucho, sin su apoyo no s\u00e9 c\u00f3mo le har\u00edamos cada uno de nosotros\u00bb, expres\u00f3 Glenda Lastra.<\/p>\n\n\n\n<p class=\"wp-block-paragraph\">Con estas acciones, el gobernador Alfonso Durazo refrenda su compromiso con el bienestar y la salud de las y los sonorenses.<\/p>\n","protected":false},"excerpt":{"rendered":"<p>Productores agr\u00edcolas del sur del estado, expresaron su agradecimiento por el respaldo del gobernador Alfonso Durazo Monta\u00f1o, a trav\u00e9s del Programa Emergente de Apoyo a Productores del Trigo Cristalino, mediante el cual se destinar\u00e1 una inversi\u00f3n total de\u00a035 millones de pesos. Estos incentivos econ\u00f3micos ser\u00e1n de 195 pesos por tonelada cosechada a cada productor de&#8230;<\/p>\n","protected":false},"author":2,"featured_media":68354,"comment_status":"closed","ping_status":"closed","sticky":false,"template":"","format":"standard","meta":{"_crdt_document":"","_exactmetrics_skip_tracking":false,"_exactmetrics_sitenote_active":false,"_exactmetrics_sitenote_note":"","_exactmetrics_sitenote_category":0,"footnotes":""},"categories":[36,31,27,69,65],"tags":[71,72,30],"class_list":["post-68353","post","type-post","status-publish","format-standard","has-post-thumbnail","hentry","category-economia","category-politica","category-sonora","category-ultimas-noticias","category-videos","tag-alfonso-durazo","tag-claudia-sheinbaum","tag-sonora-tierra-de-oportunidades"],"_links":{"self":[{"href":"https:\/\/elpajaritonews.com\/index.php?rest_route=\/wp\/v2\/posts\/68353","targetHints":{"allow":["GET"]}}],"collection":[{"href":"https:\/\/elpajaritonews.com\/index.php?rest_route=\/wp\/v2\/posts"}],"about":[{"href":"https:\/\/elpajaritonews.com\/index.php?rest_route=\/wp\/v2\/types\/post"}],"author":[{"embeddable":true,"href":"https:\/\/elpajaritonews.com\/index.php?rest_route=\/wp\/v2\/users\/2"}],"replies":[{"embeddable":true,"href":"https:\/\/elpajaritonews.com\/index.php?rest_route=%2Fwp%2Fv2%2Fcomments&post=68353"}],"version-history":[{"count":1,"href":"https:\/\/elpajaritonews.com\/index.php?rest_route=\/wp\/v2\/posts\/68353\/revisions"}],"predecessor-version":[{"id":68355,"href":"https:\/\/elpajaritonews.com\/index.php?rest_route=\/wp\/v2\/posts\/68353\/revisions\/68355"}],"wp:featuredmedia":[{"embeddable":true,"href":"https:\/\/elpajaritonews.com\/index.php?rest_route=\/wp\/v2\/media\/68354"}],"wp:attachment":[{"href":"https:\/\/elpajaritonews.com\/index.php?rest_route=%2Fwp%2Fv2%2Fmedia&parent=68353"}],"wp:term":[{"taxonomy":"category","embeddable":true,"href":"https:\/\/elpajaritonews.com\/index.php?rest_route=%2Fwp%2Fv2%2Fcategories&post=68353"},{"taxonomy":"post_tag","embeddable":true,"href":"https:\/\/elpajaritonews.com\/index.php?rest_route=%2Fwp%2Fv2%2Ftags&post=68353"}],"curies":[{"name":"wp","href":"https:\/\/api.w.org\/{rel}","templated":true}]}}