{"id":68357,"date":"2025-10-29T21:35:35","date_gmt":"2025-10-30T04:35:35","guid":{"rendered":"https:\/\/elpajaritonews.com\/?p=68357"},"modified":"2025-10-29T21:35:38","modified_gmt":"2025-10-30T04:35:38","slug":"gobernador-durazo-enaltece-la-cultura-sonorense-con-programa-artistico-de-lujo-en-la-edicion-41-del-faot-2026","status":"publish","type":"post","link":"https:\/\/elpajaritonews.com\/?p=68357","title":{"rendered":"GOBERNADOR DURAZO ENALTECE LA CULTURA SONORENSE CON PROGRAMA ART\u00cdSTICO DE LUJO EN LA EDICI\u00d3N 41 DEL FAOT 2026"},"content":{"rendered":"\n<p class=\"wp-block-paragraph\">&#8211; El gobernador Alfonso Durazo Monta\u00f1o encabez\u00f3, junto al embajador del Reino de Marruecos en M\u00e9xico, Abdelfattah Lebbar, la presentaci\u00f3n de lujo del programa de la edici\u00f3n 41 del Festival Alfonso Ortiz Tirado (FAOT) 2026, que se realizar\u00e1 del 23 al 31 de enero en \u00c1lamos, Sonora.<\/p>\n\n\n\n<figure class=\"wp-block-embed is-type-video is-provider-youtube wp-block-embed-youtube wp-embed-aspect-16-9 wp-has-aspect-ratio\"><div class=\"wp-block-embed__wrapper\">\n<iframe loading=\"lazy\" title=\"Durazo enaltece la cultura sonorense con programa art\u00edstico de lujo en la edici\u00f3n 41 del FAOT 2026\" width=\"640\" height=\"360\" src=\"https:\/\/www.youtube.com\/embed\/MyOlzh7pmgQ?feature=oembed\" frameborder=\"0\" allow=\"accelerometer; autoplay; clipboard-write; encrypted-media; gyroscope; picture-in-picture; web-share\" referrerpolicy=\"strict-origin-when-cross-origin\" allowfullscreen><\/iframe>\n<\/div><\/figure>\n\n\n\n<p class=\"wp-block-paragraph\">&#8211; Destac\u00f3 la participaci\u00f3n de Marruecos y Aguascalientes como pa\u00eds y estado invitados de honor, subrayando que un evento de esta talla ampl\u00eda las opciones de esparcimiento cultural y proyecta a Sonora ante el mundo a trav\u00e9s del arte, el turismo y la identidad regional.<\/p>\n\n\n\n<p class=\"wp-block-paragraph\">La riqueza cultural que conjugan el canto oper\u00edstico y el talento de artistas locales, nacionales e internacionales de distintos g\u00e9neros, lucir\u00e1 en los callejones y teatro del Pueblo M\u00e1gico de \u00c1lamos, durante la celebraci\u00f3n del 41 aniversario del Festival Alfonso Ortiz Tirado (FAOT) 2026, que se llevar\u00e1 a cabo del 23 al 31 de enero, presentado por el gobernador Alfonso Durazo Monta\u00f1o como el encuentro de bel canto m\u00e1s importante de Latinoam\u00e9rica.<\/p>\n\n\n\n<p class=\"wp-block-paragraph\">En el evento en el que se dio a conocer el programa art\u00edstico de lujo, con artistas de la talla de Erik y M\u00eda Rub\u00edn, Marta S\u00e1nchez, Charles Ans, Sergio Arau, Roc\u00edo Banquells, Andr\u00e9s Obreg\u00f3n y Sergio Mayer Mori, el mandatario estatal estuvo acompa\u00f1ado por el embajador del Reino de Marruecos en M\u00e9xico, Abdelfattah Lebbar; el secretario de Educaci\u00f3n y Cultura, Froyl\u00e1n G\u00e1mez Gamboa; la directora general del Instituto Sonorense de Cultura (ISC) y coordinadora general del festival, Beatriz Aldaco Encinas; y el alcalde de \u00c1lamos, Samuel Borb\u00f3n Lara.<\/p>\n\n\n\n<p class=\"wp-block-paragraph\">En su mensaje, el gobernador Durazo Monta\u00f1o destac\u00f3 que el FAOT es un referente cultural que proyecta a Sonora en el \u00e1mbito internacional, impulsando el turismo, la econom\u00eda y la identidad, tradiciones y diversidad art\u00edstica, que honran la memoria de un sonorense ejemplar como lo fue el m\u00e9dico ortopedista y tenor Alfonso Ort\u00edz Tirado.<\/p>\n\n\n\n<p class=\"wp-block-paragraph\">\u00abLo m\u00e1s valioso del FAOT no son sus cifras ni su prestigio, sino su capacidad para unirnos en sus plazas, en sus conciertos, en sus calles empedradas.&nbsp; Las familias se re\u00fanen, las juventudes participan, los pueblos originarios comparten su sabidur\u00eda y los visitantes descubren la calidez del alma sonorense. Por eso decimos que el FAOT es una fiesta de paz, una escuela que despiertan los sentidos y la manifestaci\u00f3n del derecho al arte y a la recreaci\u00f3n gratuita para todas y todos. El FAOT 2026 ser\u00e1 una vez m\u00e1s una demostraci\u00f3n de que Sonora, sabemos transformar la cultura en bienestar, el talento en orgullo y la historia en futuro\u00bb, expres\u00f3 el gobernador Durazo.<\/p>\n\n\n\n<p class=\"wp-block-paragraph\">La edici\u00f3n 41 del FAOT, en esta ocasi\u00f3n otorgar\u00e1 la Medalla Alfonso Ortiz Tirado a la soprano Ailyn P\u00e9rez, y presentar\u00e1 una cartelera de primer nivel con las voces de Mar\u00eda Katzarava, Filippa Giordano, Ainhoa Arteta y Ariadne Montijo, entre otras figuras del bel canto.<\/p>\n\n\n\n<p class=\"wp-block-paragraph\">En el foro masivo del Callej\u00f3n del Templo se ofrecer\u00e1n conciertos de Erik y M\u00eda Rub\u00edn, Marta S\u00e1nchez, Charles Ans, Sergio Arau, Roc\u00edo Banquells, Andr\u00e9s Obreg\u00f3n y Sergio Mayer Mori, Kakalo y Ale Z\u00e9guer, reafirmando el compromiso del Gobierno de Sonora de transformar la cultura en bienestar y el talento en orgullo.<\/p>\n\n\n\n<p class=\"wp-block-paragraph\">Entre los espacios m\u00e1s representativos destacan: Palacio Municipal (Noches de Gala); La Ramada: Casa de los Pueblos Originarios, dedicada a las expresiones culturales de las etnias sonorenses; La Alameda, foro familiar con espect\u00e1culos para todas las edades; Museo Costumbrista, Templo de la Pur\u00edsima Concepci\u00f3n, Hacienda de los Santos y el espacio juvenil Noctambulario.<\/p>\n\n\n\n<p class=\"wp-block-paragraph\">Durante la 41 edici\u00f3n del FAOT se espera la asistencia de alrededor de 100 mil visitantes, generando una derrama econ\u00f3mica superior a 150 millones de pesos y una ocupaci\u00f3n hotelera del 95 por ciento; el festival contar\u00e1 con cobertura nacional a trav\u00e9s de Telemax y la Red M\u00e9xico, as\u00ed como en m\u00e1s de 50 medios de comunicaci\u00f3n.<\/p>\n\n\n\n<p class=\"wp-block-paragraph\">La programaci\u00f3n completa del FAOT 2026 y dem\u00e1s actividades culturales del estado pueden consultarse en isc.sonora.edu.mx y en redes sociales a trav\u00e9s de @iscsonora.<\/p>\n","protected":false},"excerpt":{"rendered":"<p>&#8211; El gobernador Alfonso Durazo Monta\u00f1o encabez\u00f3, junto al embajador del Reino de Marruecos en M\u00e9xico, Abdelfattah Lebbar, la presentaci\u00f3n de lujo del programa de la edici\u00f3n 41 del Festival Alfonso Ortiz Tirado (FAOT) 2026, que se realizar\u00e1 del 23 al 31 de enero en \u00c1lamos, Sonora. &#8211; Destac\u00f3 la participaci\u00f3n de Marruecos y Aguascalientes&#8230;<\/p>\n","protected":false},"author":2,"featured_media":68358,"comment_status":"closed","ping_status":"closed","sticky":false,"template":"","format":"standard","meta":{"_crdt_document":"","_exactmetrics_skip_tracking":false,"_exactmetrics_sitenote_active":false,"_exactmetrics_sitenote_note":"","_exactmetrics_sitenote_category":0,"footnotes":""},"categories":[22,23,31,27,84,69,65],"tags":[71,30],"class_list":["post-68357","post","type-post","status-publish","format-standard","has-post-thumbnail","hentry","category-escena","category-mexico","category-politica","category-sonora","category-turismo","category-ultimas-noticias","category-videos","tag-alfonso-durazo","tag-sonora-tierra-de-oportunidades"],"_links":{"self":[{"href":"https:\/\/elpajaritonews.com\/index.php?rest_route=\/wp\/v2\/posts\/68357","targetHints":{"allow":["GET"]}}],"collection":[{"href":"https:\/\/elpajaritonews.com\/index.php?rest_route=\/wp\/v2\/posts"}],"about":[{"href":"https:\/\/elpajaritonews.com\/index.php?rest_route=\/wp\/v2\/types\/post"}],"author":[{"embeddable":true,"href":"https:\/\/elpajaritonews.com\/index.php?rest_route=\/wp\/v2\/users\/2"}],"replies":[{"embeddable":true,"href":"https:\/\/elpajaritonews.com\/index.php?rest_route=%2Fwp%2Fv2%2Fcomments&post=68357"}],"version-history":[{"count":1,"href":"https:\/\/elpajaritonews.com\/index.php?rest_route=\/wp\/v2\/posts\/68357\/revisions"}],"predecessor-version":[{"id":68359,"href":"https:\/\/elpajaritonews.com\/index.php?rest_route=\/wp\/v2\/posts\/68357\/revisions\/68359"}],"wp:featuredmedia":[{"embeddable":true,"href":"https:\/\/elpajaritonews.com\/index.php?rest_route=\/wp\/v2\/media\/68358"}],"wp:attachment":[{"href":"https:\/\/elpajaritonews.com\/index.php?rest_route=%2Fwp%2Fv2%2Fmedia&parent=68357"}],"wp:term":[{"taxonomy":"category","embeddable":true,"href":"https:\/\/elpajaritonews.com\/index.php?rest_route=%2Fwp%2Fv2%2Fcategories&post=68357"},{"taxonomy":"post_tag","embeddable":true,"href":"https:\/\/elpajaritonews.com\/index.php?rest_route=%2Fwp%2Fv2%2Ftags&post=68357"}],"curies":[{"name":"wp","href":"https:\/\/api.w.org\/{rel}","templated":true}]}}