{"id":68375,"date":"2025-10-31T17:47:21","date_gmt":"2025-11-01T00:47:21","guid":{"rendered":"https:\/\/elpajaritonews.com\/?p=68375"},"modified":"2025-10-31T17:47:24","modified_gmt":"2025-11-01T00:47:24","slug":"gobernador-durazo-garantiza-la-inclusion-y-trabajo-digno-a-grupos-vulnerables-con-feria-nacional-de-empleo","status":"publish","type":"post","link":"https:\/\/elpajaritonews.com\/?p=68375","title":{"rendered":"GOBERNADOR DURAZO GARANTIZA LA INCLUSI\u00d3N Y TRABAJO DIGNO A GRUPOS VULNERABLES CON FERIA NACIONAL DE EMPLEO"},"content":{"rendered":"\n<p class=\"wp-block-paragraph\">&#8211; El gobernador Alfonso Durazo, a trav\u00e9s de la Feria Nacional de Empleo, ofrece oportunidades laborales formales e incluyentes a grupos vulnerables de la sociedad, con la participaci\u00f3n de 30 empresas l\u00edderes de la regi\u00f3n.<\/p>\n\n\n\n<p class=\"wp-block-paragraph\">&#8211; El evento organizado a trav\u00e9s de la Secretar\u00eda del Trabajo y el Servicio Nacional de Empleo (SNE) Sonora, busca conectar a personas con discapacidad y adultos mayores con oportunidades de trabajo formal y justamente remunerado.<\/p>\n\n\n\n<p class=\"wp-block-paragraph\">Como parte del compromiso del gobernador Alfonso Durazo Monta\u00f1o con la inclusi\u00f3n social y el empleo digno, se llev\u00f3 a cabo con gran \u00e9xito la Feria Nacional de Empleo para Grupos Vulnerables, la cual reuni\u00f3 a 400 personas quienes aprovecharon de la diversa oferta laboral que les permitir\u00e1 ampliar las oportunidades de ingreso para el bienestar de sus familias.<\/p>\n\n\n\n<p class=\"wp-block-paragraph\">El mandatario sonorense destac\u00f3 que, en este evento participaron 30 empresas l\u00edderes de la regi\u00f3n, comprometidas con ofrecer vacantes laborales formales e incluyentes, especialmente dirigidas a personas en situaci\u00f3n de vulnerabilidad, como personas con discapacidad, adultas mayores, mujeres en proceso de reincorporaci\u00f3n al mercado laboral y personas preliberadas en cualquiera de sus modalidades.<\/p>\n\n\n\n<p class=\"wp-block-paragraph\">\u201cCon la Secretar\u00eda del Trabajo y a trav\u00e9s del Servicio Nacional de Empleo en Sonora llevamos a cabo este gran evento, con el que fortalecemos el desarrollo econ\u00f3mico y social de las familias sonorenses y, al mismo tiempo impulsamos la incorporaci\u00f3n de las personas al empleo formal, con condiciones laborales seguras y un salario \u00edntegro\u201d, sostuvo el jefe del Ejecutivo estatal.<\/p>\n\n\n\n<p class=\"wp-block-paragraph\">El gobernador Durazo indic\u00f3 que Sonora fue uno de los estados que llev\u00f3 a cabo este evento, impulsado por la presidenta Claudia Sheinbaum Pardo, con el prop\u00f3sito de generar oportunidades para todas y todos.&nbsp;<\/p>\n\n\n\n<p class=\"wp-block-paragraph\">Cabe se\u00f1alar que el pr\u00f3ximo 20 de noviembre se realizar\u00e1 la Feria Nacional de Empleo para Grupos Vulnerables en el municipio de San Luis R\u00edo Colorado. El lugar y la hora ser\u00e1n confirmados pr\u00f3ximamente a trav\u00e9s de las redes sociales de la Secretar\u00eda del Trabajo.<\/p>\n\n\n\n<p class=\"wp-block-paragraph\">Iniciativas como esta, consolidan al estado de Sonora como tierra de oportunidades para todas y todos, y dan cumplimiento al compromiso de la presente administraci\u00f3n estatal de preparar las condiciones para garantizar un futuro pr\u00f3spero para las familias.<\/p>\n","protected":false},"excerpt":{"rendered":"<p>&#8211; El gobernador Alfonso Durazo, a trav\u00e9s de la Feria Nacional de Empleo, ofrece oportunidades laborales formales e incluyentes a grupos vulnerables de la sociedad, con la participaci\u00f3n de 30 empresas l\u00edderes de la regi\u00f3n. &#8211; El evento organizado a trav\u00e9s de la Secretar\u00eda del Trabajo y el Servicio Nacional de Empleo (SNE) Sonora, busca&#8230;<\/p>\n","protected":false},"author":2,"featured_media":68376,"comment_status":"closed","ping_status":"closed","sticky":false,"template":"","format":"standard","meta":{"_crdt_document":"","_exactmetrics_skip_tracking":false,"_exactmetrics_sitenote_active":false,"_exactmetrics_sitenote_note":"","_exactmetrics_sitenote_category":0,"footnotes":""},"categories":[36,31,27,69],"tags":[71,72,74,30],"class_list":["post-68375","post","type-post","status-publish","format-standard","has-post-thumbnail","hentry","category-economia","category-politica","category-sonora","category-ultimas-noticias","tag-alfonso-durazo","tag-claudia-sheinbaum","tag-hermosillo","tag-sonora-tierra-de-oportunidades"],"_links":{"self":[{"href":"https:\/\/elpajaritonews.com\/index.php?rest_route=\/wp\/v2\/posts\/68375","targetHints":{"allow":["GET"]}}],"collection":[{"href":"https:\/\/elpajaritonews.com\/index.php?rest_route=\/wp\/v2\/posts"}],"about":[{"href":"https:\/\/elpajaritonews.com\/index.php?rest_route=\/wp\/v2\/types\/post"}],"author":[{"embeddable":true,"href":"https:\/\/elpajaritonews.com\/index.php?rest_route=\/wp\/v2\/users\/2"}],"replies":[{"embeddable":true,"href":"https:\/\/elpajaritonews.com\/index.php?rest_route=%2Fwp%2Fv2%2Fcomments&post=68375"}],"version-history":[{"count":1,"href":"https:\/\/elpajaritonews.com\/index.php?rest_route=\/wp\/v2\/posts\/68375\/revisions"}],"predecessor-version":[{"id":68377,"href":"https:\/\/elpajaritonews.com\/index.php?rest_route=\/wp\/v2\/posts\/68375\/revisions\/68377"}],"wp:featuredmedia":[{"embeddable":true,"href":"https:\/\/elpajaritonews.com\/index.php?rest_route=\/wp\/v2\/media\/68376"}],"wp:attachment":[{"href":"https:\/\/elpajaritonews.com\/index.php?rest_route=%2Fwp%2Fv2%2Fmedia&parent=68375"}],"wp:term":[{"taxonomy":"category","embeddable":true,"href":"https:\/\/elpajaritonews.com\/index.php?rest_route=%2Fwp%2Fv2%2Fcategories&post=68375"},{"taxonomy":"post_tag","embeddable":true,"href":"https:\/\/elpajaritonews.com\/index.php?rest_route=%2Fwp%2Fv2%2Ftags&post=68375"}],"curies":[{"name":"wp","href":"https:\/\/api.w.org\/{rel}","templated":true}]}}