{"id":68378,"date":"2025-10-31T20:29:29","date_gmt":"2025-11-01T03:29:29","guid":{"rendered":"https:\/\/elpajaritonews.com\/?p=68378"},"modified":"2025-10-31T20:29:31","modified_gmt":"2025-11-01T03:29:31","slug":"inicia-del-tradicional-festival-de-dia-de-muertos-en-hermosillo","status":"publish","type":"post","link":"https:\/\/elpajaritonews.com\/?p=68378","title":{"rendered":"INICIA DEL TRADICIONAL FESTIVAL DE D\u00cdA DE MUERTOS EN HERMOSILLO"},"content":{"rendered":"\n<p class=\"wp-block-paragraph\">El programa completo se puede consultar en las redes del Ayuntamiento de Hermosillo, del IMCA, y en la p\u00e1gina <a href=\"https:\/\/imca.hermosillo.gob.mx\">https:\/\/imca.hermosillo.gob.mx<\/a>&nbsp;<\/p>\n\n\n\n<p class=\"wp-block-paragraph\">La Plaza Zaragoza y sus alrededores son nuevamente sedes de celebraci\u00f3n, color, tradici\u00f3n y expresiones art\u00edsticas. En el primer d\u00eda de actividades se present\u00f3 la Orquesta Sinf\u00f3nica Infantil y Juvenil de DIF Hermosillo y las personas visitantes pudieron apreciar la gran ofrenda dedicada al animador hermosillense Bill Mel\u00e9ndez.<\/p>\n\n\n\n<p class=\"wp-block-paragraph\">Con un homenaje al legado del animador hermosillense Bill Mel\u00e9ndez, quien dio vida al entra\u00f1able personaje Snoopy, inici\u00f3 este viernes el S\u00e9ptimo Festival del D\u00eda de Muertos en el Centro Hist\u00f3rico de Hermosillo, organizado por el Instituto Municipal de Cultura y Arte (IMCA) que encabeza Marianna Gonz\u00e1lez Gast\u00e9lum.<\/p>\n\n\n\n<p class=\"wp-block-paragraph\">Del 31 de octubre al 2 de noviembre, hermosillenses y visitantes podr\u00e1n disfrutar la amplia variedad de actividades que el Ayuntamiento de Hermosillo, el IMCA y la comunidad prepararon para honrar las tradiciones mexicanas del D\u00eda de Muertos.<\/p>\n\n\n\n<p class=\"wp-block-paragraph\">La Gran Ofrenda de este a\u00f1o estar\u00e1 dedicada a la maestra y core\u00f3grafa Martha Bracho, instalado en el callej\u00f3n Velasco, lugar donde se llev\u00f3 a cabo el concierto \u201cDe vida y muerte\u201d de la Orquesta Sinf\u00f3nica Infantil y Juvenil del DIF Hermosillo.<\/p>\n\n\n\n<p class=\"wp-block-paragraph\">En esa misma se realiz\u00f3 la presentaci\u00f3n de las sopranos Ana Fabiola P\u00e9rez y Beatriz Ang\u00e9lica Morales, junto al guitarrista Leonel Paco, con el programa \u201cAbrazando la muerte\u201d, seguido del grupo Rebel Spirit, con el concierto \u201cEl rock nunca muere\u201d.<\/p>\n\n\n\n<p class=\"wp-block-paragraph\">El s\u00e1bado 1 de noviembre, a las 17:00 horas, se llevar\u00e1 a cabo el registro de participantes de La Marcha de las Catrinas, que partir\u00e1 a las 18:30 horas desde la Plaza de los Cien A\u00f1os hacia la Plaza Zaragoza, donde la Rondalla \u201cAyer y Hoy\u201d de Jubilados y Pensionados del ISSSTESON rendir\u00e1 homenaje al poeta del pueblo Joan Sebastian, previo a la premiaci\u00f3n de las mejores caracterizaciones.<\/p>\n\n\n\n<p class=\"wp-block-paragraph\">En el mismo foro, a las 20:00 horas, se presentar\u00e1 el espect\u00e1culo de baile flamenco \u201cSon a Dos\u201d, a cargo de la bailarina y core\u00f3grafa Mari\u00e9n Lu\u00e9vano y el guitarrista Alfredo Mill\u00e1n, seguido de \u201cJazz mexicano del D\u00eda de Muertos\u201d por Solaria Jazz, a las 21:00 horas.<\/p>\n\n\n\n<p class=\"wp-block-paragraph\">Para el domingo 2 de noviembre, hermosillenses y visitantes de todas las edades podr\u00e1n disfrutar el show de improvisaci\u00f3n de Quimera Impro \u201cIMPROpias Calacas. Los Muertos andan sueltos\u201d, en el Callej\u00f3n Velasco a las 18:00 horas, y \u201cCanto entre cempas\u00fachil\u201d con Adelfos a las 19:30 horas.&nbsp;<\/p>\n\n\n\n<p class=\"wp-block-paragraph\">Posteriormente, se presentar\u00e1 Sonotl, grupo de danza folcl\u00f3rica del SNTE, a las 20:30 horas, y la cantante Yazm\u00edn de los Reyes con mariachi, a las 21:30 horas, inform\u00f3 Gonz\u00e1lez Gast\u00e9lum.<\/p>\n\n\n\n<p class=\"wp-block-paragraph\">El VII Festival Tradicional del D\u00eda de Muertos tambi\u00e9n tendr\u00e1 actividades en el Parque Madero, donde el domingo a las 17:00 horas se montar\u00e1 un altar de pan de muerto en honor a Frida Kahlo y una exhibici\u00f3n fotogr\u00e1fica del club de fotograf\u00eda Luz y Sombra, eventos coordinados por Desarrollo Tur\u00edstico de Hermosillo.<\/p>\n","protected":false},"excerpt":{"rendered":"<p>El programa completo se puede consultar en las redes del Ayuntamiento de Hermosillo, del IMCA, y en la p\u00e1gina https:\/\/imca.hermosillo.gob.mx&nbsp; La Plaza Zaragoza y sus alrededores son nuevamente sedes de celebraci\u00f3n, color, tradici\u00f3n y expresiones art\u00edsticas. En el primer d\u00eda de actividades se present\u00f3 la Orquesta Sinf\u00f3nica Infantil y Juvenil de DIF Hermosillo y las&#8230;<\/p>\n","protected":false},"author":2,"featured_media":68379,"comment_status":"closed","ping_status":"closed","sticky":false,"template":"","format":"standard","meta":{"_crdt_document":"","_exactmetrics_skip_tracking":false,"_exactmetrics_sitenote_active":false,"_exactmetrics_sitenote_note":"","_exactmetrics_sitenote_category":0,"footnotes":""},"categories":[22,26,31,1,27,84,69],"tags":[74,75],"class_list":["post-68378","post","type-post","status-publish","format-standard","has-post-thumbnail","hentry","category-escena","category-local","category-politica","category-seguridad","category-sonora","category-turismo","category-ultimas-noticias","tag-hermosillo","tag-seguridad-publica"],"_links":{"self":[{"href":"https:\/\/elpajaritonews.com\/index.php?rest_route=\/wp\/v2\/posts\/68378","targetHints":{"allow":["GET"]}}],"collection":[{"href":"https:\/\/elpajaritonews.com\/index.php?rest_route=\/wp\/v2\/posts"}],"about":[{"href":"https:\/\/elpajaritonews.com\/index.php?rest_route=\/wp\/v2\/types\/post"}],"author":[{"embeddable":true,"href":"https:\/\/elpajaritonews.com\/index.php?rest_route=\/wp\/v2\/users\/2"}],"replies":[{"embeddable":true,"href":"https:\/\/elpajaritonews.com\/index.php?rest_route=%2Fwp%2Fv2%2Fcomments&post=68378"}],"version-history":[{"count":1,"href":"https:\/\/elpajaritonews.com\/index.php?rest_route=\/wp\/v2\/posts\/68378\/revisions"}],"predecessor-version":[{"id":68380,"href":"https:\/\/elpajaritonews.com\/index.php?rest_route=\/wp\/v2\/posts\/68378\/revisions\/68380"}],"wp:featuredmedia":[{"embeddable":true,"href":"https:\/\/elpajaritonews.com\/index.php?rest_route=\/wp\/v2\/media\/68379"}],"wp:attachment":[{"href":"https:\/\/elpajaritonews.com\/index.php?rest_route=%2Fwp%2Fv2%2Fmedia&parent=68378"}],"wp:term":[{"taxonomy":"category","embeddable":true,"href":"https:\/\/elpajaritonews.com\/index.php?rest_route=%2Fwp%2Fv2%2Fcategories&post=68378"},{"taxonomy":"post_tag","embeddable":true,"href":"https:\/\/elpajaritonews.com\/index.php?rest_route=%2Fwp%2Fv2%2Ftags&post=68378"}],"curies":[{"name":"wp","href":"https:\/\/api.w.org\/{rel}","templated":true}]}}