{"id":68403,"date":"2025-11-03T22:50:47","date_gmt":"2025-11-04T05:50:47","guid":{"rendered":"https:\/\/elpajaritonews.com\/?p=68403"},"modified":"2025-11-03T22:50:48","modified_gmt":"2025-11-04T05:50:48","slug":"deja-vu-abc-a-waldos-y-desde-colosio-a-manzo","status":"publish","type":"post","link":"https:\/\/elpajaritonews.com\/?p=68403","title":{"rendered":"DEJA VU: ABC A WALDO&#8217;S Y DESDE COLOSIO A MANZO"},"content":{"rendered":"\n<p class=\"wp-block-paragraph\">Por Alejandro Matty Ortega<\/p>\n\n\n\n<p class=\"wp-block-paragraph\">Hermosillo, Sonora.- Treinta y un a\u00f1os despu\u00e9s del asesinato de Luis Donaldo Colosio Murrieta, el pa\u00eds revive la herida con el asesinato pol\u00edtico de Carlos Manzo, ocurrido el 1 de noviembre de 2025.<\/p>\n\n\n\n<p class=\"wp-block-paragraph\">Y como si el destino insistiera en recordarnos las deudas del pasado, Hermosillo, Sonora, ciudad marcada por la tragedia de la Guarder\u00eda ABC -donde 49 ni\u00f1os perdieron la vida en 2009-, vuelve a ser escenario del horror con la explosi\u00f3n en la tienda Waldo&#8217;s, que dej\u00f3 23 muertos y 12 heridos.<\/p>\n\n\n\n<p class=\"wp-block-paragraph\">A simple vista, los hechos parecen inconexos: dos asesinatos pol\u00edticos y dos tragedias civiles.<\/p>\n\n\n\n<p class=\"wp-block-paragraph\">Sin embargo, un hilo invisible los une: La violencia como instrumento, la negligencia como sistema y la impunidad como consecuencia.<\/p>\n\n\n\n<p class=\"wp-block-paragraph\">M\u00e9xico, en su historia reciente, ha mostrado una dolorosa capacidad de repetirse.<\/p>\n\n\n\n<p class=\"wp-block-paragraph\">Un pa\u00eds que no aprende.<\/p>\n\n\n\n<p class=\"wp-block-paragraph\">Cada generaci\u00f3n hereda los mismos problemas, y patrones de omisi\u00f3n estatal, de justicia parcial, de v\u00edctimas olvidadas.<\/p>\n\n\n\n<p class=\"wp-block-paragraph\">Colosio<\/p>\n\n\n\n<p class=\"wp-block-paragraph\">El 23 de marzo de 1994, la vida pol\u00edtica mexicana se detuvo en seco.<\/p>\n\n\n\n<p class=\"wp-block-paragraph\">Luis Donaldo Colosio Murrieta, candidato del Partido Revolucionario Institucional (PRI) a la Presidencia de la Rep\u00fablica, fue asesinado durante un mitin en Lomas Taurinas, Tijuana.<\/p>\n\n\n\n<p class=\"wp-block-paragraph\">La noticia estremeci\u00f3 al pa\u00eds.<\/p>\n\n\n\n<p class=\"wp-block-paragraph\">M\u00e9xico entraba en una nueva era de incertidumbre pol\u00edtica, marcada por la desconfianza, la sospecha y el dolor.<\/p>\n\n\n\n<p class=\"wp-block-paragraph\">Colosio no era un pol\u00edtico m\u00e1s, era el rostro de una posible renovaci\u00f3n dentro del sistema priista.<\/p>\n\n\n\n<p class=\"wp-block-paragraph\">Su discurso del 6 de marzo de 1994, en el Monumento a la Revoluci\u00f3n, hab\u00eda sido una declaraci\u00f3n de independencia pol\u00edtica:<\/p>\n\n\n\n<p class=\"wp-block-paragraph\">\u201cVeo un M\u00e9xico con hambre y con sed de justicia\u2026 Veo un M\u00e9xico de gente agraviada por las distorsiones que imponen a la ley quienes deber\u00edan servirla\u00bb.<\/p>\n\n\n\n<p class=\"wp-block-paragraph\">Ese mensaje, que toc\u00f3 fibras profundas en una sociedad cansada de los abusos del poder, tambi\u00e9n despert\u00f3 recelos en las c\u00fapulas pol\u00edticas.<\/p>\n\n\n\n<p class=\"wp-block-paragraph\">D\u00edas despu\u00e9s, Colosio fue asesinado.<\/p>\n\n\n\n<p class=\"wp-block-paragraph\">El pa\u00eds entero vio en televisi\u00f3n c\u00f3mo el candidato era llevado a empujones entre la multitud.<\/p>\n\n\n\n<p class=\"wp-block-paragraph\">Minutos m\u00e1s tarde, se confirmaba su muerte.<\/p>\n\n\n\n<p class=\"wp-block-paragraph\">La versi\u00f3n oficial se\u00f1al\u00f3 a Mario Aburto Mart\u00ednez como el autor material, pero las inconsistencias en la investigaci\u00f3n, las pruebas alteradas y los testimonios contradictorios sembraron una duda que persiste hasta hoy.<\/p>\n\n\n\n<p class=\"wp-block-paragraph\">El caso Colosio simboliz\u00f3 el fin de la confianza en el Estado mexicano.<\/p>\n\n\n\n<p class=\"wp-block-paragraph\">A partir de entonces, el ciudadano aprendi\u00f3 a desconfiar de las investigaciones oficiales.<\/p>\n\n\n\n<p class=\"wp-block-paragraph\">Carlos Manzo<\/p>\n\n\n\n<p class=\"wp-block-paragraph\">Tres d\u00e9cadas despu\u00e9s, el 1 de noviembre de 2025, M\u00e9xico volvi\u00f3 a ser testigo de otro asesinato pol\u00edtico:<\/p>\n\n\n\n<p class=\"wp-block-paragraph\">El de Carlos Manzo, figura emergente y reformista en la pol\u00edtica.<\/p>\n\n\n\n<p class=\"wp-block-paragraph\">Manzo, como Colosio, hab\u00eda construido un discurso centrado en la reconciliaci\u00f3n nacional, la cr\u00edtica al poder y la necesidad de un cambio moral en la vida p\u00fablica.<\/p>\n\n\n\n<p class=\"wp-block-paragraph\">Su estilo directo, su independencia ideol\u00f3gica y su conexi\u00f3n con los sectores marginados lo convirtieron en una figura inc\u00f3moda para los viejos intereses.<\/p>\n\n\n\n<p class=\"wp-block-paragraph\">El crimen ocurri\u00f3 durante un acto p\u00fablico en el que el pol\u00edtico saludaba a simpatizantes.<\/p>\n\n\n\n<p class=\"wp-block-paragraph\">De nuevo, la multitud, el caos, la confusi\u00f3n.<\/p>\n\n\n\n<p class=\"wp-block-paragraph\">De nuevo, una bala que interrumpe un proyecto pol\u00edtico y, de nuevo, una respuesta institucional tard\u00eda, contradictoria y opaca.<\/p>\n\n\n\n<p class=\"wp-block-paragraph\">Los paralelismos con el caso Colosio son evidentes:<\/p>\n\n\n\n<p class=\"wp-block-paragraph\">Ambos fueron asesinados en eventos masivos, rodeados por simpatizantes y ante la presencia de cuerpos de seguridad insuficientes.<\/p>\n\n\n\n<p class=\"wp-block-paragraph\">Ambos eran figuras de renovaci\u00f3n dentro de un sistema pol\u00edtico desgastado.<\/p>\n\n\n\n<p class=\"wp-block-paragraph\">En los dos casos, las autoridades ofrecieron versiones oficiales poco convincentes y omitieron l\u00edneas de investigaci\u00f3n sobre m\u00f3viles pol\u00edticos.<\/p>\n\n\n\n<p class=\"wp-block-paragraph\">En ambos, el resultado inmediato fue la desconfianza ciudadana y el sentimiento de orfandad pol\u00edtica.<\/p>\n\n\n\n<p class=\"wp-block-paragraph\">El asesinato de Carlos Manzo confirm\u00f3 lo que Colosio hab\u00eda advertido: que el pa\u00eds segu\u00eda padeciendo los mismos males, los mismos intereses y los mismos silencios.<\/p>\n\n\n\n<p class=\"wp-block-paragraph\">ABC<\/p>\n\n\n\n<p class=\"wp-block-paragraph\">Hermosillo es una ciudad marcada por la tragedia.<\/p>\n\n\n\n<p class=\"wp-block-paragraph\">El 5 de junio de 2009, un incendio arras\u00f3 con la Guarder\u00eda ABC, un establecimiento subrogado por el Instituto Mexicano del Seguro Social (IMSS).<\/p>\n\n\n\n<p class=\"wp-block-paragraph\">En cuesti\u00f3n de minutos, las llamas consumieron el lugar, atrapando a decenas de ni\u00f1os y ni\u00f1as.<\/p>\n\n\n\n<p class=\"wp-block-paragraph\">Cuarenta y nueve murieron; m\u00e1s de setenta resultaron con quemaduras y lesiones permanentes.<\/p>\n\n\n\n<p class=\"wp-block-paragraph\">El pa\u00eds llor\u00f3.<\/p>\n\n\n\n<p class=\"wp-block-paragraph\">Las im\u00e1genes del humo negro elev\u00e1ndose sobre el cielo de Hermosillo se grabaron en la conciencia nacional.<\/p>\n\n\n\n<p class=\"wp-block-paragraph\">Pero m\u00e1s doloroso a\u00fan fue descubrir que la tragedia pudo evitarse.<\/p>\n\n\n\n<p class=\"wp-block-paragraph\">Las investigaciones revelaron que la guarder\u00eda no contaba con salidas de emergencia adecuadas; que las paredes estaban forradas de material inflamable; que las inspecciones de Protecci\u00f3n Civil se hab\u00edan simulado; y que los propietarios ten\u00edan v\u00ednculos con funcionarios p\u00fablicos de alto nivel.<\/p>\n\n\n\n<p class=\"wp-block-paragraph\">La tragedia de la Guarder\u00eda ABC se convirti\u00f3 en un emblema de la negligencia institucional en M\u00e9xico.<\/p>\n\n\n\n<p class=\"wp-block-paragraph\">Pese a los a\u00f1os de lucha de los padres y madres, la justicia nunca lleg\u00f3 del todo.<\/p>\n\n\n\n<p class=\"wp-block-paragraph\">Las sanciones fueron m\u00ednimas, los responsables siguieron en libertad y las reformas prometidas se quedaron en el papel.<\/p>\n\n\n\n<p class=\"wp-block-paragraph\">Waldo\u00bbs<\/p>\n\n\n\n<p class=\"wp-block-paragraph\">El 1 de noviembre de 2025, Hermosillo volvi\u00f3 a estremecerse.<\/p>\n\n\n\n<p class=\"wp-block-paragraph\">En una sucursal de la tienda Waldos, ubicada en la zona comercial, una explosi\u00f3n en el centro de carga el\u00e9ctrica provoc\u00f3 un incendio devastador.<\/p>\n\n\n\n<p class=\"wp-block-paragraph\">El siniestro dej\u00f3 23 personas muertas y 12 heridas, entre empleados y clientes.<\/p>\n\n\n\n<p class=\"wp-block-paragraph\">Los primeros peritajes apuntaron a una sobrecarga el\u00e9ctrica pero pronto salieron a la luz detalles que recordaron dolorosamente al caso ABC:<\/p>\n\n\n\n<p class=\"wp-block-paragraph\">Falta de mantenimiento en las instalaciones el\u00e9ctricas.<\/p>\n\n\n\n<p class=\"wp-block-paragraph\">Omisi\u00f3n de medidas de seguridad b\u00e1sicas.<\/p>\n\n\n\n<p class=\"wp-block-paragraph\">Ausencia de inspecciones recientes de Protecci\u00f3n Civil.<\/p>\n\n\n\n<p class=\"wp-block-paragraph\">Desorganizaci\u00f3n y falta de protocolos de evacuaci\u00f3n.<\/p>\n\n\n\n<p class=\"wp-block-paragraph\">Falta de salidas de emergencia.<\/p>\n\n\n\n<p class=\"wp-block-paragraph\">La tragedia volvi\u00f3 a desnudar la precariedad del sistema de prevenci\u00f3n de desastres en M\u00e9xico.<\/p>\n\n\n\n<p class=\"wp-block-paragraph\">Hermosillo, una vez m\u00e1s, se convirti\u00f3 en el espejo del pa\u00eds:<\/p>\n\n\n\n<p class=\"wp-block-paragraph\">Un lugar donde la tragedia no ense\u00f1a, s\u00f3lo se repite.<\/p>\n\n\n\n<p class=\"wp-block-paragraph\">Padres de v\u00edctimas de la Guarder\u00eda ABC acudieron al lugar de la explosi\u00f3n para encender velas y acompa\u00f1ar a las familias afectadas.<\/p>\n\n\n\n<p class=\"wp-block-paragraph\">\u201cNos prometieron que nunca volver\u00eda a pasar\u201d, dijo una madre. \u201cY volvi\u00f3 a pasar.\u201d<\/p>\n\n\n\n<p class=\"wp-block-paragraph\">Fallas, omisiones y simulaci\u00f3n<\/p>\n\n\n\n<p class=\"wp-block-paragraph\">Las cuatro tragedias -los asesinatos de Colosio y Manzo, y los incendios de la Guarder\u00eda ABC y Waldos- comparten un mismo denominador:<\/p>\n\n\n\n<p class=\"wp-block-paragraph\">La falla estructural del Estado mexicano.<\/p>\n\n\n\n<p class=\"wp-block-paragraph\">En los asesinatos pol\u00edticos, esa falla se manifiesta en la incapacidad para proteger a figuras p\u00fablicas amenazadas y en la tendencia a encubrir las investigaciones.<\/p>\n\n\n\n<p class=\"wp-block-paragraph\">En las tragedias civiles, se refleja en la corrupci\u00f3n administrativa, la falta de vigilancia, la simulaci\u00f3n de inspecciones y la impunidad que sigue a la cat\u00e1strofe.<\/p>\n\n\n\n<p class=\"wp-block-paragraph\">En ambos \u00e1mbitos -el pol\u00edtico y el civil-, la constante es la misma:<\/p>\n\n\n\n<p class=\"wp-block-paragraph\">la omisi\u00f3n como pol\u00edtica, la impunidad como resultado y el olvido como mecanismo de defensa colectiva.<\/p>\n\n\n\n<p class=\"wp-block-paragraph\">M\u00e9xico, al mirar sus heridas, descubre que en ellas siempre hay un sello institucional:<\/p>\n\n\n\n<p class=\"wp-block-paragraph\">Una firma del Estado ausente o c\u00f3mplice.<\/p>\n\n\n\n<p class=\"wp-block-paragraph\">Protecci\u00f3n Civil<\/p>\n\n\n\n<p class=\"wp-block-paragraph\">La Ley General de Protecci\u00f3n Civil establece que toda autoridad tiene la obligaci\u00f3n de garantizar la seguridad de la poblaci\u00f3n ante riesgos previsibles.<\/p>\n\n\n\n<p class=\"wp-block-paragraph\">Sin embargo, tanto en el caso de la Guarder\u00eda ABC como en Waldo&#8217;s, esa prevenci\u00f3n se tradujo en burocracia y simulaci\u00f3n.<\/p>\n\n\n\n<p class=\"wp-block-paragraph\">Inspecciones que nunca se realizaron, permisos renovados o no sin supervisi\u00f3n, protocolos que s\u00f3lo exist\u00edan en papel.<\/p>\n\n\n\n<p class=\"wp-block-paragraph\">En Hermosillo, la cultura de la prevenci\u00f3n qued\u00f3 subordinada a la cultura del tr\u00e1mite.<\/p>\n\n\n\n<p class=\"wp-block-paragraph\">Las tragedias demostraron que los sellos y los oficios no apagan incendios.<\/p>\n\n\n\n<p class=\"wp-block-paragraph\">Expertos en gesti\u00f3n de riesgos han advertido que M\u00e9xico contin\u00faa sin consolidar un sistema nacional eficaz.<\/p>\n\n\n\n<p class=\"wp-block-paragraph\">Las dependencias de Protecci\u00f3n Civil operan con recursos limitados, sin autonom\u00eda t\u00e9cnica ni mecanismos de control ciudadano.<\/p>\n\n\n\n<p class=\"wp-block-paragraph\">El resultado es un pa\u00eds donde la vida cotidiana transcurre sobre una base de riesgo permanente.<\/p>\n\n\n\n<p class=\"wp-block-paragraph\">Repetici\u00f3n<\/p>\n\n\n\n<p class=\"wp-block-paragraph\">M\u00e9xico parece atrapado en un bucle hist\u00f3rico.<\/p>\n\n\n\n<p class=\"wp-block-paragraph\">El asesinato de Colosio debi\u00f3 marcar un antes y un despu\u00e9s en la protecci\u00f3n a l\u00edderes pol\u00edticos.<\/p>\n\n\n\n<p class=\"wp-block-paragraph\">No lo hizo.<\/p>\n\n\n\n<p class=\"wp-block-paragraph\">La tragedia de la Guarder\u00eda ABC debi\u00f3 transformar la forma en que se regulan los espacios p\u00fablicos y privados.<\/p>\n\n\n\n<p class=\"wp-block-paragraph\">Tampoco lo hizo.<\/p>\n\n\n\n<p class=\"wp-block-paragraph\">El asesinato de Carlos Manzo y la tragedia de Waldo&#8217;s confirman que la historia se repite no por destino, sino por desatenci\u00f3n.<\/p>\n\n\n\n<p class=\"wp-block-paragraph\">En cada uno de estos hechos hay v\u00edctimas, familias destrozadas, y un mismo escenario posterior:<\/p>\n\n\n\n<p class=\"wp-block-paragraph\">El silencio oficial, las conferencias de prensa, los homenajes fugaces y la impunidad duradera.<\/p>\n\n\n\n<p class=\"wp-block-paragraph\">Heridas abiertas<\/p>\n\n\n\n<p class=\"wp-block-paragraph\">M\u00e9xico carga con heridas que nunca sanaron.<\/p>\n\n\n\n<p class=\"wp-block-paragraph\">En Tijuana, la cruz de Lomas Taurinas recuerda el d\u00eda en que la esperanza fue silenciada.<\/p>\n\n\n\n<p class=\"wp-block-paragraph\">En Hermosillo, el memorial de la Guarder\u00eda ABC y las flores frente a la tienda Waldo&#8217;s simbolizan el precio de la negligencia.<\/p>\n\n\n\n<p class=\"wp-block-paragraph\">Y en la memoria nacional, los nombres de Colosio, Manzo, los ni\u00f1os de la ABC y las v\u00edctimas de Waldo&#8217;s se entrelazan como cap\u00edtulos de una misma historia:<\/p>\n\n\n\n<p class=\"wp-block-paragraph\">La historia de un pa\u00eds que no logra proteger la vida de su gente.<\/p>\n\n\n\n<p class=\"wp-block-paragraph\">La memoria, sin embargo, tambi\u00e9n puede ser resistencia.<\/p>\n\n\n\n<p class=\"wp-block-paragraph\">Mientras haya quien recuerde, investigue y escriba, habr\u00e1 posibilidad de que esas historias no se repitan.<\/p>\n\n\n\n<p class=\"wp-block-paragraph\">Porque cada tragedia exige justicia y exige que el Estado aprenda, act\u00fae y deje de fallar.<\/p>\n\n\n\n<p class=\"wp-block-paragraph\">Y en ese aprendizaje pendiente, M\u00e9xico sigue mir\u00e1ndose al espejo, con las mismas heridas abiertas y las mismas preguntas sin respuesta.<\/p>\n","protected":false},"excerpt":{"rendered":"<p>Por Alejandro Matty Ortega Hermosillo, Sonora.- Treinta y un a\u00f1os despu\u00e9s del asesinato de Luis Donaldo Colosio Murrieta, el pa\u00eds revive la herida con el asesinato pol\u00edtico de Carlos Manzo, ocurrido el 1 de noviembre de 2025. Y como si el destino insistiera en recordarnos las deudas del pasado, Hermosillo, Sonora, ciudad marcada por la&#8230;<\/p>\n","protected":false},"author":2,"featured_media":68404,"comment_status":"closed","ping_status":"closed","sticky":false,"template":"","format":"standard","meta":{"_crdt_document":"","_exactmetrics_skip_tracking":false,"_exactmetrics_sitenote_active":false,"_exactmetrics_sitenote_note":"","_exactmetrics_sitenote_category":0,"footnotes":""},"categories":[26,23,19,31,1,27,69],"tags":[74,75],"class_list":["post-68403","post","type-post","status-publish","format-standard","has-post-thumbnail","hentry","category-local","category-mexico","category-opinion","category-politica","category-seguridad","category-sonora","category-ultimas-noticias","tag-hermosillo","tag-seguridad-publica"],"_links":{"self":[{"href":"https:\/\/elpajaritonews.com\/index.php?rest_route=\/wp\/v2\/posts\/68403","targetHints":{"allow":["GET"]}}],"collection":[{"href":"https:\/\/elpajaritonews.com\/index.php?rest_route=\/wp\/v2\/posts"}],"about":[{"href":"https:\/\/elpajaritonews.com\/index.php?rest_route=\/wp\/v2\/types\/post"}],"author":[{"embeddable":true,"href":"https:\/\/elpajaritonews.com\/index.php?rest_route=\/wp\/v2\/users\/2"}],"replies":[{"embeddable":true,"href":"https:\/\/elpajaritonews.com\/index.php?rest_route=%2Fwp%2Fv2%2Fcomments&post=68403"}],"version-history":[{"count":1,"href":"https:\/\/elpajaritonews.com\/index.php?rest_route=\/wp\/v2\/posts\/68403\/revisions"}],"predecessor-version":[{"id":68405,"href":"https:\/\/elpajaritonews.com\/index.php?rest_route=\/wp\/v2\/posts\/68403\/revisions\/68405"}],"wp:featuredmedia":[{"embeddable":true,"href":"https:\/\/elpajaritonews.com\/index.php?rest_route=\/wp\/v2\/media\/68404"}],"wp:attachment":[{"href":"https:\/\/elpajaritonews.com\/index.php?rest_route=%2Fwp%2Fv2%2Fmedia&parent=68403"}],"wp:term":[{"taxonomy":"category","embeddable":true,"href":"https:\/\/elpajaritonews.com\/index.php?rest_route=%2Fwp%2Fv2%2Fcategories&post=68403"},{"taxonomy":"post_tag","embeddable":true,"href":"https:\/\/elpajaritonews.com\/index.php?rest_route=%2Fwp%2Fv2%2Ftags&post=68403"}],"curies":[{"name":"wp","href":"https:\/\/api.w.org\/{rel}","templated":true}]}}