{"id":68416,"date":"2025-11-05T11:45:32","date_gmt":"2025-11-05T18:45:32","guid":{"rendered":"https:\/\/elpajaritonews.com\/?p=68416"},"modified":"2025-11-05T11:45:34","modified_gmt":"2025-11-05T18:45:34","slug":"alfonso-durazo-pide-separar-del-cargo-a-titular-de-proteccion-civil-de-sonora-tras-incendio-de-waldos-en-hermosillo","status":"publish","type":"post","link":"https:\/\/elpajaritonews.com\/?p=68416","title":{"rendered":"ALFONSO DURAZO PIDE SEPARAR DEL CARGO A TITULAR DE PROTECCI\u00d3N CIVIL DE SONORA TRAS INCENDIO DE WALDO\u2019S EN HERMOSILLO"},"content":{"rendered":"\n<p class=\"wp-block-paragraph\">El gobernador Alfonso Durazo inform\u00f3 que pidi\u00f3 separar de su cargo al titular de la Coordinaci\u00f3n Estatal de Protecci\u00f3n Civil, Armando Casta\u00f1eda, tras el incendio ocurrido en la tienda Waldo\u2019s de Hermosillo, durante el tiempo que dure la investigaci\u00f3n del caso.<\/p>\n\n\n\n<p class=\"wp-block-paragraph\">El mandatario estatal indic\u00f3 que con esto busca evitar el riesgo de que sea el funcionario, quien ocupaba el cargo desde octubre de 2023, sea \u201cjuez y parte de la investigaci\u00f3n\u201d.<\/p>\n\n\n\n<figure class=\"wp-block-embed is-type-rich is-provider-twitter wp-block-embed-twitter\"><div class=\"wp-block-embed__wrapper\">\n<blockquote class=\"twitter-tweet\" data-width=\"550\" data-dnt=\"true\"><p lang=\"es\" dir=\"ltr\">Hay momentos que sacuden la conciencia de un pueblo.<br>No se trata de cifras, sino de vidas, de familias que hoy enfrentan un dolor profundo.<br><br>Hoy informamos que Mar\u00eda Isabel fue trasladada al Hospital Valley Wise, en Phoenix, Arizona, donde recibe atenci\u00f3n m\u00e9dica especializada.\u2026 <a href=\"https:\/\/t.co\/Ax079toZEu\">pic.twitter.com\/Ax079toZEu<\/a><\/p>&mdash; Alfonso Durazo (@AlfonsoDurazo) <a href=\"https:\/\/twitter.com\/AlfonsoDurazo\/status\/1986130252028948922?ref_src=twsrc%5Etfw\">November 5, 2025<\/a><\/blockquote><script async src=\"https:\/\/platform.twitter.com\/widgets.js\" charset=\"utf-8\"><\/script>\n<\/div><\/figure>\n\n\n\n<p class=\"wp-block-paragraph\">\u201cMi gobierno responder\u00e1 con verdad, con justicia y con humanidad: verdad, para que no haya dudas, y justicia, para que no haya impunidad. Esa es la ruta que seguiremos\u201d.<\/p>\n\n\n\n<p class=\"wp-block-paragraph\">\u201cHumildad para escuchar, firmeza para actuar y memoria para no olvidar\u201d, precis\u00f3 en su mensaje compartido en redes sociales.<\/p>\n\n\n\n<p class=\"wp-block-paragraph\">En su mensaje, el gobernador tambi\u00e9n inform\u00f3 que cuatro personas contin\u00faan hospitalizadas, identificadas como Marco, Dana, Gloria y Mar\u00eda Isabel.<\/p>\n\n\n\n<p class=\"wp-block-paragraph\">Esta \u00faltima fue trasladada en condici\u00f3n grave, aunque estable, al Hospital Valley Wise de Phoenix, Arizona, acompa\u00f1ada por personal m\u00e9dico y un familiar.<\/p>\n\n\n\n<p class=\"wp-block-paragraph\">Durazo agradeci\u00f3 el apoyo del hospital estadounidense, as\u00ed como de la Secretar\u00eda de Relaciones Exteriores, la Embajada de Estados Unidos en M\u00e9xico y el Consulado en Hermosillo por las facilidades brindadas.<\/p>\n\n\n\n<p class=\"wp-block-paragraph\">El mandatario asegur\u00f3 que mantiene comunicaci\u00f3n directa con las familias de las v\u00edctimas y reiter\u00f3 su compromiso con la b\u00fasqueda de justicia y la reparaci\u00f3n del da\u00f1o.<\/p>\n\n\n\n<p class=\"wp-block-paragraph\">\u201cCada acci\u00f3n y cada decisi\u00f3n de mi gobierno se ha tomado con un prop\u00f3sito claro: aliviar en la medida de lo posible el sufrimiento de las familias afectadas. Estoy con ellas, acompa\u00f1\u00e1ndolas en su dolor, en su b\u00fasqueda de justicia y en la reparaci\u00f3n del da\u00f1o\u201d, afirm\u00f3.<\/p>\n\n\n\n<p class=\"wp-block-paragraph\">Finalmente, Durazo reconoci\u00f3 que Sonora ha vivido tragedias marcadas por el silencio y la omisi\u00f3n, y subray\u00f3 que su gobierno responder\u00e1 con transparencia y firmeza.<\/p>\n\n\n\n<p class=\"wp-block-paragraph\">\u201cMi gobierno, se los aseguro, responder\u00e1 con verdad, con justicia y con humanidad. Verdad para que no haya dudas y justicia para que no haya impunidad. Esa es la ruta que seguiremos: humildad para escuchar, firmeza para actuar y memoria para no olvidar\u201d, concluy\u00f3.<\/p>\n","protected":false},"excerpt":{"rendered":"<p>El gobernador Alfonso Durazo inform\u00f3 que pidi\u00f3 separar de su cargo al titular de la Coordinaci\u00f3n Estatal de Protecci\u00f3n Civil, Armando Casta\u00f1eda, tras el incendio ocurrido en la tienda Waldo\u2019s de Hermosillo, durante el tiempo que dure la investigaci\u00f3n del caso. El mandatario estatal indic\u00f3 que con esto busca evitar el riesgo de que sea&#8230;<\/p>\n","protected":false},"author":2,"featured_media":68417,"comment_status":"closed","ping_status":"closed","sticky":false,"template":"","format":"standard","meta":{"_crdt_document":"","_exactmetrics_skip_tracking":false,"_exactmetrics_sitenote_active":false,"_exactmetrics_sitenote_note":"","_exactmetrics_sitenote_category":0,"footnotes":""},"categories":[17,80,89,88,26,31,1,27,69,65],"tags":[71,72,74,75],"class_list":["post-68416","post","type-post","status-publish","format-standard","has-post-thumbnail","hentry","category-arizona","category-derechos-humanos","category-estados-unidos","category-justicia","category-local","category-politica","category-seguridad","category-sonora","category-ultimas-noticias","category-videos","tag-alfonso-durazo","tag-claudia-sheinbaum","tag-hermosillo","tag-seguridad-publica"],"_links":{"self":[{"href":"https:\/\/elpajaritonews.com\/index.php?rest_route=\/wp\/v2\/posts\/68416","targetHints":{"allow":["GET"]}}],"collection":[{"href":"https:\/\/elpajaritonews.com\/index.php?rest_route=\/wp\/v2\/posts"}],"about":[{"href":"https:\/\/elpajaritonews.com\/index.php?rest_route=\/wp\/v2\/types\/post"}],"author":[{"embeddable":true,"href":"https:\/\/elpajaritonews.com\/index.php?rest_route=\/wp\/v2\/users\/2"}],"replies":[{"embeddable":true,"href":"https:\/\/elpajaritonews.com\/index.php?rest_route=%2Fwp%2Fv2%2Fcomments&post=68416"}],"version-history":[{"count":1,"href":"https:\/\/elpajaritonews.com\/index.php?rest_route=\/wp\/v2\/posts\/68416\/revisions"}],"predecessor-version":[{"id":68418,"href":"https:\/\/elpajaritonews.com\/index.php?rest_route=\/wp\/v2\/posts\/68416\/revisions\/68418"}],"wp:featuredmedia":[{"embeddable":true,"href":"https:\/\/elpajaritonews.com\/index.php?rest_route=\/wp\/v2\/media\/68417"}],"wp:attachment":[{"href":"https:\/\/elpajaritonews.com\/index.php?rest_route=%2Fwp%2Fv2%2Fmedia&parent=68416"}],"wp:term":[{"taxonomy":"category","embeddable":true,"href":"https:\/\/elpajaritonews.com\/index.php?rest_route=%2Fwp%2Fv2%2Fcategories&post=68416"},{"taxonomy":"post_tag","embeddable":true,"href":"https:\/\/elpajaritonews.com\/index.php?rest_route=%2Fwp%2Fv2%2Ftags&post=68416"}],"curies":[{"name":"wp","href":"https:\/\/api.w.org\/{rel}","templated":true}]}}