{"id":68419,"date":"2025-11-05T12:38:30","date_gmt":"2025-11-05T19:38:30","guid":{"rendered":"https:\/\/elpajaritonews.com\/?p=68419"},"modified":"2025-11-05T12:38:32","modified_gmt":"2025-11-05T19:38:32","slug":"fernando-morales-flores-titular-de-proteccion-civil-de-hermosillo-fue-separado-de-su-cargo","status":"publish","type":"post","link":"https:\/\/elpajaritonews.com\/?p=68419","title":{"rendered":"FERNANDO MORALES FLORES, TITULAR DE PROTECCI\u00d3N CIVIL DE HERMOSILLO, FUE SEPARADO DE SU CARGO"},"content":{"rendered":"\n<p class=\"wp-block-paragraph\">Esto, luego del tr\u00e1gico incendio en la tienda Waldo\u2019s, el pasado s\u00e1bado 1 de noviembre.<\/p>\n\n\n\n<p class=\"wp-block-paragraph\">Fernando Morales Flores, titular de la Unidad Municipal de Protecci\u00f3n Civil, fue separado del cargo, anunci\u00f3 el alcalde de Hermosillo, Antonio Astiazar\u00e1n Guti\u00e9rrez.<\/p>\n\n\n\n<p class=\"wp-block-paragraph\">\u201cHe solicitado la separaci\u00f3n del cargo al titular de Protecci\u00f3n Civil, para que desde un espacio de neutralidad pueda seguir colaborando con la investigaci\u00f3n\u201d, indic\u00f3 el alcalde.<\/p>\n\n\n\n<p class=\"wp-block-paragraph\">El presidente municipal expres\u00f3 en su mensaje a trav\u00e9s de redes sociales que \u201cdesde el primer momento, servidores p\u00fablicos municipales se volcaron a atender esta emergencia\u201d.<\/p>\n\n\n\n<p class=\"wp-block-paragraph\">Reconoci\u00f3 la labor de los cuerpos de emergencia, as\u00ed como de los ciudadanos que colaboraron durante el siniestro.<\/p>\n\n\n\n<p class=\"wp-block-paragraph\">La Fiscal\u00eda General del Estado ya est\u00e1 investigando y confiamos en que se llegar\u00e1 a las \u00faltimas consecuencias\u201d, se\u00f1al\u00f3.<\/p>\n\n\n\n<p class=\"wp-block-paragraph\">Finalmente, Antonio Astiazar\u00e1n afirm\u00f3 que \u201cla explosi\u00f3n ocurrida este fin de semana es una tragedia que nos ha dolido a todas y a todos\u201d y reiter\u00f3 que \u201cseguimos trabajando en total coordinaci\u00f3n con el Gobierno del Estado, porque ahora lo m\u00e1s importante es estar del lado de las v\u00edctimas y sus familias para que Hermosillo siga dando lo mejor de s\u00ed\u201d.<\/p>\n\n\n\n<p class=\"wp-block-paragraph\">\u00bfQUI\u00c9N ES EL TITULAR DE PROTECCI\u00d3N CIVIL MUNICIPAL DE HERMOSILLO?<\/p>\n\n\n\n<p class=\"wp-block-paragraph\">Fernando Morales Flores quien fue separado de su cargo frente a la Coordinaci\u00f3n Municipal de Protecci\u00f3n Civil de Hemrosillo se ha desempe\u00f1ado como Diputado federal por la 65 legislatura y diputado local.<\/p>\n\n\n\n<p class=\"wp-block-paragraph\">Asumi\u00f3 el cargo de Coordinador (titular) de Protecci\u00f3n Civil Municipal de Hermosillo a finales de marzo de 2024 hasta la fecha.<\/p>\n\n\n\n<figure class=\"wp-block-embed is-type-rich is-provider-twitter wp-block-embed-twitter\"><div class=\"wp-block-embed__wrapper\">\n<blockquote class=\"twitter-tweet\" data-width=\"550\" data-dnt=\"true\"><p lang=\"es\" dir=\"ltr\">Hermosillo est\u00e1 unido en un sentimiento de luto y solidaridad.<br><br>Nuestra prioridad es acompa\u00f1ar y atender a las v\u00edctimas y sus familias con empat\u00eda y respeto en este momento tan doloroso.<br><br>Estamos trabajando en total coordinaci\u00f3n con el Gobierno del Estado para brindar todo el\u2026 <a href=\"https:\/\/t.co\/2u7FmHcbGF\">pic.twitter.com\/2u7FmHcbGF<\/a><\/p>&mdash; Antonio Astiazar\u00e1n (@tonoastiazaran) <a href=\"https:\/\/twitter.com\/tonoastiazaran\/status\/1986147809209503965?ref_src=twsrc%5Etfw\">November 5, 2025<\/a><\/blockquote><script async src=\"https:\/\/platform.twitter.com\/widgets.js\" charset=\"utf-8\"><\/script>\n<\/div><\/figure>\n","protected":false},"excerpt":{"rendered":"<p>Esto, luego del tr\u00e1gico incendio en la tienda Waldo\u2019s, el pasado s\u00e1bado 1 de noviembre. Fernando Morales Flores, titular de la Unidad Municipal de Protecci\u00f3n Civil, fue separado del cargo, anunci\u00f3 el alcalde de Hermosillo, Antonio Astiazar\u00e1n Guti\u00e9rrez. \u201cHe solicitado la separaci\u00f3n del cargo al titular de Protecci\u00f3n Civil, para que desde un espacio de&#8230;<\/p>\n","protected":false},"author":2,"featured_media":68420,"comment_status":"closed","ping_status":"closed","sticky":false,"template":"","format":"standard","meta":{"_crdt_document":"","_exactmetrics_skip_tracking":false,"_exactmetrics_sitenote_active":false,"_exactmetrics_sitenote_note":"","_exactmetrics_sitenote_category":0,"footnotes":""},"categories":[80,88,26,31,1,27,69,65],"tags":[74,75],"class_list":["post-68419","post","type-post","status-publish","format-standard","has-post-thumbnail","hentry","category-derechos-humanos","category-justicia","category-local","category-politica","category-seguridad","category-sonora","category-ultimas-noticias","category-videos","tag-hermosillo","tag-seguridad-publica"],"_links":{"self":[{"href":"https:\/\/elpajaritonews.com\/index.php?rest_route=\/wp\/v2\/posts\/68419","targetHints":{"allow":["GET"]}}],"collection":[{"href":"https:\/\/elpajaritonews.com\/index.php?rest_route=\/wp\/v2\/posts"}],"about":[{"href":"https:\/\/elpajaritonews.com\/index.php?rest_route=\/wp\/v2\/types\/post"}],"author":[{"embeddable":true,"href":"https:\/\/elpajaritonews.com\/index.php?rest_route=\/wp\/v2\/users\/2"}],"replies":[{"embeddable":true,"href":"https:\/\/elpajaritonews.com\/index.php?rest_route=%2Fwp%2Fv2%2Fcomments&post=68419"}],"version-history":[{"count":1,"href":"https:\/\/elpajaritonews.com\/index.php?rest_route=\/wp\/v2\/posts\/68419\/revisions"}],"predecessor-version":[{"id":68421,"href":"https:\/\/elpajaritonews.com\/index.php?rest_route=\/wp\/v2\/posts\/68419\/revisions\/68421"}],"wp:featuredmedia":[{"embeddable":true,"href":"https:\/\/elpajaritonews.com\/index.php?rest_route=\/wp\/v2\/media\/68420"}],"wp:attachment":[{"href":"https:\/\/elpajaritonews.com\/index.php?rest_route=%2Fwp%2Fv2%2Fmedia&parent=68419"}],"wp:term":[{"taxonomy":"category","embeddable":true,"href":"https:\/\/elpajaritonews.com\/index.php?rest_route=%2Fwp%2Fv2%2Fcategories&post=68419"},{"taxonomy":"post_tag","embeddable":true,"href":"https:\/\/elpajaritonews.com\/index.php?rest_route=%2Fwp%2Fv2%2Ftags&post=68419"}],"curies":[{"name":"wp","href":"https:\/\/api.w.org\/{rel}","templated":true}]}}