{"id":68600,"date":"2025-11-18T12:43:32","date_gmt":"2025-11-18T19:43:32","guid":{"rendered":"https:\/\/elpajaritonews.com\/?p=68600"},"modified":"2025-11-18T12:43:35","modified_gmt":"2025-11-18T19:43:35","slug":"el-gobernador-alfonso-durazo-dio-detalles-de-la-propuesta-del-presupuesto-para-el-2026","status":"publish","type":"post","link":"https:\/\/elpajaritonews.com\/?p=68600","title":{"rendered":"EL GOBERNADOR ALFONSO DURAZO DIO DETALLES DE LA PROPUESTA DEL PRESUPUESTO PARA EL 2026"},"content":{"rendered":"\n<p class=\"wp-block-paragraph\">El gobernador Alfonso Durazo present\u00f3 el Paquete Econ\u00f3mico 2026: un presupuesto que pone en el centro a quienes m\u00e1s lo necesitan.<\/p>\n\n\n\n<p class=\"wp-block-paragraph\">Sin aumentar impuestos, destinamos recursos hist\u00f3ricos a educaci\u00f3n, becas, salud, vivienda y bienestar para seguir reduciendo la pobreza y abrir m\u00e1s oportunidades para todas y todos.<\/p>\n\n\n\n<p class=\"wp-block-paragraph\">La transformaci\u00f3n social de Sonora avanza y sigue dando resultados.<\/p>\n\n\n\n<p class=\"wp-block-paragraph\">\u2022 El Gobernador explic\u00f3 que el presupuesto para el pr\u00f3ximo a\u00f1o est\u00e1 basado en tres pilares fundamentales<\/p>\n\n\n\n<p class=\"wp-block-paragraph\">\u2022 Disciplina Fiscal sin nuevos impuestos, presupuesto con enfoque social y la continuidad de la inversi\u00f3n para el desarrollo regional<\/p>\n\n\n\n<p class=\"wp-block-paragraph\">\u2022 La propuesta enviada asciende a los 92 mil 571 millones de pesos, consolid\u00e1ndose como el presupuesto social m\u00e1s grande en la historia de Sonora<\/p>\n\n\n\n<p class=\"wp-block-paragraph\">\u2022 El presupuesto tiene como prioridad atender a todas y a todos los sonorenses.<\/p>\n\n\n\n<p class=\"wp-block-paragraph\">\u2022 En Educaci\u00f3n se asignaron 30 mil MDP, de ellos Mil millones ser\u00e1n para el programa de Becas Sonora de oportunidades<\/p>\n\n\n\n<p class=\"wp-block-paragraph\">\u2022 M\u00e1s de 12 mil 620 millones de pesos para bienestar en acciones de combate a la pobreza y reforzamiento de programas sociales.<\/p>\n\n\n\n<p class=\"wp-block-paragraph\">\u2022 Para Seguridad P\u00fablica se asignaron 9 mil MDP para reforzar el equipamiento, aumentar el n\u00famero de elementos y continuar con la profesionalizaci\u00f3n de las corporaciones.<\/p>\n\n\n\n<p class=\"wp-block-paragraph\">\u2022 M\u00e1s de mil 284 millones de pesos para transporte, se aumentar\u00e1 el subsidio para mantener las tarifas.<\/p>\n\n\n\n<p class=\"wp-block-paragraph\">\u2022 En protecci\u00f3n civil se aumenta de 96 MDP a 152 millones.<\/p>\n\n\n\n<p class=\"wp-block-paragraph\">\u2022 Para el Sector Salud mil 497 MDP<\/p>\n\n\n\n<p class=\"wp-block-paragraph\">\u2022 En obras de infraestructura 4 mil millones de pesos.<\/p>\n\n\n\n<p class=\"wp-block-paragraph\"><a href=\"https:\/\/twitter.com\/i\/status\/1990850265885651409\">https:\/\/twitter.com\/i\/status\/1990850265885651409<\/a><\/p>\n","protected":false},"excerpt":{"rendered":"<p>El gobernador Alfonso Durazo present\u00f3 el Paquete Econ\u00f3mico 2026: un presupuesto que pone en el centro a quienes m\u00e1s lo necesitan. Sin aumentar impuestos, destinamos recursos hist\u00f3ricos a educaci\u00f3n, becas, salud, vivienda y bienestar para seguir reduciendo la pobreza y abrir m\u00e1s oportunidades para todas y todos. La transformaci\u00f3n social de Sonora avanza y sigue&#8230;<\/p>\n","protected":false},"author":2,"featured_media":68601,"comment_status":"closed","ping_status":"closed","sticky":false,"template":"","format":"standard","meta":{"_crdt_document":"","_exactmetrics_skip_tracking":false,"_exactmetrics_sitenote_active":false,"_exactmetrics_sitenote_note":"","_exactmetrics_sitenote_category":0,"footnotes":""},"categories":[36,33,26,31,32,1,27,69],"tags":[71,74,28,75,30],"class_list":["post-68600","post","type-post","status-publish","format-standard","has-post-thumbnail","hentry","category-economia","category-educacion","category-local","category-politica","category-salud","category-seguridad","category-sonora","category-ultimas-noticias","tag-alfonso-durazo","tag-hermosillo","tag-nogales","tag-seguridad-publica","tag-sonora-tierra-de-oportunidades"],"_links":{"self":[{"href":"https:\/\/elpajaritonews.com\/index.php?rest_route=\/wp\/v2\/posts\/68600","targetHints":{"allow":["GET"]}}],"collection":[{"href":"https:\/\/elpajaritonews.com\/index.php?rest_route=\/wp\/v2\/posts"}],"about":[{"href":"https:\/\/elpajaritonews.com\/index.php?rest_route=\/wp\/v2\/types\/post"}],"author":[{"embeddable":true,"href":"https:\/\/elpajaritonews.com\/index.php?rest_route=\/wp\/v2\/users\/2"}],"replies":[{"embeddable":true,"href":"https:\/\/elpajaritonews.com\/index.php?rest_route=%2Fwp%2Fv2%2Fcomments&post=68600"}],"version-history":[{"count":1,"href":"https:\/\/elpajaritonews.com\/index.php?rest_route=\/wp\/v2\/posts\/68600\/revisions"}],"predecessor-version":[{"id":68602,"href":"https:\/\/elpajaritonews.com\/index.php?rest_route=\/wp\/v2\/posts\/68600\/revisions\/68602"}],"wp:featuredmedia":[{"embeddable":true,"href":"https:\/\/elpajaritonews.com\/index.php?rest_route=\/wp\/v2\/media\/68601"}],"wp:attachment":[{"href":"https:\/\/elpajaritonews.com\/index.php?rest_route=%2Fwp%2Fv2%2Fmedia&parent=68600"}],"wp:term":[{"taxonomy":"category","embeddable":true,"href":"https:\/\/elpajaritonews.com\/index.php?rest_route=%2Fwp%2Fv2%2Fcategories&post=68600"},{"taxonomy":"post_tag","embeddable":true,"href":"https:\/\/elpajaritonews.com\/index.php?rest_route=%2Fwp%2Fv2%2Ftags&post=68600"}],"curies":[{"name":"wp","href":"https:\/\/api.w.org\/{rel}","templated":true}]}}