{"id":68623,"date":"2025-11-19T15:21:58","date_gmt":"2025-11-19T22:21:58","guid":{"rendered":"https:\/\/elpajaritonews.com\/?p=68623"},"modified":"2025-11-19T15:22:00","modified_gmt":"2025-11-19T22:22:00","slug":"mexico-prepara-la-supercomputadora-mas-grande-de-america-latina-servira-para-ia-clima-y-datos-del-sat","status":"publish","type":"post","link":"https:\/\/elpajaritonews.com\/?p=68623","title":{"rendered":"M\u00c9XICO PREPARA LA SUPERCOMPUTADORA M\u00c1S GRANDE DE AM\u00c9RICA LATINA: SERVIR\u00c1 PARA IA, CLIMA Y DATOS DEL SAT"},"content":{"rendered":"\n<p class=\"wp-block-paragraph\">El Gobierno de M\u00e9xico realiz\u00f3 la firma de un convenio de cooperaci\u00f3n con el Barcelona Supercomputing Centre (BSC), considerado uno de los centros de superc\u00f3mputo m\u00e1s avanzados del mundo.<\/p>\n\n\n\n<p class=\"wp-block-paragraph\">El Gobierno de M\u00e9xico realiz\u00f3 la firma de un convenio de cooperaci\u00f3n con el Barcelona Supercomputing Centre (BSC), considerado uno de los centros de superc\u00f3mputo m\u00e1s avanzados del mundo, con el objetivo de acelerar proyectos cient\u00edficos, fortalecer la soberan\u00eda tecnol\u00f3gica y preparar el lanzamiento de la que ser\u00e1 la supercomputadora m\u00e1s grande de Am\u00e9rica Latina, totalmente mexicana.<\/p>\n\n\n\n<figure class=\"wp-block-embed is-type-video is-provider-youtube wp-block-embed-youtube wp-embed-aspect-16-9 wp-has-aspect-ratio\"><div class=\"wp-block-embed__wrapper\">\n<iframe loading=\"lazy\" title=\"Apertura de accesos p\u00fablicos a playas de Tulum. Conferencia presidenta Sheinbaum\" width=\"640\" height=\"360\" src=\"https:\/\/www.youtube.com\/embed\/12Us1g--whs?start=8820&#038;feature=oembed\" frameborder=\"0\" allow=\"accelerometer; autoplay; clipboard-write; encrypted-media; gyroscope; picture-in-picture; web-share\" referrerpolicy=\"strict-origin-when-cross-origin\" allowfullscreen><\/iframe>\n<\/div><\/figure>\n\n\n\n<p class=\"wp-block-paragraph\">Jorge Luis P\u00e9rez Hern\u00e1ndez, coordinador nacional de Infraestructura Digital, confirm\u00f3 que la pr\u00f3xima semana se anunciar\u00e1 formalmente la llegada al pa\u00eds de la supercomputadora m\u00e1s grande del continente.<\/p>\n\n\n\n<p class=\"wp-block-paragraph\">Ser\u00e1 100% mexicana y tendr\u00e1 una diferencia brutal con la m\u00e1s grande actual, que est\u00e1 en el sur del continente y pertenece a una empresa privada\u201d, dijo.<\/p>\n\n\n\n<p class=\"wp-block-paragraph\">Explic\u00f3 que, mientras se construye \u2014proceso que tomar\u00eda entre 24 y 36 meses\u2014 M\u00e9xico utilizar\u00e1 de inmediato capacidad del BSC, lo que permitir\u00e1 comenzar proyectos prioritarios en enero de 2026.<\/p>\n\n\n\n<p class=\"wp-block-paragraph\">Modelos clim\u00e1ticos avanzados, ante la creciente intensidad de fen\u00f3menos meteorol\u00f3gicos.<\/p>\n\n\n\n<p class=\"wp-block-paragraph\">Procesamiento masivo de datos del SAT y aduanas, para mejorar el sem\u00e1foro aduanero.<\/p>\n\n\n\n<p class=\"wp-block-paragraph\">An\u00e1lisis de 2 millones de im\u00e1genes satelitales para agricultura.<\/p>\n\n\n\n<p class=\"wp-block-paragraph\">Entrenamiento de modelos de lenguaje masivo para instituciones federales.<\/p>\n\n\n\n<p class=\"wp-block-paragraph\">\u201cResolver problemas que aqu\u00ed se pueden resolver en horas o d\u00edas, en una computadora normal nos tomar\u00edan a\u00f1os\u201d, explic\u00f3 al detallar la diferencia entre c\u00f3mputo tradicional y superc\u00f3mputo.<\/p>\n\n\n\n<p class=\"wp-block-paragraph\">\u201cEl pa\u00eds que no compute, no compite\u201d<\/p>\n\n\n\n<p class=\"wp-block-paragraph\">Durante su intervenci\u00f3n, Mateo Valero Cort\u00e9s, director del BSC, destac\u00f3 que la cooperaci\u00f3n con M\u00e9xico llega en un momento clave para el desarrollo cient\u00edfico global.<\/p>\n\n\n\n<p class=\"wp-block-paragraph\">Record\u00f3 que el BSC tiene dos d\u00e9cadas de experiencia y actualmente opera el supercomputador MareNostrum 5, clasificado entre los m\u00e1s potentes del mundo:<\/p>\n\n\n\n<p class=\"wp-block-paragraph\">\u201cCada chip es tres veces m\u00e1s r\u00e1pido que todo el MareNostrum que estaba en la capilla; la tecnolog\u00eda ha evolucionado en una velocidad tremenda\u201d, afirm\u00f3, al ejemplificar el salto tecnol\u00f3gico.<\/p>\n\n\n\n<p class=\"wp-block-paragraph\">Valero explic\u00f3 que el centro trabaja en \u00e1reas como gemelos digitales, modelos virtuales de sistemas complejos como el cuerpo humano, ciudades, aparatos circulatorios y fen\u00f3menos clim\u00e1ticos. Tambi\u00e9n resalt\u00f3 su trabajo pionero en protecci\u00f3n de los idiomas, mediante modelos de lenguaje propios que eviten depender de corporaciones como Amazon o Google.<\/p>\n\n\n\n<p class=\"wp-block-paragraph\">\u201cEl pa\u00eds que tenga c\u00e1lculo, computadores y datos propios podr\u00e1 hacer cosas que de otra manera se las har\u00e1n y no ser\u00e1 soberano\u201d, dijo.<\/p>\n\n\n\n<p class=\"wp-block-paragraph\">Jos\u00e9 Antonio Pe\u00f1a Merino, titular de la Agencia de Transformaci\u00f3n Digital y Telecomunicaciones, asegur\u00f3 que el anuncio forma parte del Plan M\u00e9xico, una estrategia nacional para dotar al pa\u00eds de infraestructura propia de superc\u00f3mputo:<\/p>\n\n\n\n<p class=\"wp-block-paragraph\">\u201cLa semana siguiente anunciaremos la creaci\u00f3n de la supercomputadora m\u00e1s grande de Am\u00e9rica Latina\u2026 ser\u00e1 una supercomputadora mexicana\u201d, dijo Pe\u00f1a Merino.<\/p>\n\n\n\n<p class=\"wp-block-paragraph\">A\u00f1adi\u00f3 que el convenio permitir\u00e1 crear, dentro de las instalaciones del BSC, el Centro Mexicano de Superc\u00f3mputo, que operar\u00e1 con soberan\u00eda sobre los datos y permitir\u00e1 resolver desde enero problemas p\u00fablicos urgentes, entre ellos la predicci\u00f3n meteorol\u00f3gica.<\/p>\n","protected":false},"excerpt":{"rendered":"<p>El Gobierno de M\u00e9xico realiz\u00f3 la firma de un convenio de cooperaci\u00f3n con el Barcelona Supercomputing Centre (BSC), considerado uno de los centros de superc\u00f3mputo m\u00e1s avanzados del mundo. El Gobierno de M\u00e9xico realiz\u00f3 la firma de un convenio de cooperaci\u00f3n con el Barcelona Supercomputing Centre (BSC), considerado uno de los centros de superc\u00f3mputo m\u00e1s&#8230;<\/p>\n","protected":false},"author":2,"featured_media":68624,"comment_status":"closed","ping_status":"closed","sticky":false,"template":"","format":"standard","meta":{"_crdt_document":"","_exactmetrics_skip_tracking":false,"_exactmetrics_sitenote_active":false,"_exactmetrics_sitenote_note":"","_exactmetrics_sitenote_category":0,"footnotes":""},"categories":[18,80,36,33,22,88,23,31,1,27,69,65],"tags":[72,75],"class_list":["post-68623","post","type-post","status-publish","format-standard","has-post-thumbnail","hentry","category-ciencia","category-derechos-humanos","category-economia","category-educacion","category-escena","category-justicia","category-mexico","category-politica","category-seguridad","category-sonora","category-ultimas-noticias","category-videos","tag-claudia-sheinbaum","tag-seguridad-publica"],"_links":{"self":[{"href":"https:\/\/elpajaritonews.com\/index.php?rest_route=\/wp\/v2\/posts\/68623","targetHints":{"allow":["GET"]}}],"collection":[{"href":"https:\/\/elpajaritonews.com\/index.php?rest_route=\/wp\/v2\/posts"}],"about":[{"href":"https:\/\/elpajaritonews.com\/index.php?rest_route=\/wp\/v2\/types\/post"}],"author":[{"embeddable":true,"href":"https:\/\/elpajaritonews.com\/index.php?rest_route=\/wp\/v2\/users\/2"}],"replies":[{"embeddable":true,"href":"https:\/\/elpajaritonews.com\/index.php?rest_route=%2Fwp%2Fv2%2Fcomments&post=68623"}],"version-history":[{"count":1,"href":"https:\/\/elpajaritonews.com\/index.php?rest_route=\/wp\/v2\/posts\/68623\/revisions"}],"predecessor-version":[{"id":68625,"href":"https:\/\/elpajaritonews.com\/index.php?rest_route=\/wp\/v2\/posts\/68623\/revisions\/68625"}],"wp:featuredmedia":[{"embeddable":true,"href":"https:\/\/elpajaritonews.com\/index.php?rest_route=\/wp\/v2\/media\/68624"}],"wp:attachment":[{"href":"https:\/\/elpajaritonews.com\/index.php?rest_route=%2Fwp%2Fv2%2Fmedia&parent=68623"}],"wp:term":[{"taxonomy":"category","embeddable":true,"href":"https:\/\/elpajaritonews.com\/index.php?rest_route=%2Fwp%2Fv2%2Fcategories&post=68623"},{"taxonomy":"post_tag","embeddable":true,"href":"https:\/\/elpajaritonews.com\/index.php?rest_route=%2Fwp%2Fv2%2Ftags&post=68623"}],"curies":[{"name":"wp","href":"https:\/\/api.w.org\/{rel}","templated":true}]}}