{"id":68635,"date":"2025-11-20T14:33:03","date_gmt":"2025-11-20T21:33:03","guid":{"rendered":"https:\/\/elpajaritonews.com\/?p=68635"},"modified":"2025-11-20T14:33:05","modified_gmt":"2025-11-20T21:33:05","slug":"avanza-congreso-de-sonora-en-iniciativa-para-dar-prioridad-al-desarrollo-rural","status":"publish","type":"post","link":"https:\/\/elpajaritonews.com\/?p=68635","title":{"rendered":"AVANZA CONGRESO DE SONORA EN INICIATIVA PARA DAR PRIORIDAD AL DESARROLLO RURAL"},"content":{"rendered":"\n<p class=\"wp-block-paragraph\">En reuni\u00f3n de trabajo de la Comisi\u00f3n de Desarrollo Productivo Regional, que preside la diputada Ana Gabriela Tapia Fonllem (PRD), se analiz\u00f3 la iniciativa que busca incluir a las localidades rurales en los Planes Municipales de Desarrollo y reconocer al Programa Municipal de Desarrollo Rural Sustentable como eje rector de la planeaci\u00f3n rural.<\/p>\n\n\n\n<figure class=\"wp-block-embed is-type-video is-provider-youtube wp-block-embed-youtube wp-embed-aspect-16-9 wp-has-aspect-ratio\"><div class=\"wp-block-embed__wrapper\">\n<iframe loading=\"lazy\" title=\"19NOV2025 Comisi\u00f3n Desarrollo Productivo\" width=\"640\" height=\"360\" src=\"https:\/\/www.youtube.com\/embed\/fD5da9wQ3Ic?feature=oembed\" frameborder=\"0\" allow=\"accelerometer; autoplay; clipboard-write; encrypted-media; gyroscope; picture-in-picture; web-share\" referrerpolicy=\"strict-origin-when-cross-origin\" allowfullscreen><\/iframe>\n<\/div><\/figure>\n\n\n\n<p class=\"wp-block-paragraph\">La legisladora Tapia Fonllem puso a consideraci\u00f3n, para su an\u00e1lisis, la iniciativa de decreto presentada por la diputada Rebeca Irene Silva Gallardo y los diputados C\u00e9sar Adalberto Salazar L\u00f3pez y Ferm\u00edn Trujillo Fuentes, todos de Nueva Alianza Sonora, cuyo prop\u00f3sito es reformar diversas leyes locales para fortalecer a las comunidades rurales.<\/p>\n\n\n\n<p class=\"wp-block-paragraph\">Al respecto, el diputado Trujillo Fuentes, promovente de la iniciativa, se\u00f1al\u00f3 que se plantean cambios para fortalecer las actividades primarias, consideradas motores de la econom\u00eda estatal, y para asegurar que las comunidades rurales ejerzan plenamente sus derechos, se reduzca la migraci\u00f3n, accedan a servicios b\u00e1sicos y preserven su identidad cultural.<\/p>\n\n\n\n<p class=\"wp-block-paragraph\">Trujillo Fuentes destac\u00f3 que el objetivo es robustecer la planeaci\u00f3n y el desarrollo municipal con enfoque rural, mediante la obligaci\u00f3n expresa de que todos los Planes Municipales de Desarrollo incorporen la atenci\u00f3n integral a las localidades rurales y reconozcan al Programa Municipal de Desarrollo Rural Sustentable como programa rector en los 72 municipios de la entidad.<\/p>\n\n\n\n<p class=\"wp-block-paragraph\">Durante la reuni\u00f3n, tanto la diputada Tapia Fonllem como la diputada Iris Fernanda S\u00e1nchez Chiu (PRI), y los diputados Pr\u00f3spero Valenzuela M\u00fa\u00f1er (Morena), Rub\u00e9n Refugio Gonz\u00e1lez Aguayo (PT) y Ra\u00fal Gonz\u00e1lez De la Vega (PVEM), coincidieron en que la reforma obliga a los ayuntamientos a incluir a las comunidades rurales en la planeaci\u00f3n y el presupuesto municipal, garantizando que el desarrollo llegue a las regiones rurales de los municipios.<\/p>\n\n\n\n<p class=\"wp-block-paragraph\">La presidenta de la comisi\u00f3n expuso que el an\u00e1lisis continuar\u00e1 en pr\u00f3ximas sesiones de trabajo, a fin de enriquecer el dictamen y dar el tr\u00e1mite legislativo correspondiente.<\/p>\n","protected":false},"excerpt":{"rendered":"<p>En reuni\u00f3n de trabajo de la Comisi\u00f3n de Desarrollo Productivo Regional, que preside la diputada Ana Gabriela Tapia Fonllem (PRD), se analiz\u00f3 la iniciativa que busca incluir a las localidades rurales en los Planes Municipales de Desarrollo y reconocer al Programa Municipal de Desarrollo Rural Sustentable como eje rector de la planeaci\u00f3n rural. La legisladora&#8230;<\/p>\n","protected":false},"author":2,"featured_media":68636,"comment_status":"closed","ping_status":"closed","sticky":false,"template":"","format":"standard","meta":{"_crdt_document":"","_exactmetrics_skip_tracking":false,"_exactmetrics_sitenote_active":false,"_exactmetrics_sitenote_note":"","_exactmetrics_sitenote_category":0,"footnotes":""},"categories":[20,36,31,27,69,65],"tags":[73],"class_list":["post-68635","post","type-post","status-publish","format-standard","has-post-thumbnail","hentry","category-congreso","category-economia","category-politica","category-sonora","category-ultimas-noticias","category-videos","tag-congreso-del-estado-de-sonora"],"_links":{"self":[{"href":"https:\/\/elpajaritonews.com\/index.php?rest_route=\/wp\/v2\/posts\/68635","targetHints":{"allow":["GET"]}}],"collection":[{"href":"https:\/\/elpajaritonews.com\/index.php?rest_route=\/wp\/v2\/posts"}],"about":[{"href":"https:\/\/elpajaritonews.com\/index.php?rest_route=\/wp\/v2\/types\/post"}],"author":[{"embeddable":true,"href":"https:\/\/elpajaritonews.com\/index.php?rest_route=\/wp\/v2\/users\/2"}],"replies":[{"embeddable":true,"href":"https:\/\/elpajaritonews.com\/index.php?rest_route=%2Fwp%2Fv2%2Fcomments&post=68635"}],"version-history":[{"count":1,"href":"https:\/\/elpajaritonews.com\/index.php?rest_route=\/wp\/v2\/posts\/68635\/revisions"}],"predecessor-version":[{"id":68637,"href":"https:\/\/elpajaritonews.com\/index.php?rest_route=\/wp\/v2\/posts\/68635\/revisions\/68637"}],"wp:featuredmedia":[{"embeddable":true,"href":"https:\/\/elpajaritonews.com\/index.php?rest_route=\/wp\/v2\/media\/68636"}],"wp:attachment":[{"href":"https:\/\/elpajaritonews.com\/index.php?rest_route=%2Fwp%2Fv2%2Fmedia&parent=68635"}],"wp:term":[{"taxonomy":"category","embeddable":true,"href":"https:\/\/elpajaritonews.com\/index.php?rest_route=%2Fwp%2Fv2%2Fcategories&post=68635"},{"taxonomy":"post_tag","embeddable":true,"href":"https:\/\/elpajaritonews.com\/index.php?rest_route=%2Fwp%2Fv2%2Ftags&post=68635"}],"curies":[{"name":"wp","href":"https:\/\/api.w.org\/{rel}","templated":true}]}}