{"id":68650,"date":"2025-11-20T15:32:43","date_gmt":"2025-11-20T22:32:43","guid":{"rendered":"https:\/\/elpajaritonews.com\/?p=68650"},"modified":"2025-11-20T15:32:45","modified_gmt":"2025-11-20T22:32:45","slug":"sin-llegar-al-zocalo-concluye-reducida-marcha-de-la-generacion-z-en-la-unam-los-desairan","status":"publish","type":"post","link":"https:\/\/elpajaritonews.com\/?p=68650","title":{"rendered":"SIN LLEGAR AL Z\u00d3CALO CONCLUYE REDUCIDA MARCHA DE LA &#8216;GENERACI\u00d3N Z&#8217;; EN LA UNAM LOS DESAIRAN"},"content":{"rendered":"\n<p class=\"wp-block-paragraph\">Cerca de un centenar de manifestantes, que participan en la segunda marcha de la llamada de Generaci\u00f3n Z, avanzaron desde el \u00c1ngel de la Independencia hasta la esquina de 5 de Mayo y Palma, donde una valla de elementos de la Secretar\u00eda de Seguridad Ciudadana de la CDMX les impidi\u00f3 el paso.&nbsp;<\/p>\n\n\n\n<p class=\"wp-block-paragraph\">Inicialmente la movilizaci\u00f3n s\u00f3lo logr\u00f3 avanzar sobre Paseo de la Reforma hasta la Glorieta de Amajac, donde elementos de Seguridad Ciudadana cerraron el avance.<\/p>\n\n\n\n<p class=\"wp-block-paragraph\">Mientras permanecieron en la Glorieta de las mujeres que luchan, algunos de los manifestantes entonaron el Himno Nacional, mientras otros reprocharon a los polic\u00edas que les cerraran el paso.<\/p>\n\n\n\n<p class=\"wp-block-paragraph\">Una mujer que refiri\u00f3 que acud\u00eda para defender a sus hijos, reclam\u00f3 que \u201csi tuvi\u00e9ramos un gobierno como el de Bukele aqu\u00ed s\u00ed habr\u00eda medicinas\u201d, en referencia al presidente de El Salvador, Nayib Bukele. Otra mujer mostr\u00f3 una pancarta en la que dec\u00eda \u201cS.O.S. USA\u201d y con un mensaje en ingl\u00e9s con el que ped\u00eda la \u201cayuda\u201d de Estados Unidos.<\/p>\n\n\n\n<p class=\"wp-block-paragraph\">Sin embargo, en estos momentos contin\u00faa el desfile con motivo del 20 de Noviembre, justo en el cruce de Paseo de la Reforma y Avenida Ju\u00e1rez.<\/p>\n\n\n\n<p class=\"wp-block-paragraph\">Luego de permanecer ah\u00ed casi dos horas ah\u00ed, alrededor de la 1:30 de la tarde, los elementos policiacos que realizaban el bloqueo se hicieron a un costado. Enseguida el contingente continu\u00f3 su camino rumbo al Z\u00f3calo.<\/p>\n\n\n\n<p class=\"wp-block-paragraph\">A su paso por la Alameda, y el palacio, de Bellas Artes, cientos de personas que se encontraban en la zona centro de la ciudad, los observaban desde los costados.<\/p>\n\n\n\n<p class=\"wp-block-paragraph\">Y tras llegar a la calle de 5 de Mayo, en la esquina con Palma, a una cuadra de la plancha del Z\u00f3calo, elementos policiacos les cortaron nuevamente el paso.<\/p>\n\n\n\n<p class=\"wp-block-paragraph\">Con gritos de \u00ab\u00a1Viva M\u00e9xico!\u00bb y consignas en contra de Morena, el centenar de manifestantes demanda libertad y el derecho a avanzar a la plancha del Z\u00f3calo.&nbsp;<\/p>\n\n\n\n<p class=\"wp-block-paragraph\">La movilizaci\u00f3n transcurri\u00f3 con tranquilidad y estuvo integrada principalmente por adultos y personas de la tercera edad, quienes se han identificado como \u201cpadres\u201d de la Generaci\u00f3n Z. Ha sido notoria la asistencia de medios de comunicaci\u00f3n y vendedores ambulantes que duplican el n\u00famero a los asistentes a la movilizaci\u00f3n.<\/p>\n\n\n\n<p class=\"wp-block-paragraph\">La marcha inici\u00f3 en el \u00c1ngel de la Independencia con apenas una veintena de manifestantes, quienes aseguraron que la falta de asistentes se debe a que la \u201cgente est\u00e1 trabajando\u201d, los manifestantes iniciaron su avance rodeados por casi un centenar de medios de representantes de medios de comunicaci\u00f3n.&nbsp;<\/p>\n\n\n\n<p class=\"wp-block-paragraph\">La falta de manifestantes no impidi\u00f3 que s\u00ed llegaran puntuales a la cita, una decena de vendedores que ofrec\u00edan banderas con la imagen del manga One Piece, sombreros con mo\u00f1o negro y banderas de M\u00e9xico con el rostro de Carlos Manzo.&nbsp;<\/p>\n\n\n\n<p class=\"wp-block-paragraph\">Mientras, en la Universidad Nacional Aut\u00f3noma de M\u00e9xico (UNAM) no hubo ninguna concentraci\u00f3n.&nbsp;&nbsp;&nbsp;<\/p>\n\n\n\n<p class=\"wp-block-paragraph\">A pesar de que convocaron a las 9 de la ma\u00f1ana en el mural de la Biblioteca Central, no lleg\u00f3 absolutamente nadie, lo cual demostr\u00f3 que estudiantes de esta casa de estudios no organizaron esta protesta.&nbsp;<\/p>\n\n\n\n<p class=\"wp-block-paragraph\">Los medios de comunicaci\u00f3n llegaron desde las 8:30 de la ma\u00f1ana, esperando el arribo de los manifestantes, pero hasta las 11:00 horas no se concentr\u00f3 ning\u00fan grupo.&nbsp;<\/p>\n\n\n\n<p class=\"wp-block-paragraph\">El cierre de vialidades por la conmemoraci\u00f3n del 20 de Noviembre y el llamado a la marcha de la generaci\u00f3n Z, provocaron el cierre de vialidades y de estaciones del Metro.&nbsp;<\/p>\n\n\n\n<p class=\"wp-block-paragraph\">En Paseo de la Reforma se mantuvo cerrada la estaci\u00f3n de Garibaldi y las estaciones del Metrob\u00fas l\u00ednea 7 desde Glorieta Violeta.&nbsp;&nbsp;<\/p>\n\n\n\n<p class=\"wp-block-paragraph\">En el sistema de transporte Metro, cerraron las estaciones de cinco l\u00edneas: Z\u00f3calo, Allende, Pino Su\u00e1rez, Hidalgo y Revoluci\u00f3n.&nbsp;<\/p>\n\n\n\n<p class=\"wp-block-paragraph\">En el caso Metrob\u00fas permanecen cerradas las estaciones: Buenavista a Moctezuma. Se cancela ruta norte y ruta sur. Servicio de San L\u00e1zaro a Alameda Oriente Hidalgo a Alameda Tacubaya.&nbsp;<\/p>\n\n\n\n<p class=\"wp-block-paragraph\">Adem\u00e1s del servicio de Mina a Balderas Servicio de Tenayuca a Buenavista y Cuauht\u00e9moc a Pueblo Santa Cruz Atoyac, sin servicio ruta Indios Verdes. Y Plaza de la Rep\u00fablica a Mercado Sonora Sur.<\/p>\n\n\n\n<p class=\"wp-block-paragraph\">De acuerdo con los manifestantes, quienes informaron al resto con ayuda de un meg\u00e1fono, personal del gobierno capitalino se acerc\u00f3 para explicarles que habr\u00eda acceso a la plancha del Z\u00f3calo hasta dentro de seis horas, tras lo cual comenzaron a retirarse.<\/p>\n\n\n\n<p class=\"wp-block-paragraph\">No obstante, un grupo corri\u00f3 para intentar ingresar por el andador Madero, pero se toparon con otro grupo de uniformados. Tras lanzar nuevamente algunas consignas finalmente se retiraron poco antes de las tres de la tarde.<\/p>\n","protected":false},"excerpt":{"rendered":"<p>Cerca de un centenar de manifestantes, que participan en la segunda marcha de la llamada de Generaci\u00f3n Z, avanzaron desde el \u00c1ngel de la Independencia hasta la esquina de 5 de Mayo y Palma, donde una valla de elementos de la Secretar\u00eda de Seguridad Ciudadana de la CDMX les impidi\u00f3 el paso.&nbsp; Inicialmente la movilizaci\u00f3n&#8230;<\/p>\n","protected":false},"author":2,"featured_media":68651,"comment_status":"closed","ping_status":"closed","sticky":false,"template":"","format":"standard","meta":{"_crdt_document":"","_exactmetrics_skip_tracking":false,"_exactmetrics_sitenote_active":false,"_exactmetrics_sitenote_note":"","_exactmetrics_sitenote_category":0,"footnotes":""},"categories":[23,31,1,27,69],"tags":[72,75],"class_list":["post-68650","post","type-post","status-publish","format-standard","has-post-thumbnail","hentry","category-mexico","category-politica","category-seguridad","category-sonora","category-ultimas-noticias","tag-claudia-sheinbaum","tag-seguridad-publica"],"_links":{"self":[{"href":"https:\/\/elpajaritonews.com\/index.php?rest_route=\/wp\/v2\/posts\/68650","targetHints":{"allow":["GET"]}}],"collection":[{"href":"https:\/\/elpajaritonews.com\/index.php?rest_route=\/wp\/v2\/posts"}],"about":[{"href":"https:\/\/elpajaritonews.com\/index.php?rest_route=\/wp\/v2\/types\/post"}],"author":[{"embeddable":true,"href":"https:\/\/elpajaritonews.com\/index.php?rest_route=\/wp\/v2\/users\/2"}],"replies":[{"embeddable":true,"href":"https:\/\/elpajaritonews.com\/index.php?rest_route=%2Fwp%2Fv2%2Fcomments&post=68650"}],"version-history":[{"count":1,"href":"https:\/\/elpajaritonews.com\/index.php?rest_route=\/wp\/v2\/posts\/68650\/revisions"}],"predecessor-version":[{"id":68652,"href":"https:\/\/elpajaritonews.com\/index.php?rest_route=\/wp\/v2\/posts\/68650\/revisions\/68652"}],"wp:featuredmedia":[{"embeddable":true,"href":"https:\/\/elpajaritonews.com\/index.php?rest_route=\/wp\/v2\/media\/68651"}],"wp:attachment":[{"href":"https:\/\/elpajaritonews.com\/index.php?rest_route=%2Fwp%2Fv2%2Fmedia&parent=68650"}],"wp:term":[{"taxonomy":"category","embeddable":true,"href":"https:\/\/elpajaritonews.com\/index.php?rest_route=%2Fwp%2Fv2%2Fcategories&post=68650"},{"taxonomy":"post_tag","embeddable":true,"href":"https:\/\/elpajaritonews.com\/index.php?rest_route=%2Fwp%2Fv2%2Ftags&post=68650"}],"curies":[{"name":"wp","href":"https:\/\/api.w.org\/{rel}","templated":true}]}}