{"id":68659,"date":"2025-11-20T17:29:26","date_gmt":"2025-11-21T00:29:26","guid":{"rendered":"https:\/\/elpajaritonews.com\/?p=68659"},"modified":"2025-11-20T17:29:29","modified_gmt":"2025-11-21T00:29:29","slug":"se-equivocan-quienes-convocan-a-la-violencia-el-odio-y-el-regreso-del-porfirismo-sheinbaum","status":"publish","type":"post","link":"https:\/\/elpajaritonews.com\/?p=68659","title":{"rendered":"SE EQUIVOCAN QUIENES CONVOCAN A LA VIOLENCIA, EL ODIO Y EL REGRESO DEL PORFIRISMO: SHEINBAUM"},"content":{"rendered":"\n<p class=\"wp-block-paragraph\">Tras equiparar al porfirismo con la ultraderecha de ahora, la presidenta Claudia Sheinbaum dijo, durante el discurso inaugural del desfile conmemorativo de la Revoluci\u00f3n Mexicana, que \u201cM\u00e9xico no volver\u00e1 a caminar hacia atr\u00e1s. La paz y la tranquilidad son fruto de la justicia. Por ello no tienen resonancia los discursos que normalizan la violencia como camino, que glorifican la imposici\u00f3n o que pretenden restaurar un pa\u00eds de privilegios para unos cuantos. El que convoca a la violencia se equivoca; el que alienta el odio, se equivoca; el que cree que la fuerza sustituye a la justicia, se equivoca\u201d.<\/p>\n\n\n\n<figure class=\"wp-block-embed is-type-video is-provider-youtube wp-block-embed-youtube wp-embed-aspect-16-9 wp-has-aspect-ratio\"><div class=\"wp-block-embed__wrapper\">\n<iframe loading=\"lazy\" title=\"115 Aniversario de la Revoluci\u00f3n Mexicana. Ciudad de M\u00e9xico\" width=\"640\" height=\"360\" src=\"https:\/\/www.youtube.com\/embed\/Hhmd4Iu8caw?feature=oembed\" frameborder=\"0\" allow=\"accelerometer; autoplay; clipboard-write; encrypted-media; gyroscope; picture-in-picture; web-share\" referrerpolicy=\"strict-origin-when-cross-origin\" allowfullscreen><\/iframe>\n<\/div><\/figure>\n\n\n\n<p class=\"wp-block-paragraph\">Ante su gabinete en pleno y la representaci\u00f3n de las fuerzas armadas con vestimenta de \u00e9poca de la Revoluci\u00f3n, Sheinbaum asever\u00f3 que \u201cel porfiriato de entonces es el mismo al que quieren convocar ahora, al del despojo, exterminio silencioso, al de la esclavitud , al de una prensa callada, a una paz impuesta. Tampoco hay que olvidar el periodo previo al de la actual transformaci\u00f3n 36 a\u00f1os de regresiones, pobreza, desigualdad, corrupci\u00f3n y privilegios , el periodo neoliberal\u201d.<\/p>\n\n\n\n<p class=\"wp-block-paragraph\">La mandataria concentr\u00f3 sus descalificaciones en la ultraderecha, desacreditando su visi\u00f3n de la realidad actual pues \u00abnada bueno puede surgir de quienes han hecho de la corrupci\u00f3n su modo de vida, nada puede esperarse, de algunos medios que usan su espacio para la calumnia, de algunos coment\u00f3cratas que cambian de opini\u00f3n seg\u00fan su conveniencia\u00bb.<\/p>\n\n\n\n<p class=\"wp-block-paragraph\">El largo discurso de Sheinbaum, que incluy\u00f3 las evocaciones a la lucha revolucionaria, posteriormente pas\u00f3 a equiparar el contexto de la Revoluci\u00f3n Mexicana con la realidad actual: \u201cel que cree que las mujeres somos d\u00e9biles, se equivoca; el que cree que la transformaci\u00f3n duerme, se equivoca; el que piensa que las campa\u00f1as de calumnias y mentiras hacen mella en el pueblo y los j\u00f3venes, se equivoca; el que piensa que el pueblo es tonto, se equivoca. M\u00e9xico vive un momento que antes parec\u00eda imposible, hoy el poder ya no se usa para someter sino para servir.\u201d<\/p>\n\n\n\n<p class=\"wp-block-paragraph\">En este marco convoc\u00f3 al pueblo a mantenerse unido porque \u201cnuestra historia lo ha demostrado una y otra vez, cuando caminamos juntos con principios que nos han guiado nada nos detiene. M\u00e9xico avanza m\u00e1s que nunca con un pueblo con dignidad y memoria, avanza por la senda de honestidad, paz y democracia y justicia.\u201d.<\/p>\n\n\n\n<p class=\"wp-block-paragraph\">Sheinbaum fustig\u00f3 a sus cr\u00edticos advirtiendo que hoy las libertades no solo se otorgan desde arriba, \u00abse ejercen desde abajo, desde cada barrio, desde cada comunidad, cada voz que habla con dignidad porque en M\u00e9xico ya nadie es silenciado ni perseguido por pensar distinto, Eso es una conquista del pueblo de M\u00e9xico, el gobierno dej\u00f3 de ser un espacio para unos cuantos, ya no es un club de privilegiados\u00bb.<\/p>\n\n\n\n<p class=\"wp-block-paragraph\">Consider\u00f3 que hoy el gobierno representa a todas a todos, \u00aba quienes estudian, trabajan, comerciantes, j\u00f3venes, ind\u00edgenas y mujeres, pero sobre todo a las y los que menos tienen, los humildes para conseguir su bienestar\u00bb. Afirm\u00f3 que actualmente se acab\u00f3 con la era de lujos en el poder, se gobierna con austeridad, con \u00e9tica , honestidad. \u201cPorque que se oiga bien y fuerte. La autoridad moral no se compra ni con todo el dinero del mundo, se construye a lo largo de la vida con coherencia y convicciones\u201d.<\/p>\n\n\n\n<p class=\"wp-block-paragraph\">Sheinbaum consider\u00f3 que se calumnia a su gobierno \u00abporque saben de nuestra honestidad, saben que no nos vamos a someter a los intereses de quienes antes ostentaban el poder o gozaban de privilegios. Ni a ning\u00fan gobierno o inter\u00e9s extranjeros. Saben que no seremos figuras decorativas o simples instrumentos de quienes estaban acostumbrados a robar y concentrar el poder econ\u00f3mico y pol\u00edtico del pa\u00eds\u00bb.<\/p>\n\n\n\n<p class=\"wp-block-paragraph\">En su oportunidad, el secretario de la Defensa Nacional, Ricardo Trevilla destac\u00f3 que la Revoluci\u00f3n mexicana fue el origen del ej\u00e9rcito y la fuerza a\u00e9rea proporcion\u00e1ndoles, identidad hist\u00f3rica, y una esencia eminentemente social que permanece hasta nuestros d\u00edas.<\/p>\n\n\n\n<p class=\"wp-block-paragraph\">Posteriormente, destac\u00f3 que el Plan DNIII del Ej\u00e9rcito es un referente a nivel internacional, desde su creaci\u00f3n, se ha aplicado en innumerable eventos, como la reciente emergencia, provocada por las lluvias en diversos estados del pa\u00eds, en donde la fuerza a\u00e9rea mexicana, estableci\u00f3 el mayor puente a\u00e9reo que se ha registrado en M\u00e9xico con 23 aeronaves utilizadas para transportar v\u00edveres y comida.&nbsp;<\/p>\n\n\n\n<p class=\"wp-block-paragraph\">Encabeza el desfile por el 115 aniversario del inicio de la Revoluci\u00f3n.<\/p>\n\n\n\n<p class=\"wp-block-paragraph\">Desde el Z\u00f3calo de la Ciudad de M\u00e9xico, la mandataria pasa revista a miles de integrantes de las fuerzas armadas para conmemorar el inicio de aquella gesta, con la cual se rompieron 34 a\u00f1os de dictadura de Porfirio D\u00edaz.<\/p>\n\n\n\n<p class=\"wp-block-paragraph\">GALER\u00cdA: Celebran el Desfile C\u00edvico Militar por al 115 Aniversario del inicio de la Revoluci\u00f3n Mexicana<\/p>\n\n\n\n<p class=\"wp-block-paragraph\">Muy temprano, las calles aleda\u00f1as al primer cuadro de la ciudad se vieron llenas de miles de polic\u00edas que resguardaban el entorno. El operativo fue mayor al de a\u00f1os anteriores, esto debido que en redes sociales circularon convocatorias para una nueva marcha autodenominada \u201cde la Generaci\u00f3n Z\u201d.<\/p>\n\n\n\n<p class=\"wp-block-paragraph\">Debido a ello, tambi\u00e9n por primera ocasi\u00f3n en a\u00f1os el desfile acort\u00f3 su ruta y en lugar de concluir en Campo Marte, terminar\u00e1 en el Monumento a la Revoluci\u00f3n.<\/p>\n","protected":false},"excerpt":{"rendered":"<p>Tras equiparar al porfirismo con la ultraderecha de ahora, la presidenta Claudia Sheinbaum dijo, durante el discurso inaugural del desfile conmemorativo de la Revoluci\u00f3n Mexicana, que \u201cM\u00e9xico no volver\u00e1 a caminar hacia atr\u00e1s. La paz y la tranquilidad son fruto de la justicia. Por ello no tienen resonancia los discursos que normalizan la violencia como&#8230;<\/p>\n","protected":false},"author":2,"featured_media":68660,"comment_status":"closed","ping_status":"closed","sticky":false,"template":"","format":"standard","meta":{"_crdt_document":"","_exactmetrics_skip_tracking":false,"_exactmetrics_sitenote_active":false,"_exactmetrics_sitenote_note":"","_exactmetrics_sitenote_category":0,"footnotes":""},"categories":[23,82,31,1,27,69,65],"tags":[72,75],"class_list":["post-68659","post","type-post","status-publish","format-standard","has-post-thumbnail","hentry","category-mexico","category-poder-judicial","category-politica","category-seguridad","category-sonora","category-ultimas-noticias","category-videos","tag-claudia-sheinbaum","tag-seguridad-publica"],"_links":{"self":[{"href":"https:\/\/elpajaritonews.com\/index.php?rest_route=\/wp\/v2\/posts\/68659","targetHints":{"allow":["GET"]}}],"collection":[{"href":"https:\/\/elpajaritonews.com\/index.php?rest_route=\/wp\/v2\/posts"}],"about":[{"href":"https:\/\/elpajaritonews.com\/index.php?rest_route=\/wp\/v2\/types\/post"}],"author":[{"embeddable":true,"href":"https:\/\/elpajaritonews.com\/index.php?rest_route=\/wp\/v2\/users\/2"}],"replies":[{"embeddable":true,"href":"https:\/\/elpajaritonews.com\/index.php?rest_route=%2Fwp%2Fv2%2Fcomments&post=68659"}],"version-history":[{"count":1,"href":"https:\/\/elpajaritonews.com\/index.php?rest_route=\/wp\/v2\/posts\/68659\/revisions"}],"predecessor-version":[{"id":68661,"href":"https:\/\/elpajaritonews.com\/index.php?rest_route=\/wp\/v2\/posts\/68659\/revisions\/68661"}],"wp:featuredmedia":[{"embeddable":true,"href":"https:\/\/elpajaritonews.com\/index.php?rest_route=\/wp\/v2\/media\/68660"}],"wp:attachment":[{"href":"https:\/\/elpajaritonews.com\/index.php?rest_route=%2Fwp%2Fv2%2Fmedia&parent=68659"}],"wp:term":[{"taxonomy":"category","embeddable":true,"href":"https:\/\/elpajaritonews.com\/index.php?rest_route=%2Fwp%2Fv2%2Fcategories&post=68659"},{"taxonomy":"post_tag","embeddable":true,"href":"https:\/\/elpajaritonews.com\/index.php?rest_route=%2Fwp%2Fv2%2Ftags&post=68659"}],"curies":[{"name":"wp","href":"https:\/\/api.w.org\/{rel}","templated":true}]}}