{"id":68703,"date":"2025-11-21T23:48:42","date_gmt":"2025-11-22T06:48:42","guid":{"rendered":"https:\/\/elpajaritonews.com\/?p=68703"},"modified":"2025-11-21T23:48:44","modified_gmt":"2025-11-22T06:48:44","slug":"la-republicana-y-maga-marjorie-taylor-greene-renuncia-a-su-escano-tras-choque-con-trump-por-caso-epstein","status":"publish","type":"post","link":"https:\/\/elpajaritonews.com\/?p=68703","title":{"rendered":"LA REPUBLICANA Y MAGA MARJORIE TAYLOR GREENE RENUNCIA A SU ESCA\u00d1O TRAS CHOQUE CON TRUMP POR CASO EPSTEIN"},"content":{"rendered":"\n<p class=\"wp-block-paragraph\">La representante republicana de Georgia, Marjorie Taylor Greene, anunci\u00f3 este viernes que renunciar\u00e1 a su esca\u00f1o en la C\u00e1mara de Representantes, con efecto a partir del 5 de enero.<\/p>\n\n\n\n<p class=\"wp-block-paragraph\">La legisladora comunic\u00f3 su decisi\u00f3n mediante un video y un mensaje difundidos en su cuenta de X, horas despu\u00e9s de un quiebre p\u00fablico con el presidente Donald Trump.<\/p>\n\n\n\n<p class=\"wp-block-paragraph\">La tensi\u00f3n estall\u00f3 luego de que Trump la criticara por haber respaldado un proyecto de ley que obligaba al Departamento de Justicia a divulgar los archivos de investigaci\u00f3n relacionados con Jeffrey Epstein, el financiero condenado por delitos sexuales.<\/p>\n\n\n\n<p class=\"wp-block-paragraph\">Greene, por su parte, cuestion\u00f3 al mandatario republicano por, seg\u00fan ella, priorizar encuentros con l\u00edderes extranjeros mientras descuida las necesidades internas de los estadunidenses.<\/p>\n\n\n\n<p class=\"wp-block-paragraph\">La salida de Greene marca uno de los episodios m\u00e1s abruptos en la relaci\u00f3n entre la legisladora y el presidente, quienes previamente hab\u00edan mantenido una alianza pol\u00edtica estrecha.<\/p>\n","protected":false},"excerpt":{"rendered":"<p>La representante republicana de Georgia, Marjorie Taylor Greene, anunci\u00f3 este viernes que renunciar\u00e1 a su esca\u00f1o en la C\u00e1mara de Representantes, con efecto a partir del 5 de enero. La legisladora comunic\u00f3 su decisi\u00f3n mediante un video y un mensaje difundidos en su cuenta de X, horas despu\u00e9s de un quiebre p\u00fablico con el presidente&#8230;<\/p>\n","protected":false},"author":2,"featured_media":68704,"comment_status":"closed","ping_status":"closed","sticky":false,"template":"","format":"standard","meta":{"_crdt_document":"","_exactmetrics_skip_tracking":false,"_exactmetrics_sitenote_active":false,"_exactmetrics_sitenote_note":"","_exactmetrics_sitenote_category":0,"footnotes":""},"categories":[17,80,89,88,24,31,1,27,69],"tags":[86,87],"class_list":["post-68703","post","type-post","status-publish","format-standard","has-post-thumbnail","hentry","category-arizona","category-derechos-humanos","category-estados-unidos","category-justicia","category-mundo","category-politica","category-seguridad","category-sonora","category-ultimas-noticias","tag-donald-trump","tag-estados-unidos"],"_links":{"self":[{"href":"https:\/\/elpajaritonews.com\/index.php?rest_route=\/wp\/v2\/posts\/68703","targetHints":{"allow":["GET"]}}],"collection":[{"href":"https:\/\/elpajaritonews.com\/index.php?rest_route=\/wp\/v2\/posts"}],"about":[{"href":"https:\/\/elpajaritonews.com\/index.php?rest_route=\/wp\/v2\/types\/post"}],"author":[{"embeddable":true,"href":"https:\/\/elpajaritonews.com\/index.php?rest_route=\/wp\/v2\/users\/2"}],"replies":[{"embeddable":true,"href":"https:\/\/elpajaritonews.com\/index.php?rest_route=%2Fwp%2Fv2%2Fcomments&post=68703"}],"version-history":[{"count":1,"href":"https:\/\/elpajaritonews.com\/index.php?rest_route=\/wp\/v2\/posts\/68703\/revisions"}],"predecessor-version":[{"id":68705,"href":"https:\/\/elpajaritonews.com\/index.php?rest_route=\/wp\/v2\/posts\/68703\/revisions\/68705"}],"wp:featuredmedia":[{"embeddable":true,"href":"https:\/\/elpajaritonews.com\/index.php?rest_route=\/wp\/v2\/media\/68704"}],"wp:attachment":[{"href":"https:\/\/elpajaritonews.com\/index.php?rest_route=%2Fwp%2Fv2%2Fmedia&parent=68703"}],"wp:term":[{"taxonomy":"category","embeddable":true,"href":"https:\/\/elpajaritonews.com\/index.php?rest_route=%2Fwp%2Fv2%2Fcategories&post=68703"},{"taxonomy":"post_tag","embeddable":true,"href":"https:\/\/elpajaritonews.com\/index.php?rest_route=%2Fwp%2Fv2%2Ftags&post=68703"}],"curies":[{"name":"wp","href":"https:\/\/api.w.org\/{rel}","templated":true}]}}