{"id":68712,"date":"2025-11-22T15:36:47","date_gmt":"2025-11-22T22:36:47","guid":{"rendered":"https:\/\/elpajaritonews.com\/?p=68712"},"modified":"2025-11-22T15:36:50","modified_gmt":"2025-11-22T22:36:50","slug":"participaran-28-ponentes-nacionales-e-internacionales-en-la-semana-de-innovacion-ctrl-h-en-hermosillo","status":"publish","type":"post","link":"https:\/\/elpajaritonews.com\/?p=68712","title":{"rendered":"PARTICIPAR\u00c1N 28 PONENTES NACIONALES E INTERNACIONALES EN LA \u201cSEMANA DE INNOVACI\u00d3N CTRL+ H\u201d EN HERMOSILLO"},"content":{"rendered":"\n<p class=\"wp-block-paragraph\">-El evento convertir\u00e1 a la ciudad en el punto de encuentro de la comunidad tecnol\u00f3gica local, nacional e internacional.<\/p>\n\n\n\n<p class=\"wp-block-paragraph\">Del martes 25 al jueves 28 de noviembre pr\u00f3ximo, Hermosillo ser\u00e1 sede de la Semana de la Innovaci\u00f3n Ctrl+ H, en la que participar\u00e1n como ponentes y talleristas colaboradores de empresas como AWS heros, Google Developer Experts, Amazon, IBM, AstraZeneca, BAT, Finastra y expertos en rob\u00f3tica de Jap\u00f3n.&nbsp;<\/p>\n\n\n\n<p class=\"wp-block-paragraph\">El evento congregar\u00e1 a 28 ponentes nacionales e internacionales, entre ellos Ignacio Mend\u00edvil de Firmamex, quien charlar\u00e1 sobre el tema \u201cEmprendimiento Tecnol\u00f3gico en la era de la IA\u201d, as\u00ed como Moris Dieck y Andr\u00e9s Garza, expertos en negocios como conferencistas.<\/p>\n\n\n\n<p class=\"wp-block-paragraph\">Moris Dieck es asesor financiero, consultor de negocios y creador de contenido mexicano enfocado en la educaci\u00f3n financiera a trav\u00e9s del PodCast \u201cDimes y Billetes\u201d.<\/p>\n\n\n\n<p class=\"wp-block-paragraph\">Oscar Gast\u00e9lum Donnadieu, director de la Agencia Municipal de Desarrollo Econ\u00f3mico (AMDE) moderar\u00e1 el panel \u201cAtracci\u00f3n de inversi\u00f3n y talento en tecnolog\u00edas emergentes\u201d, en el que compartir\u00e1n sus conocimientos y experiencias Jos\u00e9 Miguel Cortes, de 1200 VC. y Mauricio Mora, de InStrag.&nbsp;<\/p>\n\n\n\n<p class=\"wp-block-paragraph\">Ser\u00e1n 4 d\u00edas de sesiones simult\u00e1neas, talleres pr\u00e1cticos, paneles con expertos y espacios de networking, con los que se busca promover experiencias educativas, inspiradoras e interactivas que impulsen la innovaci\u00f3n, el pensamiento cr\u00edtico, el emprendimiento tecnol\u00f3gico y el desarrollo social responsable.<\/p>\n\n\n\n<p class=\"wp-block-paragraph\">Las actividades tendr\u00e1n lugar en instalaciones del Departamento de Matem\u00e1ticas y Centro de las Artes de la Universidad de Sonora y en parque La Ruina.<\/p>\n\n\n\n<p class=\"wp-block-paragraph\">En la organizaci\u00f3n del evento colaboran el Gobierno Municipal de Hermosillo, a trav\u00e9s de la AMDE, Kolab, la Universidad de Sonora, Google Developer Groups y AWS User group Hermosillo, con el objetivo en com\u00fan de hacer accesible el conocimiento sobre tecnolog\u00edas emergentes y fomentar el talento joven.<\/p>\n","protected":false},"excerpt":{"rendered":"<p>-El evento convertir\u00e1 a la ciudad en el punto de encuentro de la comunidad tecnol\u00f3gica local, nacional e internacional. Del martes 25 al jueves 28 de noviembre pr\u00f3ximo, Hermosillo ser\u00e1 sede de la Semana de la Innovaci\u00f3n Ctrl+ H, en la que participar\u00e1n como ponentes y talleristas colaboradores de empresas como AWS heros, Google Developer&#8230;<\/p>\n","protected":false},"author":2,"featured_media":68713,"comment_status":"closed","ping_status":"closed","sticky":false,"template":"","format":"standard","meta":{"_crdt_document":"","_exactmetrics_skip_tracking":false,"_exactmetrics_sitenote_active":false,"_exactmetrics_sitenote_note":"","_exactmetrics_sitenote_category":0,"footnotes":""},"categories":[36,22,26,31,27,84,69],"tags":[74],"class_list":["post-68712","post","type-post","status-publish","format-standard","has-post-thumbnail","hentry","category-economia","category-escena","category-local","category-politica","category-sonora","category-turismo","category-ultimas-noticias","tag-hermosillo"],"_links":{"self":[{"href":"https:\/\/elpajaritonews.com\/index.php?rest_route=\/wp\/v2\/posts\/68712","targetHints":{"allow":["GET"]}}],"collection":[{"href":"https:\/\/elpajaritonews.com\/index.php?rest_route=\/wp\/v2\/posts"}],"about":[{"href":"https:\/\/elpajaritonews.com\/index.php?rest_route=\/wp\/v2\/types\/post"}],"author":[{"embeddable":true,"href":"https:\/\/elpajaritonews.com\/index.php?rest_route=\/wp\/v2\/users\/2"}],"replies":[{"embeddable":true,"href":"https:\/\/elpajaritonews.com\/index.php?rest_route=%2Fwp%2Fv2%2Fcomments&post=68712"}],"version-history":[{"count":1,"href":"https:\/\/elpajaritonews.com\/index.php?rest_route=\/wp\/v2\/posts\/68712\/revisions"}],"predecessor-version":[{"id":68714,"href":"https:\/\/elpajaritonews.com\/index.php?rest_route=\/wp\/v2\/posts\/68712\/revisions\/68714"}],"wp:featuredmedia":[{"embeddable":true,"href":"https:\/\/elpajaritonews.com\/index.php?rest_route=\/wp\/v2\/media\/68713"}],"wp:attachment":[{"href":"https:\/\/elpajaritonews.com\/index.php?rest_route=%2Fwp%2Fv2%2Fmedia&parent=68712"}],"wp:term":[{"taxonomy":"category","embeddable":true,"href":"https:\/\/elpajaritonews.com\/index.php?rest_route=%2Fwp%2Fv2%2Fcategories&post=68712"},{"taxonomy":"post_tag","embeddable":true,"href":"https:\/\/elpajaritonews.com\/index.php?rest_route=%2Fwp%2Fv2%2Ftags&post=68712"}],"curies":[{"name":"wp","href":"https:\/\/api.w.org\/{rel}","templated":true}]}}